{"id":994,"date":"2022-03-01T21:00:44","date_gmt":"2022-03-01T19:00:44","guid":{"rendered":"http:\/\/naturalmentecaceres.com\/?p=994"},"modified":"2022-03-16T20:18:56","modified_gmt":"2022-03-16T18:18:56","slug":"programacion-marzo-2022","status":"publish","type":"post","link":"http:\/\/naturalmentecaceres.com\/index.php\/archivos\/994","title":{"rendered":"Programaci\u00f3n marzo 2022"},"content":{"rendered":"\n<p>Ya puedes reservar tu plaza para participar en las actividades que proponemos para el mes de marzo de 2022.<\/p>\n\n\n\n<p>Todas las actividades son&nbsp;<strong>totalmente gratuitas&nbsp;<\/strong>y para poder participar tan solo tienes que ponerte en contacto con nosotros a trav\u00e9s del&nbsp;<strong>correo reservas@naturalmentecaceres.com&nbsp;<\/strong>y reservar tu plaza, indicando nombre y apellidos de las personas, un n\u00famero de contacto y, si es una actividad familiar, edades de los menores.<\/p>\n\n\n\n<p>La inscripci\u00f3n se har\u00e1 por orden de reserva hasta completar plazas.<\/p>\n\n\n\n<p><em>S\u00edguenos en nuestras redes sociales en Twitter (@naturalmentecc) e Instagram (@naturalmentecaceres)<\/em><\/p>\n\n\n\n<p><\/p>\n\n\n\n<figure class=\"wp-block-image size-large\"><img loading=\"lazy\" decoding=\"async\" width=\"725\" height=\"1024\" src=\"http:\/\/naturalmentecaceres.com\/wp-content\/uploads\/2022\/03\/Actividades-MAR22-Caceres-725x1024.jpg\" alt=\"\" class=\"wp-image-997\" srcset=\"http:\/\/naturalmentecaceres.com\/wp-content\/uploads\/2022\/03\/Actividades-MAR22-Caceres-725x1024.jpg 725w, http:\/\/naturalmentecaceres.com\/wp-content\/uploads\/2022\/03\/Actividades-MAR22-Caceres-212x300.jpg 212w, http:\/\/naturalmentecaceres.com\/wp-content\/uploads\/2022\/03\/Actividades-MAR22-Caceres-768x1085.jpg 768w, http:\/\/naturalmentecaceres.com\/wp-content\/uploads\/2022\/03\/Actividades-MAR22-Caceres-1087x1536.jpg 1087w, http:\/\/naturalmentecaceres.com\/wp-content\/uploads\/2022\/03\/Actividades-MAR22-Caceres-191x270.jpg 191w, http:\/\/naturalmentecaceres.com\/wp-content\/uploads\/2022\/03\/Actividades-MAR22-Caceres.jpg 1123w\" sizes=\"auto, (max-width: 725px) 100vw, 725px\" \/><\/figure>\n","protected":false},"excerpt":{"rendered":"<p>Ya puedes reservar tu plaza para participar en las actividades que proponemos para el mes de marzo de 2022. Todas las actividades son&nbsp;totalmente gratuitas&nbsp;y para poder participar tan solo tienes que ponerte en contacto con nosotros a trav\u00e9s del&nbsp;correo reservas@naturalmentecaceres.com&nbsp;y reservar tu plaza, indicando nombre y apellidos de las personas, un n\u00famero de contacto y, si es una actividad familiar, edades de los menores. La inscripci\u00f3n se har\u00e1 por orden de reserva hasta completar plazas. S\u00edguenos en nuestras redes sociales&#8230;<\/p>\n<p class=\"read-more\"><a class=\"btn btn-default\" href=\"http:\/\/naturalmentecaceres.com\/index.php\/archivos\/994\"> Leer m\u00e1s<span class=\"screen-reader-text\">  Leer m\u00e1s<\/span><\/a><\/p>\n","protected":false},"author":1,"featured_media":0,"comment_status":"open","ping_status":"open","sticky":false,"template":"","format":"standard","meta":{"footnotes":""},"categories":[1],"tags":[45,39,40,41,23,29],"class_list":["post-994","post","type-post","status-publish","format-standard","hentry","category-uncategorized","tag-actividades-adultos-caceres","tag-actividades-de-educacion-ambiental","tag-actividades-de-educacion-ambiental-en-caceres","tag-actividades-familiares-caceres","tag-educacion-ambiental","tag-educacion-ambiental-caceres"],"yoast_head":"<!-- This site is optimized with the Yoast SEO plugin v27.5 - https:\/\/yoast.com\/product\/yoast-seo-wordpress\/ -->\r\n<title>Programaci\u00f3n marzo 2022 - NATURALMENTE C\u00c1CERES<\/title>\r\n<meta name=\"robots\" content=\"index, follow, max-snippet:-1, max-image-preview:large, max-video-preview:-1\" \/>\r\n<link rel=\"canonical\" href=\"http:\/\/naturalmentecaceres.com\/index.php\/archivos\/994\" \/>\r\n<meta property=\"og:locale\" content=\"es_ES\" \/>\r\n<meta property=\"og:type\" content=\"article\" \/>\r\n<meta property=\"og:title\" content=\"Programaci\u00f3n marzo 2022 - NATURALMENTE C\u00c1CERES\" \/>\r\n<meta property=\"og:description\" content=\"Ya puedes reservar tu plaza para participar en las actividades que proponemos para el mes de marzo de 2022. Todas las actividades son&nbsp;totalmente gratuitas&nbsp;y para poder participar tan solo tienes que ponerte en contacto con nosotros a trav\u00e9s del&nbsp;correo reservas@naturalmentecaceres.com&nbsp;y reservar tu plaza, indicando nombre y apellidos de las personas, un n\u00famero de contacto y, si es una actividad familiar, edades de los menores. La inscripci\u00f3n se har\u00e1 por orden de reserva hasta completar plazas. S\u00edguenos en nuestras redes sociales... Leer m\u00e1s Leer m\u00e1s\" \/>\r\n<meta property=\"og:url\" content=\"http:\/\/naturalmentecaceres.com\/index.php\/archivos\/994\" \/>\r\n<meta property=\"og:site_name\" content=\"NATURALMENTE C\u00c1CERES\" \/>\r\n<meta property=\"article:published_time\" content=\"2022-03-01T19:00:44+00:00\" \/>\r\n<meta property=\"article:modified_time\" content=\"2022-03-16T18:18:56+00:00\" \/>\r\n<meta property=\"og:image\" content=\"http:\/\/naturalmentecaceres.com\/wp-content\/uploads\/2022\/03\/Actividades-MAR22-Caceres-725x1024.jpg\" \/>\r\n<meta name=\"author\" content=\"Talher\" \/>\r\n<meta name=\"twitter:card\" content=\"summary_large_image\" \/>\r\n<meta name=\"twitter:creator\" content=\"@naturalmentecc\" \/>\r\n<meta name=\"twitter:site\" content=\"@naturalmentecc\" \/>\r\n<meta name=\"twitter:label1\" content=\"Escrito por\" \/>\n\t<meta name=\"twitter:data1\" content=\"Talher\" \/>\r\n<script type=\"application\/ld+json\" class=\"yoast-schema-graph\">{\"@context\":\"https:\\\/\\\/schema.org\",\"@graph\":[{\"@type\":\"Article\",\"@id\":\"http:\\\/\\\/naturalmentecaceres.com\\\/index.php\\\/archivos\\\/994#article\",\"isPartOf\":{\"@id\":\"http:\\\/\\\/naturalmentecaceres.com\\\/index.php\\\/archivos\\\/994\"},\"author\":{\"name\":\"Talher\",\"@id\":\"http:\\\/\\\/naturalmentecaceres.com\\\/#\\\/schema\\\/person\\\/14e51e6f1f5cc38d27627ad8a8c14340\"},\"headline\":\"Programaci\u00f3n marzo 2022\",\"datePublished\":\"2022-03-01T19:00:44+00:00\",\"dateModified\":\"2022-03-16T18:18:56+00:00\",\"mainEntityOfPage\":{\"@id\":\"http:\\\/\\\/naturalmentecaceres.com\\\/index.php\\\/archivos\\\/994\"},\"wordCount\":102,\"commentCount\":0,\"publisher\":{\"@id\":\"http:\\\/\\\/naturalmentecaceres.com\\\/#organization\"},\"image\":{\"@id\":\"http:\\\/\\\/naturalmentecaceres.com\\\/index.php\\\/archivos\\\/994#primaryimage\"},\"thumbnailUrl\":\"http:\\\/\\\/naturalmentecaceres.com\\\/wp-content\\\/uploads\\\/2022\\\/03\\\/Actividades-MAR22-Caceres-725x1024.jpg\",\"keywords\":[\"actividades adultos c\u00e1ceres\",\"Actividades de educaci\u00f3n ambiental\",\"Actividades de educaci\u00f3n ambiental en C\u00e1ceres\",\"Actividades familiares C\u00e1ceres\",\"educaci\u00f3n ambiental\",\"Educaci\u00f3n ambiental C\u00e1ceres\"],\"articleSection\":[\"Educaci\u00f3n ambiental\"],\"inLanguage\":\"es\",\"potentialAction\":[{\"@type\":\"CommentAction\",\"name\":\"Comment\",\"target\":[\"http:\\\/\\\/naturalmentecaceres.com\\\/index.php\\\/archivos\\\/994#respond\"]}]},{\"@type\":\"WebPage\",\"@id\":\"http:\\\/\\\/naturalmentecaceres.com\\\/index.php\\\/archivos\\\/994\",\"url\":\"http:\\\/\\\/naturalmentecaceres.com\\\/index.php\\\/archivos\\\/994\",\"name\":\"Programaci\u00f3n marzo 2022 - NATURALMENTE C\u00c1CERES\",\"isPartOf\":{\"@id\":\"http:\\\/\\\/naturalmentecaceres.com\\\/#website\"},\"primaryImageOfPage\":{\"@id\":\"http:\\\/\\\/naturalmentecaceres.com\\\/index.php\\\/archivos\\\/994#primaryimage\"},\"image\":{\"@id\":\"http:\\\/\\\/naturalmentecaceres.com\\\/index.php\\\/archivos\\\/994#primaryimage\"},\"thumbnailUrl\":\"http:\\\/\\\/naturalmentecaceres.com\\\/wp-content\\\/uploads\\\/2022\\\/03\\\/Actividades-MAR22-Caceres-725x1024.jpg\",\"datePublished\":\"2022-03-01T19:00:44+00:00\",\"dateModified\":\"2022-03-16T18:18:56+00:00\",\"breadcrumb\":{\"@id\":\"http:\\\/\\\/naturalmentecaceres.com\\\/index.php\\\/archivos\\\/994#breadcrumb\"},\"inLanguage\":\"es\",\"potentialAction\":[{\"@type\":\"ReadAction\",\"target\":[\"http:\\\/\\\/naturalmentecaceres.com\\\/index.php\\\/archivos\\\/994\"]}]},{\"@type\":\"ImageObject\",\"inLanguage\":\"es\",\"@id\":\"http:\\\/\\\/naturalmentecaceres.com\\\/index.php\\\/archivos\\\/994#primaryimage\",\"url\":\"http:\\\/\\\/naturalmentecaceres.com\\\/wp-content\\\/uploads\\\/2022\\\/03\\\/Actividades-MAR22-Caceres.jpg\",\"contentUrl\":\"http:\\\/\\\/naturalmentecaceres.com\\\/wp-content\\\/uploads\\\/2022\\\/03\\\/Actividades-MAR22-Caceres.jpg\",\"width\":1123,\"height\":1587},{\"@type\":\"BreadcrumbList\",\"@id\":\"http:\\\/\\\/naturalmentecaceres.com\\\/index.php\\\/archivos\\\/994#breadcrumb\",\"itemListElement\":[{\"@type\":\"ListItem\",\"position\":1,\"name\":\"Portada\",\"item\":\"http:\\\/\\\/naturalmentecaceres.com\\\/\"},{\"@type\":\"ListItem\",\"position\":2,\"name\":\"Programaci\u00f3n marzo 2022\"}]},{\"@type\":\"WebSite\",\"@id\":\"http:\\\/\\\/naturalmentecaceres.com\\\/#website\",\"url\":\"http:\\\/\\\/naturalmentecaceres.com\\\/\",\"name\":\"NATURALMENTE C\u00c1CERES\",\"description\":\"Web del proyecto de educaci\u00f3n ambiental gestionado por Talher en C\u00e1ceres\",\"publisher\":{\"@id\":\"http:\\\/\\\/naturalmentecaceres.com\\\/#organization\"},\"potentialAction\":[{\"@type\":\"SearchAction\",\"target\":{\"@type\":\"EntryPoint\",\"urlTemplate\":\"http:\\\/\\\/naturalmentecaceres.com\\\/?s={search_term_string}\"},\"query-input\":{\"@type\":\"PropertyValueSpecification\",\"valueRequired\":true,\"valueName\":\"search_term_string\"}}],\"inLanguage\":\"es\"},{\"@type\":\"Organization\",\"@id\":\"http:\\\/\\\/naturalmentecaceres.com\\\/#organization\",\"name\":\"NATURALMENTE C\u00c1CERES\",\"url\":\"http:\\\/\\\/naturalmentecaceres.com\\\/\",\"logo\":{\"@type\":\"ImageObject\",\"inLanguage\":\"es\",\"@id\":\"http:\\\/\\\/naturalmentecaceres.com\\\/#\\\/schema\\\/logo\\\/image\\\/\",\"url\":\"http:\\\/\\\/naturalmentecaceres.com\\\/wp-content\\\/uploads\\\/2023\\\/02\\\/naturalmente.jpg\",\"contentUrl\":\"http:\\\/\\\/naturalmentecaceres.com\\\/wp-content\\\/uploads\\\/2023\\\/02\\\/naturalmente.jpg\",\"width\":1300,\"height\":1237,\"caption\":\"NATURALMENTE C\u00c1CERES\"},\"image\":{\"@id\":\"http:\\\/\\\/naturalmentecaceres.com\\\/#\\\/schema\\\/logo\\\/image\\\/\"},\"sameAs\":[\"https:\\\/\\\/x.com\\\/naturalmentecc\",\"https:\\\/\\\/www.instagram.com\\\/naturalmentecaceres\\\/\"]},{\"@type\":\"Person\",\"@id\":\"http:\\\/\\\/naturalmentecaceres.com\\\/#\\\/schema\\\/person\\\/14e51e6f1f5cc38d27627ad8a8c14340\",\"name\":\"Talher\",\"image\":{\"@type\":\"ImageObject\",\"inLanguage\":\"es\",\"@id\":\"https:\\\/\\\/secure.gravatar.com\\\/avatar\\\/129d2825c3c915f0d6bae5b93b934c74574bbe9aa2bac86aea3884599040250e?s=96&d=mm&r=g\",\"url\":\"https:\\\/\\\/secure.gravatar.com\\\/avatar\\\/129d2825c3c915f0d6bae5b93b934c74574bbe9aa2bac86aea3884599040250e?s=96&d=mm&r=g\",\"contentUrl\":\"https:\\\/\\\/secure.gravatar.com\\\/avatar\\\/129d2825c3c915f0d6bae5b93b934c74574bbe9aa2bac86aea3884599040250e?s=96&d=mm&r=g\",\"caption\":\"Talher\"},\"url\":\"http:\\\/\\\/naturalmentecaceres.com\\\/index.php\\\/archivos\\\/author\\\/talher\"}]}<\/script>\r\n<!-- \/ Yoast SEO plugin. -->","yoast_head_json":{"title":"Programaci\u00f3n marzo 2022 - NATURALMENTE C\u00c1CERES","robots":{"index":"index","follow":"follow","max-snippet":"max-snippet:-1","max-image-preview":"max-image-preview:large","max-video-preview":"max-video-preview:-1"},"canonical":"http:\/\/naturalmentecaceres.com\/index.php\/archivos\/994","og_locale":"es_ES","og_type":"article","og_title":"Programaci\u00f3n marzo 2022 - NATURALMENTE C\u00c1CERES","og_description":"Ya puedes reservar tu plaza para participar en las actividades que proponemos para el mes de marzo de 2022. Todas las actividades son&nbsp;totalmente gratuitas&nbsp;y para poder participar tan solo tienes que ponerte en contacto con nosotros a trav\u00e9s del&nbsp;correo reservas@naturalmentecaceres.com&nbsp;y reservar tu plaza, indicando nombre y apellidos de las personas, un n\u00famero de contacto y, si es una actividad familiar, edades de los menores. La inscripci\u00f3n se har\u00e1 por orden de reserva hasta completar plazas. S\u00edguenos en nuestras redes sociales... Leer m\u00e1s Leer m\u00e1s","og_url":"http:\/\/naturalmentecaceres.com\/index.php\/archivos\/994","og_site_name":"NATURALMENTE C\u00c1CERES","article_published_time":"2022-03-01T19:00:44+00:00","article_modified_time":"2022-03-16T18:18:56+00:00","og_image":[{"url":"http:\/\/naturalmentecaceres.com\/wp-content\/uploads\/2022\/03\/Actividades-MAR22-Caceres-725x1024.jpg","type":"","width":"","height":""}],"author":"Talher","twitter_card":"summary_large_image","twitter_creator":"@naturalmentecc","twitter_site":"@naturalmentecc","twitter_misc":{"Escrito por":"Talher"},"schema":{"@context":"https:\/\/schema.org","@graph":[{"@type":"Article","@id":"http:\/\/naturalmentecaceres.com\/index.php\/archivos\/994#article","isPartOf":{"@id":"http:\/\/naturalmentecaceres.com\/index.php\/archivos\/994"},"author":{"name":"Talher","@id":"http:\/\/naturalmentecaceres.com\/#\/schema\/person\/14e51e6f1f5cc38d27627ad8a8c14340"},"headline":"Programaci\u00f3n marzo 2022","datePublished":"2022-03-01T19:00:44+00:00","dateModified":"2022-03-16T18:18:56+00:00","mainEntityOfPage":{"@id":"http:\/\/naturalmentecaceres.com\/index.php\/archivos\/994"},"wordCount":102,"commentCount":0,"publisher":{"@id":"http:\/\/naturalmentecaceres.com\/#organization"},"image":{"@id":"http:\/\/naturalmentecaceres.com\/index.php\/archivos\/994#primaryimage"},"thumbnailUrl":"http:\/\/naturalmentecaceres.com\/wp-content\/uploads\/2022\/03\/Actividades-MAR22-Caceres-725x1024.jpg","keywords":["actividades adultos c\u00e1ceres","Actividades de educaci\u00f3n ambiental","Actividades de educaci\u00f3n ambiental en C\u00e1ceres","Actividades familiares C\u00e1ceres","educaci\u00f3n ambiental","Educaci\u00f3n ambiental C\u00e1ceres"],"articleSection":["Educaci\u00f3n ambiental"],"inLanguage":"es","potentialAction":[{"@type":"CommentAction","name":"Comment","target":["http:\/\/naturalmentecaceres.com\/index.php\/archivos\/994#respond"]}]},{"@type":"WebPage","@id":"http:\/\/naturalmentecaceres.com\/index.php\/archivos\/994","url":"http:\/\/naturalmentecaceres.com\/index.php\/archivos\/994","name":"Programaci\u00f3n marzo 2022 - NATURALMENTE C\u00c1CERES","isPartOf":{"@id":"http:\/\/naturalmentecaceres.com\/#website"},"primaryImageOfPage":{"@id":"http:\/\/naturalmentecaceres.com\/index.php\/archivos\/994#primaryimage"},"image":{"@id":"http:\/\/naturalmentecaceres.com\/index.php\/archivos\/994#primaryimage"},"thumbnailUrl":"http:\/\/naturalmentecaceres.com\/wp-content\/uploads\/2022\/03\/Actividades-MAR22-Caceres-725x1024.jpg","datePublished":"2022-03-01T19:00:44+00:00","dateModified":"2022-03-16T18:18:56+00:00","breadcrumb":{"@id":"http:\/\/naturalmentecaceres.com\/index.php\/archivos\/994#breadcrumb"},"inLanguage":"es","potentialAction":[{"@type":"ReadAction","target":["http:\/\/naturalmentecaceres.com\/index.php\/archivos\/994"]}]},{"@type":"ImageObject","inLanguage":"es","@id":"http:\/\/naturalmentecaceres.com\/index.php\/archivos\/994#primaryimage","url":"http:\/\/naturalmentecaceres.com\/wp-content\/uploads\/2022\/03\/Actividades-MAR22-Caceres.jpg","contentUrl":"http:\/\/naturalmentecaceres.com\/wp-content\/uploads\/2022\/03\/Actividades-MAR22-Caceres.jpg","width":1123,"height":1587},{"@type":"BreadcrumbList","@id":"http:\/\/naturalmentecaceres.com\/index.php\/archivos\/994#breadcrumb","itemListElement":[{"@type":"ListItem","position":1,"name":"Portada","item":"http:\/\/naturalmentecaceres.com\/"},{"@type":"ListItem","position":2,"name":"Programaci\u00f3n marzo 2022"}]},{"@type":"WebSite","@id":"http:\/\/naturalmentecaceres.com\/#website","url":"http:\/\/naturalmentecaceres.com\/","name":"NATURALMENTE C\u00c1CERES","description":"Web del proyecto de educaci\u00f3n ambiental gestionado por Talher en C\u00e1ceres","publisher":{"@id":"http:\/\/naturalmentecaceres.com\/#organization"},"potentialAction":[{"@type":"SearchAction","target":{"@type":"EntryPoint","urlTemplate":"http:\/\/naturalmentecaceres.com\/?s={search_term_string}"},"query-input":{"@type":"PropertyValueSpecification","valueRequired":true,"valueName":"search_term_string"}}],"inLanguage":"es"},{"@type":"Organization","@id":"http:\/\/naturalmentecaceres.com\/#organization","name":"NATURALMENTE C\u00c1CERES","url":"http:\/\/naturalmentecaceres.com\/","logo":{"@type":"ImageObject","inLanguage":"es","@id":"http:\/\/naturalmentecaceres.com\/#\/schema\/logo\/image\/","url":"http:\/\/naturalmentecaceres.com\/wp-content\/uploads\/2023\/02\/naturalmente.jpg","contentUrl":"http:\/\/naturalmentecaceres.com\/wp-content\/uploads\/2023\/02\/naturalmente.jpg","width":1300,"height":1237,"caption":"NATURALMENTE C\u00c1CERES"},"image":{"@id":"http:\/\/naturalmentecaceres.com\/#\/schema\/logo\/image\/"},"sameAs":["https:\/\/x.com\/naturalmentecc","https:\/\/www.instagram.com\/naturalmentecaceres\/"]},{"@type":"Person","@id":"http:\/\/naturalmentecaceres.com\/#\/schema\/person\/14e51e6f1f5cc38d27627ad8a8c14340","name":"Talher","image":{"@type":"ImageObject","inLanguage":"es","@id":"https:\/\/secure.gravatar.com\/avatar\/129d2825c3c915f0d6bae5b93b934c74574bbe9aa2bac86aea3884599040250e?s=96&d=mm&r=g","url":"https:\/\/secure.gravatar.com\/avatar\/129d2825c3c915f0d6bae5b93b934c74574bbe9aa2bac86aea3884599040250e?s=96&d=mm&r=g","contentUrl":"https:\/\/secure.gravatar.com\/avatar\/129d2825c3c915f0d6bae5b93b934c74574bbe9aa2bac86aea3884599040250e?s=96&d=mm&r=g","caption":"Talher"},"url":"http:\/\/naturalmentecaceres.com\/index.php\/archivos\/author\/talher"}]}},"_links":{"self":[{"href":"http:\/\/naturalmentecaceres.com\/index.php\/wp-json\/wp\/v2\/posts\/994","targetHints":{"allow":["GET"]}}],"collection":[{"href":"http:\/\/naturalmentecaceres.com\/index.php\/wp-json\/wp\/v2\/posts"}],"about":[{"href":"http:\/\/naturalmentecaceres.com\/index.php\/wp-json\/wp\/v2\/types\/post"}],"author":[{"embeddable":true,"href":"http:\/\/naturalmentecaceres.com\/index.php\/wp-json\/wp\/v2\/users\/1"}],"replies":[{"embeddable":true,"href":"http:\/\/naturalmentecaceres.com\/index.php\/wp-json\/wp\/v2\/comments?post=994"}],"version-history":[{"count":2,"href":"http:\/\/naturalmentecaceres.com\/index.php\/wp-json\/wp\/v2\/posts\/994\/revisions"}],"predecessor-version":[{"id":998,"href":"http:\/\/naturalmentecaceres.com\/index.php\/wp-json\/wp\/v2\/posts\/994\/revisions\/998"}],"wp:attachment":[{"href":"http:\/\/naturalmentecaceres.com\/index.php\/wp-json\/wp\/v2\/media?parent=994"}],"wp:term":[{"taxonomy":"category","embeddable":true,"href":"http:\/\/naturalmentecaceres.com\/index.php\/wp-json\/wp\/v2\/categories?post=994"},{"taxonomy":"post_tag","embeddable":true,"href":"http:\/\/naturalmentecaceres.com\/index.php\/wp-json\/wp\/v2\/tags?post=994"}],"curies":[{"name":"wp","href":"https:\/\/api.w.org\/{rel}","templated":true}]}}