{"id":867,"date":"2021-10-28T11:00:00","date_gmt":"2021-10-28T09:00:00","guid":{"rendered":"http:\/\/naturalmentecaceres.com\/?p=867"},"modified":"2021-11-01T19:13:22","modified_gmt":"2021-11-01T17:13:22","slug":"el-ayuntamiento-refuerza-su-compromiso-con-la-educacion-ambiental-y-la-conservacion-del-patrimonio-natural-en-la-nueva-campana-de-naturalmente-caceres","status":"publish","type":"post","link":"http:\/\/naturalmentecaceres.com\/index.php\/archivos\/867","title":{"rendered":"EL AYUNTAMIENTO REFUERZA SU COMPROMISO CON LA EDUCACI\u00d3N AMBIENTAL Y LA CONSERVACI\u00d3N DEL PATRIMONIO NATURAL EN LA NUEVA CAMPA\u00d1A DE NATURALMENTE C\u00c1CERES"},"content":{"rendered":"\n<p><em>Fuente: Ayto. C\u00e1ceres<\/em><\/p>\n\n\n\n<p>El Ayuntamiento y la empresa de parques y jardines Talher han puesto en marcha una nueva edici\u00f3n de Naturalmente C\u00e1ceres, el programa de educaci\u00f3n ambiental que busca dar a conocer el valioso valor del patrimonio natural de la ciudad a trav\u00e9s de la participaci\u00f3n activa de la ciudadan\u00eda.<\/p>\n\n\n\n<p>Naturalmente C\u00e1ceres ofrece numerosas actividades destinadas al p\u00fablico escolar, adulto y familiar. Entre los objetivos de la campa\u00f1a destacan la concienciaci\u00f3n sobre el uso responsable de los espacios verdes urbanos y la difusi\u00f3n de estilos de vida sostenibles a trav\u00e9s de la Educaci\u00f3n para el Desarrollo sostenible y la Agenda 2030.<\/p>\n\n\n\n<figure class=\"wp-block-image size-large\"><img loading=\"lazy\" decoding=\"async\" width=\"1024\" height=\"423\" src=\"http:\/\/naturalmentecaceres.com\/wp-content\/uploads\/2021\/10\/Campana-1024x423.jpg\" alt=\"\" class=\"wp-image-868\" srcset=\"http:\/\/naturalmentecaceres.com\/wp-content\/uploads\/2021\/10\/Campana-1024x423.jpg 1024w, http:\/\/naturalmentecaceres.com\/wp-content\/uploads\/2021\/10\/Campana-300x124.jpg 300w, http:\/\/naturalmentecaceres.com\/wp-content\/uploads\/2021\/10\/Campana-768x317.jpg 768w, http:\/\/naturalmentecaceres.com\/wp-content\/uploads\/2021\/10\/Campana-604x249.jpg 604w, http:\/\/naturalmentecaceres.com\/wp-content\/uploads\/2021\/10\/Campana.jpg 1030w\" sizes=\"auto, (max-width: 1024px) 100vw, 1024px\" \/><figcaption>Presentaci\u00f3n de la campa\u00f1a<\/figcaption><\/figure>\n\n\n\n<p>El concejal de Servicios P\u00fablicos, Andr\u00e9s Licer\u00e1n, ha anunciado que este a\u00f1o como novedad la campa\u00f1a <strong>durar\u00e1 seis meses<\/strong> y no tres como en anteriores ediciones \u201cel programa se desarrollar\u00e1 de octubre hasta marzo, ambos inclusive, y no parar\u00e1 en navidad, habr\u00e1 actividades para el p\u00fablico infantil dentro de la propia campa\u00f1a navide\u00f1a del ayuntamiento. Las ediciones anteriores han sido siempre un \u00e9xito, qued\u00e1ndose gente incluso en lista de espera, esperamos que este a\u00f1o tenga la misma acogida\u201d.<\/p>\n\n\n\n<p>La iniciativa <strong>arrancar\u00e1 el pr\u00f3ximo s\u00e1bado 6 de noviembre&nbsp;<\/strong>con una actividad organizada junto a la Asociaci\u00f3n Limpia C\u00e1ceres, en la que se celebrar\u00e1 <strong>el D\u00eda Mundial de las ciudades<\/strong> con una recogida de residuos en la Sierra de la Mosca, \u201canimamos a todas las familias cacere\u00f1as a que nos acompa\u00f1en y nos ayuden a mantener limpio nuestro ecosistema urbano y a concienciar a los ni\u00f1os y ni\u00f1as sobre la importancia de conservarlo\u201d.<\/p>\n\n\n\n<p>La programaci\u00f3n llegar\u00e1 a<strong> los colegios e institutos de la ciudad<\/strong> con diversas actividades. Se har\u00e1n <strong>itinerarios<\/strong> por cuatro zonas de la ciudad para dar a conocer el patrimonio natural, transcurrir\u00e1n por el <strong>parque del Rodeo, del Pr\u00edncipe y por la Ribera del Marco<\/strong>. Estas actividades se desarrollar\u00e1n de <strong>martes a jueves en horario escolar<\/strong> y ser\u00e1n dinamizadas por expertos educadores ambientales.<\/p>\n\n\n\n<p>El <strong>p\u00fablico adulto puede participar de forma individual <\/strong>o <strong>a trav\u00e9s de colectivos y asociaciones vecinales y culturales<\/strong> en los diferentes <strong>itinerarios guiados<\/strong> que dar\u00e1n a conocer el valioso patrimonio natural de C\u00e1ceres. Estas actividades se desarrollar\u00e1n <strong>los viernes en horario de ma\u00f1ana y de tarde. <\/strong>Se han escogido rutas por el parque del Pr\u00edncipe, por la Ribera del Marco, Paseo Alto, Sierra de la Mosca, Sierra de Aguas Vivas y la Sierrilla, entre otros lugares.<\/p>\n\n\n\n<p>Respecto al <strong>p\u00fablico familiar<\/strong>, podr\u00e1 disfrutar todos <strong>los s\u00e1bados por la ma\u00f1ana<\/strong> de actividades l\u00fadico-educativas para aprender sobre la flora y fauna de las zonas verdes de la ciudad a trav\u00e9s de itinerarios y divertidos talleres. Tambi\u00e9n aprender\u00e1n pautas de vida m\u00e1s sostenibles que fomenten el ahorro de agua y de energ\u00eda y la correcta separaci\u00f3n de los residuos.<\/p>\n\n\n\n<p>Para el p\u00fablico infantil, adem\u00e1s de lo que se lleve a cabo en los centros educativos, el programa organizar\u00e1 <strong>campamentos durante las festividades navide\u00f1as<\/strong> para promover unas celebraciones m\u00e1s sostenibles. En ellos se ense\u00f1ar\u00e1 a construir adornos navide\u00f1os con residuos o a realizar nidos para aves.<\/p>\n\n\n\n<p>Asimismo, habr\u00e1 actividades dirigidas a todos los p\u00fablicos coincidiendo con la celebraci\u00f3n de<strong> festividades ambientales <\/strong>como la Fiesta del \u00c1rbol, el 24 de noviembre o el D\u00eda Internacional de las Monta\u00f1as, el 11 de diciembre. Se celebrar\u00e1n tambi\u00e9n <strong>jornadas de limpieza y plantaci\u00f3n de arbolado <\/strong>bajo el nombre \u2018Me pringo por mi ciudad\u2018.<\/p>\n\n\n\n<p>El responsable de la direcci\u00f3n t\u00e9cnica de educaci\u00f3n ambiental de Talher, Alberto D\u00edez, ha agradecido en la presentaci\u00f3n el constante compromiso del ayuntamiento con la educaci\u00f3n medioambiental y la conservaci\u00f3n del patrimonio natural. D\u00edez ha destacado tambi\u00e9n la gran respuesta de los centros educativos ante el programa, \u201cla acogida en los colegios e institutos ha sido muy positiva, solo quedan algunos d\u00edas libres en enero y febrero. Aquellos centros interesados en acoger el programa &nbsp;a\u00fan pueden contactarnos &nbsp;para que podamos organizar las visitas en las fechas disponibles\u201d.<\/p>\n\n\n\n<p>La <strong>participaci\u00f3n en todas las actividades es gratuita y requiere inscripci\u00f3n previa.<\/strong> La reserva se puede realizar llamando al tel\u00e9fono 686 764 398, o a trav\u00e9s del correo electr\u00f3nico&nbsp;<a href=\"mailto:reservas@naturalmentecaceres.com\">reservas@naturalmentecaceres.com<\/a>, indicando el nombre de la actividad, fecha y el n\u00famero de asistentes. El programa completo se puede consultar en la p\u00e1gina web de&nbsp;<a href=\"http:\/\/naturalmentecaceres.com\/\">naturalmentecaceres.com<\/a>&nbsp;y en sus redes sociales.<\/p>\n","protected":false},"excerpt":{"rendered":"<p>Fuente: Ayto. C\u00e1ceres El Ayuntamiento y la empresa de parques y jardines Talher han puesto en marcha una nueva edici\u00f3n de Naturalmente C\u00e1ceres, el programa de educaci\u00f3n ambiental que busca dar a conocer el valioso valor del patrimonio natural de la ciudad a trav\u00e9s de la participaci\u00f3n activa de la ciudadan\u00eda. Naturalmente C\u00e1ceres ofrece numerosas actividades destinadas al p\u00fablico escolar, adulto y familiar. Entre los objetivos de la campa\u00f1a destacan la concienciaci\u00f3n sobre el uso responsable de los espacios verdes&#8230;<\/p>\n<p class=\"read-more\"><a class=\"btn btn-default\" href=\"http:\/\/naturalmentecaceres.com\/index.php\/archivos\/867\"> Leer m\u00e1s<span class=\"screen-reader-text\">  Leer m\u00e1s<\/span><\/a><\/p>\n","protected":false},"author":1,"featured_media":0,"comment_status":"open","ping_status":"open","sticky":false,"template":"","format":"standard","meta":{"footnotes":""},"categories":[1,4],"tags":[41,42,43,44,29,35,12,7],"class_list":["post-867","post","type-post","status-publish","format-standard","hentry","category-uncategorized","category-noticias","tag-actividades-familiares-caceres","tag-actividades-para-adultos-caceres","tag-actividades-para-centros-educativos-caceres","tag-campamento-navidad-caceres","tag-educacion-ambiental-caceres","tag-naturalmente-caceres","tag-parques-y-jardines-de-caceres","tag-talher"],"yoast_head":"<!-- This site is optimized with the Yoast SEO plugin v27.5 - https:\/\/yoast.com\/product\/yoast-seo-wordpress\/ -->\r\n<title>EL AYUNTAMIENTO REFUERZA SU COMPROMISO CON LA EDUCACI\u00d3N AMBIENTAL Y LA CONSERVACI\u00d3N DEL PATRIMONIO NATURAL EN LA NUEVA CAMPA\u00d1A DE NATURALMENTE C\u00c1CERES - NATURALMENTE C\u00c1CERES<\/title>\r\n<meta name=\"robots\" content=\"index, follow, max-snippet:-1, max-image-preview:large, max-video-preview:-1\" \/>\r\n<link rel=\"canonical\" href=\"http:\/\/naturalmentecaceres.com\/index.php\/archivos\/867\" \/>\r\n<meta property=\"og:locale\" content=\"es_ES\" \/>\r\n<meta property=\"og:type\" content=\"article\" \/>\r\n<meta property=\"og:title\" content=\"EL AYUNTAMIENTO REFUERZA SU COMPROMISO CON LA EDUCACI\u00d3N AMBIENTAL Y LA CONSERVACI\u00d3N DEL PATRIMONIO NATURAL EN LA NUEVA CAMPA\u00d1A DE NATURALMENTE C\u00c1CERES - NATURALMENTE C\u00c1CERES\" \/>\r\n<meta property=\"og:description\" content=\"Fuente: Ayto. C\u00e1ceres El Ayuntamiento y la empresa de parques y jardines Talher han puesto en marcha una nueva edici\u00f3n de Naturalmente C\u00e1ceres, el programa de educaci\u00f3n ambiental que busca dar a conocer el valioso valor del patrimonio natural de la ciudad a trav\u00e9s de la participaci\u00f3n activa de la ciudadan\u00eda. Naturalmente C\u00e1ceres ofrece numerosas actividades destinadas al p\u00fablico escolar, adulto y familiar. Entre los objetivos de la campa\u00f1a destacan la concienciaci\u00f3n sobre el uso responsable de los espacios verdes... Leer m\u00e1s Leer m\u00e1s\" \/>\r\n<meta property=\"og:url\" content=\"http:\/\/naturalmentecaceres.com\/index.php\/archivos\/867\" \/>\r\n<meta property=\"og:site_name\" content=\"NATURALMENTE C\u00c1CERES\" \/>\r\n<meta property=\"article:published_time\" content=\"2021-10-28T09:00:00+00:00\" \/>\r\n<meta property=\"article:modified_time\" content=\"2021-11-01T17:13:22+00:00\" \/>\r\n<meta property=\"og:image\" content=\"http:\/\/naturalmentecaceres.com\/wp-content\/uploads\/2021\/10\/Campana-1024x423.jpg\" \/>\r\n<meta name=\"author\" content=\"Talher\" \/>\r\n<meta name=\"twitter:card\" content=\"summary_large_image\" \/>\r\n<meta name=\"twitter:creator\" content=\"@naturalmentecc\" \/>\r\n<meta name=\"twitter:site\" content=\"@naturalmentecc\" \/>\r\n<meta name=\"twitter:label1\" content=\"Escrito por\" \/>\n\t<meta name=\"twitter:data1\" content=\"Talher\" \/>\n\t<meta name=\"twitter:label2\" content=\"Tiempo de lectura\" \/>\n\t<meta name=\"twitter:data2\" content=\"4 minutos\" \/>\r\n<script type=\"application\/ld+json\" class=\"yoast-schema-graph\">{\"@context\":\"https:\\\/\\\/schema.org\",\"@graph\":[{\"@type\":\"Article\",\"@id\":\"http:\\\/\\\/naturalmentecaceres.com\\\/index.php\\\/archivos\\\/867#article\",\"isPartOf\":{\"@id\":\"http:\\\/\\\/naturalmentecaceres.com\\\/index.php\\\/archivos\\\/867\"},\"author\":{\"name\":\"Talher\",\"@id\":\"http:\\\/\\\/naturalmentecaceres.com\\\/#\\\/schema\\\/person\\\/14e51e6f1f5cc38d27627ad8a8c14340\"},\"headline\":\"EL AYUNTAMIENTO REFUERZA SU COMPROMISO CON LA EDUCACI\u00d3N AMBIENTAL Y LA CONSERVACI\u00d3N DEL PATRIMONIO NATURAL EN LA NUEVA CAMPA\u00d1A DE NATURALMENTE C\u00c1CERES\",\"datePublished\":\"2021-10-28T09:00:00+00:00\",\"dateModified\":\"2021-11-01T17:13:22+00:00\",\"mainEntityOfPage\":{\"@id\":\"http:\\\/\\\/naturalmentecaceres.com\\\/index.php\\\/archivos\\\/867\"},\"wordCount\":816,\"commentCount\":0,\"publisher\":{\"@id\":\"http:\\\/\\\/naturalmentecaceres.com\\\/#organization\"},\"image\":{\"@id\":\"http:\\\/\\\/naturalmentecaceres.com\\\/index.php\\\/archivos\\\/867#primaryimage\"},\"thumbnailUrl\":\"http:\\\/\\\/naturalmentecaceres.com\\\/wp-content\\\/uploads\\\/2021\\\/10\\\/Campana-1024x423.jpg\",\"keywords\":[\"Actividades familiares C\u00e1ceres\",\"Actividades para adultos C\u00e1ceres\",\"Actividades para centros educativos C\u00e1ceres\",\"Campamento navidad C\u00e1ceres\",\"Educaci\u00f3n ambiental C\u00e1ceres\",\"naturalmente c\u00e1ceres\",\"Parques y jardines de C\u00e1ceres\",\"Talher\"],\"articleSection\":[\"Educaci\u00f3n ambiental\",\"Noticias\"],\"inLanguage\":\"es\",\"potentialAction\":[{\"@type\":\"CommentAction\",\"name\":\"Comment\",\"target\":[\"http:\\\/\\\/naturalmentecaceres.com\\\/index.php\\\/archivos\\\/867#respond\"]}]},{\"@type\":\"WebPage\",\"@id\":\"http:\\\/\\\/naturalmentecaceres.com\\\/index.php\\\/archivos\\\/867\",\"url\":\"http:\\\/\\\/naturalmentecaceres.com\\\/index.php\\\/archivos\\\/867\",\"name\":\"EL AYUNTAMIENTO REFUERZA SU COMPROMISO CON LA EDUCACI\u00d3N AMBIENTAL Y LA CONSERVACI\u00d3N DEL PATRIMONIO NATURAL EN LA NUEVA CAMPA\u00d1A DE NATURALMENTE C\u00c1CERES - NATURALMENTE C\u00c1CERES\",\"isPartOf\":{\"@id\":\"http:\\\/\\\/naturalmentecaceres.com\\\/#website\"},\"primaryImageOfPage\":{\"@id\":\"http:\\\/\\\/naturalmentecaceres.com\\\/index.php\\\/archivos\\\/867#primaryimage\"},\"image\":{\"@id\":\"http:\\\/\\\/naturalmentecaceres.com\\\/index.php\\\/archivos\\\/867#primaryimage\"},\"thumbnailUrl\":\"http:\\\/\\\/naturalmentecaceres.com\\\/wp-content\\\/uploads\\\/2021\\\/10\\\/Campana-1024x423.jpg\",\"datePublished\":\"2021-10-28T09:00:00+00:00\",\"dateModified\":\"2021-11-01T17:13:22+00:00\",\"breadcrumb\":{\"@id\":\"http:\\\/\\\/naturalmentecaceres.com\\\/index.php\\\/archivos\\\/867#breadcrumb\"},\"inLanguage\":\"es\",\"potentialAction\":[{\"@type\":\"ReadAction\",\"target\":[\"http:\\\/\\\/naturalmentecaceres.com\\\/index.php\\\/archivos\\\/867\"]}]},{\"@type\":\"ImageObject\",\"inLanguage\":\"es\",\"@id\":\"http:\\\/\\\/naturalmentecaceres.com\\\/index.php\\\/archivos\\\/867#primaryimage\",\"url\":\"http:\\\/\\\/naturalmentecaceres.com\\\/wp-content\\\/uploads\\\/2021\\\/10\\\/Campana.jpg\",\"contentUrl\":\"http:\\\/\\\/naturalmentecaceres.com\\\/wp-content\\\/uploads\\\/2021\\\/10\\\/Campana.jpg\",\"width\":1030,\"height\":425},{\"@type\":\"BreadcrumbList\",\"@id\":\"http:\\\/\\\/naturalmentecaceres.com\\\/index.php\\\/archivos\\\/867#breadcrumb\",\"itemListElement\":[{\"@type\":\"ListItem\",\"position\":1,\"name\":\"Portada\",\"item\":\"http:\\\/\\\/naturalmentecaceres.com\\\/\"},{\"@type\":\"ListItem\",\"position\":2,\"name\":\"EL AYUNTAMIENTO REFUERZA SU COMPROMISO CON LA EDUCACI\u00d3N AMBIENTAL Y LA CONSERVACI\u00d3N DEL PATRIMONIO NATURAL EN LA NUEVA CAMPA\u00d1A DE NATURALMENTE C\u00c1CERES\"}]},{\"@type\":\"WebSite\",\"@id\":\"http:\\\/\\\/naturalmentecaceres.com\\\/#website\",\"url\":\"http:\\\/\\\/naturalmentecaceres.com\\\/\",\"name\":\"NATURALMENTE C\u00c1CERES\",\"description\":\"Web del proyecto de educaci\u00f3n ambiental gestionado por Talher en C\u00e1ceres\",\"publisher\":{\"@id\":\"http:\\\/\\\/naturalmentecaceres.com\\\/#organization\"},\"potentialAction\":[{\"@type\":\"SearchAction\",\"target\":{\"@type\":\"EntryPoint\",\"urlTemplate\":\"http:\\\/\\\/naturalmentecaceres.com\\\/?s={search_term_string}\"},\"query-input\":{\"@type\":\"PropertyValueSpecification\",\"valueRequired\":true,\"valueName\":\"search_term_string\"}}],\"inLanguage\":\"es\"},{\"@type\":\"Organization\",\"@id\":\"http:\\\/\\\/naturalmentecaceres.com\\\/#organization\",\"name\":\"NATURALMENTE C\u00c1CERES\",\"url\":\"http:\\\/\\\/naturalmentecaceres.com\\\/\",\"logo\":{\"@type\":\"ImageObject\",\"inLanguage\":\"es\",\"@id\":\"http:\\\/\\\/naturalmentecaceres.com\\\/#\\\/schema\\\/logo\\\/image\\\/\",\"url\":\"http:\\\/\\\/naturalmentecaceres.com\\\/wp-content\\\/uploads\\\/2023\\\/02\\\/naturalmente.jpg\",\"contentUrl\":\"http:\\\/\\\/naturalmentecaceres.com\\\/wp-content\\\/uploads\\\/2023\\\/02\\\/naturalmente.jpg\",\"width\":1300,\"height\":1237,\"caption\":\"NATURALMENTE C\u00c1CERES\"},\"image\":{\"@id\":\"http:\\\/\\\/naturalmentecaceres.com\\\/#\\\/schema\\\/logo\\\/image\\\/\"},\"sameAs\":[\"https:\\\/\\\/x.com\\\/naturalmentecc\",\"https:\\\/\\\/www.instagram.com\\\/naturalmentecaceres\\\/\"]},{\"@type\":\"Person\",\"@id\":\"http:\\\/\\\/naturalmentecaceres.com\\\/#\\\/schema\\\/person\\\/14e51e6f1f5cc38d27627ad8a8c14340\",\"name\":\"Talher\",\"image\":{\"@type\":\"ImageObject\",\"inLanguage\":\"es\",\"@id\":\"https:\\\/\\\/secure.gravatar.com\\\/avatar\\\/129d2825c3c915f0d6bae5b93b934c74574bbe9aa2bac86aea3884599040250e?s=96&d=mm&r=g\",\"url\":\"https:\\\/\\\/secure.gravatar.com\\\/avatar\\\/129d2825c3c915f0d6bae5b93b934c74574bbe9aa2bac86aea3884599040250e?s=96&d=mm&r=g\",\"contentUrl\":\"https:\\\/\\\/secure.gravatar.com\\\/avatar\\\/129d2825c3c915f0d6bae5b93b934c74574bbe9aa2bac86aea3884599040250e?s=96&d=mm&r=g\",\"caption\":\"Talher\"},\"url\":\"http:\\\/\\\/naturalmentecaceres.com\\\/index.php\\\/archivos\\\/author\\\/talher\"}]}<\/script>\r\n<!-- \/ Yoast SEO plugin. -->","yoast_head_json":{"title":"EL AYUNTAMIENTO REFUERZA SU COMPROMISO CON LA EDUCACI\u00d3N AMBIENTAL Y LA CONSERVACI\u00d3N DEL PATRIMONIO NATURAL EN LA NUEVA CAMPA\u00d1A DE NATURALMENTE C\u00c1CERES - NATURALMENTE C\u00c1CERES","robots":{"index":"index","follow":"follow","max-snippet":"max-snippet:-1","max-image-preview":"max-image-preview:large","max-video-preview":"max-video-preview:-1"},"canonical":"http:\/\/naturalmentecaceres.com\/index.php\/archivos\/867","og_locale":"es_ES","og_type":"article","og_title":"EL AYUNTAMIENTO REFUERZA SU COMPROMISO CON LA EDUCACI\u00d3N AMBIENTAL Y LA CONSERVACI\u00d3N DEL PATRIMONIO NATURAL EN LA NUEVA CAMPA\u00d1A DE NATURALMENTE C\u00c1CERES - NATURALMENTE C\u00c1CERES","og_description":"Fuente: Ayto. C\u00e1ceres El Ayuntamiento y la empresa de parques y jardines Talher han puesto en marcha una nueva edici\u00f3n de Naturalmente C\u00e1ceres, el programa de educaci\u00f3n ambiental que busca dar a conocer el valioso valor del patrimonio natural de la ciudad a trav\u00e9s de la participaci\u00f3n activa de la ciudadan\u00eda. Naturalmente C\u00e1ceres ofrece numerosas actividades destinadas al p\u00fablico escolar, adulto y familiar. Entre los objetivos de la campa\u00f1a destacan la concienciaci\u00f3n sobre el uso responsable de los espacios verdes... Leer m\u00e1s Leer m\u00e1s","og_url":"http:\/\/naturalmentecaceres.com\/index.php\/archivos\/867","og_site_name":"NATURALMENTE C\u00c1CERES","article_published_time":"2021-10-28T09:00:00+00:00","article_modified_time":"2021-11-01T17:13:22+00:00","og_image":[{"url":"http:\/\/naturalmentecaceres.com\/wp-content\/uploads\/2021\/10\/Campana-1024x423.jpg","type":"","width":"","height":""}],"author":"Talher","twitter_card":"summary_large_image","twitter_creator":"@naturalmentecc","twitter_site":"@naturalmentecc","twitter_misc":{"Escrito por":"Talher","Tiempo de lectura":"4 minutos"},"schema":{"@context":"https:\/\/schema.org","@graph":[{"@type":"Article","@id":"http:\/\/naturalmentecaceres.com\/index.php\/archivos\/867#article","isPartOf":{"@id":"http:\/\/naturalmentecaceres.com\/index.php\/archivos\/867"},"author":{"name":"Talher","@id":"http:\/\/naturalmentecaceres.com\/#\/schema\/person\/14e51e6f1f5cc38d27627ad8a8c14340"},"headline":"EL AYUNTAMIENTO REFUERZA SU COMPROMISO CON LA EDUCACI\u00d3N AMBIENTAL Y LA CONSERVACI\u00d3N DEL PATRIMONIO NATURAL EN LA NUEVA CAMPA\u00d1A DE NATURALMENTE C\u00c1CERES","datePublished":"2021-10-28T09:00:00+00:00","dateModified":"2021-11-01T17:13:22+00:00","mainEntityOfPage":{"@id":"http:\/\/naturalmentecaceres.com\/index.php\/archivos\/867"},"wordCount":816,"commentCount":0,"publisher":{"@id":"http:\/\/naturalmentecaceres.com\/#organization"},"image":{"@id":"http:\/\/naturalmentecaceres.com\/index.php\/archivos\/867#primaryimage"},"thumbnailUrl":"http:\/\/naturalmentecaceres.com\/wp-content\/uploads\/2021\/10\/Campana-1024x423.jpg","keywords":["Actividades familiares C\u00e1ceres","Actividades para adultos C\u00e1ceres","Actividades para centros educativos C\u00e1ceres","Campamento navidad C\u00e1ceres","Educaci\u00f3n ambiental C\u00e1ceres","naturalmente c\u00e1ceres","Parques y jardines de C\u00e1ceres","Talher"],"articleSection":["Educaci\u00f3n ambiental","Noticias"],"inLanguage":"es","potentialAction":[{"@type":"CommentAction","name":"Comment","target":["http:\/\/naturalmentecaceres.com\/index.php\/archivos\/867#respond"]}]},{"@type":"WebPage","@id":"http:\/\/naturalmentecaceres.com\/index.php\/archivos\/867","url":"http:\/\/naturalmentecaceres.com\/index.php\/archivos\/867","name":"EL AYUNTAMIENTO REFUERZA SU COMPROMISO CON LA EDUCACI\u00d3N AMBIENTAL Y LA CONSERVACI\u00d3N DEL PATRIMONIO NATURAL EN LA NUEVA CAMPA\u00d1A DE NATURALMENTE C\u00c1CERES - NATURALMENTE C\u00c1CERES","isPartOf":{"@id":"http:\/\/naturalmentecaceres.com\/#website"},"primaryImageOfPage":{"@id":"http:\/\/naturalmentecaceres.com\/index.php\/archivos\/867#primaryimage"},"image":{"@id":"http:\/\/naturalmentecaceres.com\/index.php\/archivos\/867#primaryimage"},"thumbnailUrl":"http:\/\/naturalmentecaceres.com\/wp-content\/uploads\/2021\/10\/Campana-1024x423.jpg","datePublished":"2021-10-28T09:00:00+00:00","dateModified":"2021-11-01T17:13:22+00:00","breadcrumb":{"@id":"http:\/\/naturalmentecaceres.com\/index.php\/archivos\/867#breadcrumb"},"inLanguage":"es","potentialAction":[{"@type":"ReadAction","target":["http:\/\/naturalmentecaceres.com\/index.php\/archivos\/867"]}]},{"@type":"ImageObject","inLanguage":"es","@id":"http:\/\/naturalmentecaceres.com\/index.php\/archivos\/867#primaryimage","url":"http:\/\/naturalmentecaceres.com\/wp-content\/uploads\/2021\/10\/Campana.jpg","contentUrl":"http:\/\/naturalmentecaceres.com\/wp-content\/uploads\/2021\/10\/Campana.jpg","width":1030,"height":425},{"@type":"BreadcrumbList","@id":"http:\/\/naturalmentecaceres.com\/index.php\/archivos\/867#breadcrumb","itemListElement":[{"@type":"ListItem","position":1,"name":"Portada","item":"http:\/\/naturalmentecaceres.com\/"},{"@type":"ListItem","position":2,"name":"EL AYUNTAMIENTO REFUERZA SU COMPROMISO CON LA EDUCACI\u00d3N AMBIENTAL Y LA CONSERVACI\u00d3N DEL PATRIMONIO NATURAL EN LA NUEVA CAMPA\u00d1A DE NATURALMENTE C\u00c1CERES"}]},{"@type":"WebSite","@id":"http:\/\/naturalmentecaceres.com\/#website","url":"http:\/\/naturalmentecaceres.com\/","name":"NATURALMENTE C\u00c1CERES","description":"Web del proyecto de educaci\u00f3n ambiental gestionado por Talher en C\u00e1ceres","publisher":{"@id":"http:\/\/naturalmentecaceres.com\/#organization"},"potentialAction":[{"@type":"SearchAction","target":{"@type":"EntryPoint","urlTemplate":"http:\/\/naturalmentecaceres.com\/?s={search_term_string}"},"query-input":{"@type":"PropertyValueSpecification","valueRequired":true,"valueName":"search_term_string"}}],"inLanguage":"es"},{"@type":"Organization","@id":"http:\/\/naturalmentecaceres.com\/#organization","name":"NATURALMENTE C\u00c1CERES","url":"http:\/\/naturalmentecaceres.com\/","logo":{"@type":"ImageObject","inLanguage":"es","@id":"http:\/\/naturalmentecaceres.com\/#\/schema\/logo\/image\/","url":"http:\/\/naturalmentecaceres.com\/wp-content\/uploads\/2023\/02\/naturalmente.jpg","contentUrl":"http:\/\/naturalmentecaceres.com\/wp-content\/uploads\/2023\/02\/naturalmente.jpg","width":1300,"height":1237,"caption":"NATURALMENTE C\u00c1CERES"},"image":{"@id":"http:\/\/naturalmentecaceres.com\/#\/schema\/logo\/image\/"},"sameAs":["https:\/\/x.com\/naturalmentecc","https:\/\/www.instagram.com\/naturalmentecaceres\/"]},{"@type":"Person","@id":"http:\/\/naturalmentecaceres.com\/#\/schema\/person\/14e51e6f1f5cc38d27627ad8a8c14340","name":"Talher","image":{"@type":"ImageObject","inLanguage":"es","@id":"https:\/\/secure.gravatar.com\/avatar\/129d2825c3c915f0d6bae5b93b934c74574bbe9aa2bac86aea3884599040250e?s=96&d=mm&r=g","url":"https:\/\/secure.gravatar.com\/avatar\/129d2825c3c915f0d6bae5b93b934c74574bbe9aa2bac86aea3884599040250e?s=96&d=mm&r=g","contentUrl":"https:\/\/secure.gravatar.com\/avatar\/129d2825c3c915f0d6bae5b93b934c74574bbe9aa2bac86aea3884599040250e?s=96&d=mm&r=g","caption":"Talher"},"url":"http:\/\/naturalmentecaceres.com\/index.php\/archivos\/author\/talher"}]}},"_links":{"self":[{"href":"http:\/\/naturalmentecaceres.com\/index.php\/wp-json\/wp\/v2\/posts\/867","targetHints":{"allow":["GET"]}}],"collection":[{"href":"http:\/\/naturalmentecaceres.com\/index.php\/wp-json\/wp\/v2\/posts"}],"about":[{"href":"http:\/\/naturalmentecaceres.com\/index.php\/wp-json\/wp\/v2\/types\/post"}],"author":[{"embeddable":true,"href":"http:\/\/naturalmentecaceres.com\/index.php\/wp-json\/wp\/v2\/users\/1"}],"replies":[{"embeddable":true,"href":"http:\/\/naturalmentecaceres.com\/index.php\/wp-json\/wp\/v2\/comments?post=867"}],"version-history":[{"count":2,"href":"http:\/\/naturalmentecaceres.com\/index.php\/wp-json\/wp\/v2\/posts\/867\/revisions"}],"predecessor-version":[{"id":871,"href":"http:\/\/naturalmentecaceres.com\/index.php\/wp-json\/wp\/v2\/posts\/867\/revisions\/871"}],"wp:attachment":[{"href":"http:\/\/naturalmentecaceres.com\/index.php\/wp-json\/wp\/v2\/media?parent=867"}],"wp:term":[{"taxonomy":"category","embeddable":true,"href":"http:\/\/naturalmentecaceres.com\/index.php\/wp-json\/wp\/v2\/categories?post=867"},{"taxonomy":"post_tag","embeddable":true,"href":"http:\/\/naturalmentecaceres.com\/index.php\/wp-json\/wp\/v2\/tags?post=867"}],"curies":[{"name":"wp","href":"https:\/\/api.w.org\/{rel}","templated":true}]}}