{"id":778,"date":"2021-09-27T23:00:00","date_gmt":"2021-09-27T21:00:00","guid":{"rendered":"http:\/\/naturalmentecaceres.com\/?p=778"},"modified":"2021-09-24T09:32:14","modified_gmt":"2021-09-24T07:32:14","slug":"parques-y-jardines-de-caceres-como-se-trata-el-cesped-de-caceres-de-manera-ecologica","status":"publish","type":"post","link":"http:\/\/naturalmentecaceres.com\/index.php\/archivos\/778","title":{"rendered":"Parques y jardines de C\u00e1ceres: \u00bfC\u00f3mo se trata el c\u00e9sped de manera ecol\u00f3gica?"},"content":{"rendered":"\n<h1 class=\"wp-block-heading\"><\/h1>\n\n\n\n<p>Si das un paseo por los <strong>parques y jardines de C\u00e1ceres<\/strong>, podr\u00e1s ver algo en com\u00fan:<strong> el c\u00e9sped.<\/strong> Mantenerlo en buen estado no es tarea f\u00e1cil y mucho m\u00e1s si pensamos en las much\u00edsimas zonas p\u00fablicas y particulares donde est\u00e1. \u00bfSab\u00edas que C\u00e1ceres tiene 397.000 m2 de nuestro amigo verde? Esto supone mucho mantenimiento, especialmente su siega.<\/p>\n\n\n\n<p>Pero, \u00bfc\u00f3mo Talher mantiene el c\u00e9sped de C\u00e1ceres para que luzca siempre tan verde y bonito de manera <strong>sostenible con el medioambiente<\/strong>?<\/p>\n\n\n\n<p>Como cualquier ser vivo verde de C\u00e1ceres, siempre lo mejor es <strong>lo m\u00e1s natural<\/strong>, aunque esto requiera de mucho trabajo por parte de los operarios y operarias de la ciudad. Para ello y aunque a veces sean ruidosas, Talher emplea m<strong>\u00e1quinas especiales<\/strong>, sostenibles, que fomentan la \u201ceconom\u00eda circular\u201d y ayudan a mantener el c\u00e9sped de manera natural.<\/p>\n\n\n\n<p>Son m\u00e1quinas especiales que se utilizan en el d\u00eda a d\u00eda y que favorece la <strong>sostenibilidad<\/strong> debido a que los restos cortados se quedan en el espacio para que se conviertan en abono. As\u00ed el propio c\u00e9sped cortado mantiene la humedad y se convierte en <strong>fertilizante natural<\/strong>, siendo una manera de poner en pr\u00e1ctica la econom\u00eda circular. Esto es muy beneficioso para las zonas verdes de C\u00e1ceres y el medio ambiente porque se evita el uso de futuros residuos como las bolsas de pl\u00e1stico o el propio c\u00e9sped y se reduce la emisi\u00f3n de CO2, ya que el desbroce cortado no se convierte en un residuo que hay que transportar en camiones hasta un vertedero.<\/p>\n\n\n\n<p>Estas m\u00e1quinas son gran tama\u00f1o lo que permiten hacer m\u00e1s cortes de c\u00e9sped en menos tiempo promoviendo <strong>mayor eficacia,<\/strong> as\u00ed como la reducci\u00f3n de consumo, di\u00f3xido de carbono e incluso el ruido, ya que una sola m\u00e1quina puede hacer el trabajo de varias m\u00e1s peque\u00f1as.<\/p>\n\n\n\n<p>Contin\u00faa pendiente de nuestras redes sociales en Facebook, Twitter e Instagram, as\u00ed como nuestra Web para conocer el patrimonio natural de C\u00e1ceres.<\/p>\n","protected":false},"excerpt":{"rendered":"<p>Si das un paseo por los parques y jardines de C\u00e1ceres, podr\u00e1s ver algo en com\u00fan: el c\u00e9sped. Mantenerlo en buen estado no es tarea f\u00e1cil y mucho m\u00e1s si pensamos en las much\u00edsimas zonas p\u00fablicas y particulares donde est\u00e1. \u00bfSab\u00edas que C\u00e1ceres tiene 397.000 m2 de nuestro amigo verde? Esto supone mucho mantenimiento, especialmente su siega. Pero, \u00bfc\u00f3mo Talher mantiene el c\u00e9sped de C\u00e1ceres para que luzca siempre tan verde y bonito de manera sostenible con el medioambiente? Como&#8230;<\/p>\n<p class=\"read-more\"><a class=\"btn btn-default\" href=\"http:\/\/naturalmentecaceres.com\/index.php\/archivos\/778\"> Leer m\u00e1s<span class=\"screen-reader-text\">  Leer m\u00e1s<\/span><\/a><\/p>\n","protected":false},"author":1,"featured_media":0,"comment_status":"open","ping_status":"open","sticky":false,"template":"","format":"standard","meta":{"footnotes":""},"categories":[1,14],"tags":[23,6,12,7],"class_list":["post-778","post","type-post","status-publish","format-standard","hentry","category-uncategorized","category-parquesyjardines","tag-educacion-ambiental","tag-parques-y-jadines","tag-parques-y-jardines-de-caceres","tag-talher"],"yoast_head":"<!-- This site is optimized with the Yoast SEO plugin v27.5 - https:\/\/yoast.com\/product\/yoast-seo-wordpress\/ -->\r\n<title>Parques y jardines de C\u00e1ceres: \u00bfC\u00f3mo se trata el c\u00e9sped de manera ecol\u00f3gica? - NATURALMENTE C\u00c1CERES<\/title>\r\n<meta name=\"robots\" content=\"index, follow, max-snippet:-1, max-image-preview:large, max-video-preview:-1\" \/>\r\n<link rel=\"canonical\" href=\"http:\/\/naturalmentecaceres.com\/index.php\/archivos\/778\" \/>\r\n<meta property=\"og:locale\" content=\"es_ES\" \/>\r\n<meta property=\"og:type\" content=\"article\" \/>\r\n<meta property=\"og:title\" content=\"Parques y jardines de C\u00e1ceres: \u00bfC\u00f3mo se trata el c\u00e9sped de manera ecol\u00f3gica? - NATURALMENTE C\u00c1CERES\" \/>\r\n<meta property=\"og:description\" content=\"Si das un paseo por los parques y jardines de C\u00e1ceres, podr\u00e1s ver algo en com\u00fan: el c\u00e9sped. Mantenerlo en buen estado no es tarea f\u00e1cil y mucho m\u00e1s si pensamos en las much\u00edsimas zonas p\u00fablicas y particulares donde est\u00e1. \u00bfSab\u00edas que C\u00e1ceres tiene 397.000 m2 de nuestro amigo verde? Esto supone mucho mantenimiento, especialmente su siega. Pero, \u00bfc\u00f3mo Talher mantiene el c\u00e9sped de C\u00e1ceres para que luzca siempre tan verde y bonito de manera sostenible con el medioambiente? Como... Leer m\u00e1s Leer m\u00e1s\" \/>\r\n<meta property=\"og:url\" content=\"http:\/\/naturalmentecaceres.com\/index.php\/archivos\/778\" \/>\r\n<meta property=\"og:site_name\" content=\"NATURALMENTE C\u00c1CERES\" \/>\r\n<meta property=\"article:published_time\" content=\"2021-09-27T21:00:00+00:00\" \/>\r\n<meta name=\"author\" content=\"Talher\" \/>\r\n<meta name=\"twitter:card\" content=\"summary_large_image\" \/>\r\n<meta name=\"twitter:creator\" content=\"@naturalmentecc\" \/>\r\n<meta name=\"twitter:site\" content=\"@naturalmentecc\" \/>\r\n<meta name=\"twitter:label1\" content=\"Escrito por\" \/>\n\t<meta name=\"twitter:data1\" content=\"Talher\" \/>\n\t<meta name=\"twitter:label2\" content=\"Tiempo de lectura\" \/>\n\t<meta name=\"twitter:data2\" content=\"2 minutos\" \/>\r\n<script type=\"application\/ld+json\" class=\"yoast-schema-graph\">{\"@context\":\"https:\\\/\\\/schema.org\",\"@graph\":[{\"@type\":\"Article\",\"@id\":\"http:\\\/\\\/naturalmentecaceres.com\\\/index.php\\\/archivos\\\/778#article\",\"isPartOf\":{\"@id\":\"http:\\\/\\\/naturalmentecaceres.com\\\/index.php\\\/archivos\\\/778\"},\"author\":{\"name\":\"Talher\",\"@id\":\"http:\\\/\\\/naturalmentecaceres.com\\\/#\\\/schema\\\/person\\\/14e51e6f1f5cc38d27627ad8a8c14340\"},\"headline\":\"Parques y jardines de C\u00e1ceres: \u00bfC\u00f3mo se trata el c\u00e9sped de manera ecol\u00f3gica?\",\"datePublished\":\"2021-09-27T21:00:00+00:00\",\"mainEntityOfPage\":{\"@id\":\"http:\\\/\\\/naturalmentecaceres.com\\\/index.php\\\/archivos\\\/778\"},\"wordCount\":373,\"commentCount\":0,\"publisher\":{\"@id\":\"http:\\\/\\\/naturalmentecaceres.com\\\/#organization\"},\"keywords\":[\"educaci\u00f3n ambiental\",\"parques y jadines\",\"Parques y jardines de C\u00e1ceres\",\"Talher\"],\"articleSection\":[\"Educaci\u00f3n ambiental\",\"Parques y jardines\"],\"inLanguage\":\"es\",\"potentialAction\":[{\"@type\":\"CommentAction\",\"name\":\"Comment\",\"target\":[\"http:\\\/\\\/naturalmentecaceres.com\\\/index.php\\\/archivos\\\/778#respond\"]}]},{\"@type\":\"WebPage\",\"@id\":\"http:\\\/\\\/naturalmentecaceres.com\\\/index.php\\\/archivos\\\/778\",\"url\":\"http:\\\/\\\/naturalmentecaceres.com\\\/index.php\\\/archivos\\\/778\",\"name\":\"Parques y jardines de C\u00e1ceres: \u00bfC\u00f3mo se trata el c\u00e9sped de manera ecol\u00f3gica? - NATURALMENTE C\u00c1CERES\",\"isPartOf\":{\"@id\":\"http:\\\/\\\/naturalmentecaceres.com\\\/#website\"},\"datePublished\":\"2021-09-27T21:00:00+00:00\",\"breadcrumb\":{\"@id\":\"http:\\\/\\\/naturalmentecaceres.com\\\/index.php\\\/archivos\\\/778#breadcrumb\"},\"inLanguage\":\"es\",\"potentialAction\":[{\"@type\":\"ReadAction\",\"target\":[\"http:\\\/\\\/naturalmentecaceres.com\\\/index.php\\\/archivos\\\/778\"]}]},{\"@type\":\"BreadcrumbList\",\"@id\":\"http:\\\/\\\/naturalmentecaceres.com\\\/index.php\\\/archivos\\\/778#breadcrumb\",\"itemListElement\":[{\"@type\":\"ListItem\",\"position\":1,\"name\":\"Portada\",\"item\":\"http:\\\/\\\/naturalmentecaceres.com\\\/\"},{\"@type\":\"ListItem\",\"position\":2,\"name\":\"Parques y jardines de C\u00e1ceres: \u00bfC\u00f3mo se trata el c\u00e9sped de manera ecol\u00f3gica?\"}]},{\"@type\":\"WebSite\",\"@id\":\"http:\\\/\\\/naturalmentecaceres.com\\\/#website\",\"url\":\"http:\\\/\\\/naturalmentecaceres.com\\\/\",\"name\":\"NATURALMENTE C\u00c1CERES\",\"description\":\"Web del proyecto de educaci\u00f3n ambiental gestionado por Talher en C\u00e1ceres\",\"publisher\":{\"@id\":\"http:\\\/\\\/naturalmentecaceres.com\\\/#organization\"},\"potentialAction\":[{\"@type\":\"SearchAction\",\"target\":{\"@type\":\"EntryPoint\",\"urlTemplate\":\"http:\\\/\\\/naturalmentecaceres.com\\\/?s={search_term_string}\"},\"query-input\":{\"@type\":\"PropertyValueSpecification\",\"valueRequired\":true,\"valueName\":\"search_term_string\"}}],\"inLanguage\":\"es\"},{\"@type\":\"Organization\",\"@id\":\"http:\\\/\\\/naturalmentecaceres.com\\\/#organization\",\"name\":\"NATURALMENTE C\u00c1CERES\",\"url\":\"http:\\\/\\\/naturalmentecaceres.com\\\/\",\"logo\":{\"@type\":\"ImageObject\",\"inLanguage\":\"es\",\"@id\":\"http:\\\/\\\/naturalmentecaceres.com\\\/#\\\/schema\\\/logo\\\/image\\\/\",\"url\":\"http:\\\/\\\/naturalmentecaceres.com\\\/wp-content\\\/uploads\\\/2023\\\/02\\\/naturalmente.jpg\",\"contentUrl\":\"http:\\\/\\\/naturalmentecaceres.com\\\/wp-content\\\/uploads\\\/2023\\\/02\\\/naturalmente.jpg\",\"width\":1300,\"height\":1237,\"caption\":\"NATURALMENTE C\u00c1CERES\"},\"image\":{\"@id\":\"http:\\\/\\\/naturalmentecaceres.com\\\/#\\\/schema\\\/logo\\\/image\\\/\"},\"sameAs\":[\"https:\\\/\\\/x.com\\\/naturalmentecc\",\"https:\\\/\\\/www.instagram.com\\\/naturalmentecaceres\\\/\"]},{\"@type\":\"Person\",\"@id\":\"http:\\\/\\\/naturalmentecaceres.com\\\/#\\\/schema\\\/person\\\/14e51e6f1f5cc38d27627ad8a8c14340\",\"name\":\"Talher\",\"image\":{\"@type\":\"ImageObject\",\"inLanguage\":\"es\",\"@id\":\"https:\\\/\\\/secure.gravatar.com\\\/avatar\\\/129d2825c3c915f0d6bae5b93b934c74574bbe9aa2bac86aea3884599040250e?s=96&d=mm&r=g\",\"url\":\"https:\\\/\\\/secure.gravatar.com\\\/avatar\\\/129d2825c3c915f0d6bae5b93b934c74574bbe9aa2bac86aea3884599040250e?s=96&d=mm&r=g\",\"contentUrl\":\"https:\\\/\\\/secure.gravatar.com\\\/avatar\\\/129d2825c3c915f0d6bae5b93b934c74574bbe9aa2bac86aea3884599040250e?s=96&d=mm&r=g\",\"caption\":\"Talher\"},\"url\":\"http:\\\/\\\/naturalmentecaceres.com\\\/index.php\\\/archivos\\\/author\\\/talher\"}]}<\/script>\r\n<!-- \/ Yoast SEO plugin. -->","yoast_head_json":{"title":"Parques y jardines de C\u00e1ceres: \u00bfC\u00f3mo se trata el c\u00e9sped de manera ecol\u00f3gica? - NATURALMENTE C\u00c1CERES","robots":{"index":"index","follow":"follow","max-snippet":"max-snippet:-1","max-image-preview":"max-image-preview:large","max-video-preview":"max-video-preview:-1"},"canonical":"http:\/\/naturalmentecaceres.com\/index.php\/archivos\/778","og_locale":"es_ES","og_type":"article","og_title":"Parques y jardines de C\u00e1ceres: \u00bfC\u00f3mo se trata el c\u00e9sped de manera ecol\u00f3gica? - NATURALMENTE C\u00c1CERES","og_description":"Si das un paseo por los parques y jardines de C\u00e1ceres, podr\u00e1s ver algo en com\u00fan: el c\u00e9sped. Mantenerlo en buen estado no es tarea f\u00e1cil y mucho m\u00e1s si pensamos en las much\u00edsimas zonas p\u00fablicas y particulares donde est\u00e1. \u00bfSab\u00edas que C\u00e1ceres tiene 397.000 m2 de nuestro amigo verde? Esto supone mucho mantenimiento, especialmente su siega. Pero, \u00bfc\u00f3mo Talher mantiene el c\u00e9sped de C\u00e1ceres para que luzca siempre tan verde y bonito de manera sostenible con el medioambiente? Como... Leer m\u00e1s Leer m\u00e1s","og_url":"http:\/\/naturalmentecaceres.com\/index.php\/archivos\/778","og_site_name":"NATURALMENTE C\u00c1CERES","article_published_time":"2021-09-27T21:00:00+00:00","author":"Talher","twitter_card":"summary_large_image","twitter_creator":"@naturalmentecc","twitter_site":"@naturalmentecc","twitter_misc":{"Escrito por":"Talher","Tiempo de lectura":"2 minutos"},"schema":{"@context":"https:\/\/schema.org","@graph":[{"@type":"Article","@id":"http:\/\/naturalmentecaceres.com\/index.php\/archivos\/778#article","isPartOf":{"@id":"http:\/\/naturalmentecaceres.com\/index.php\/archivos\/778"},"author":{"name":"Talher","@id":"http:\/\/naturalmentecaceres.com\/#\/schema\/person\/14e51e6f1f5cc38d27627ad8a8c14340"},"headline":"Parques y jardines de C\u00e1ceres: \u00bfC\u00f3mo se trata el c\u00e9sped de manera ecol\u00f3gica?","datePublished":"2021-09-27T21:00:00+00:00","mainEntityOfPage":{"@id":"http:\/\/naturalmentecaceres.com\/index.php\/archivos\/778"},"wordCount":373,"commentCount":0,"publisher":{"@id":"http:\/\/naturalmentecaceres.com\/#organization"},"keywords":["educaci\u00f3n ambiental","parques y jadines","Parques y jardines de C\u00e1ceres","Talher"],"articleSection":["Educaci\u00f3n ambiental","Parques y jardines"],"inLanguage":"es","potentialAction":[{"@type":"CommentAction","name":"Comment","target":["http:\/\/naturalmentecaceres.com\/index.php\/archivos\/778#respond"]}]},{"@type":"WebPage","@id":"http:\/\/naturalmentecaceres.com\/index.php\/archivos\/778","url":"http:\/\/naturalmentecaceres.com\/index.php\/archivos\/778","name":"Parques y jardines de C\u00e1ceres: \u00bfC\u00f3mo se trata el c\u00e9sped de manera ecol\u00f3gica? - NATURALMENTE C\u00c1CERES","isPartOf":{"@id":"http:\/\/naturalmentecaceres.com\/#website"},"datePublished":"2021-09-27T21:00:00+00:00","breadcrumb":{"@id":"http:\/\/naturalmentecaceres.com\/index.php\/archivos\/778#breadcrumb"},"inLanguage":"es","potentialAction":[{"@type":"ReadAction","target":["http:\/\/naturalmentecaceres.com\/index.php\/archivos\/778"]}]},{"@type":"BreadcrumbList","@id":"http:\/\/naturalmentecaceres.com\/index.php\/archivos\/778#breadcrumb","itemListElement":[{"@type":"ListItem","position":1,"name":"Portada","item":"http:\/\/naturalmentecaceres.com\/"},{"@type":"ListItem","position":2,"name":"Parques y jardines de C\u00e1ceres: \u00bfC\u00f3mo se trata el c\u00e9sped de manera ecol\u00f3gica?"}]},{"@type":"WebSite","@id":"http:\/\/naturalmentecaceres.com\/#website","url":"http:\/\/naturalmentecaceres.com\/","name":"NATURALMENTE C\u00c1CERES","description":"Web del proyecto de educaci\u00f3n ambiental gestionado por Talher en C\u00e1ceres","publisher":{"@id":"http:\/\/naturalmentecaceres.com\/#organization"},"potentialAction":[{"@type":"SearchAction","target":{"@type":"EntryPoint","urlTemplate":"http:\/\/naturalmentecaceres.com\/?s={search_term_string}"},"query-input":{"@type":"PropertyValueSpecification","valueRequired":true,"valueName":"search_term_string"}}],"inLanguage":"es"},{"@type":"Organization","@id":"http:\/\/naturalmentecaceres.com\/#organization","name":"NATURALMENTE C\u00c1CERES","url":"http:\/\/naturalmentecaceres.com\/","logo":{"@type":"ImageObject","inLanguage":"es","@id":"http:\/\/naturalmentecaceres.com\/#\/schema\/logo\/image\/","url":"http:\/\/naturalmentecaceres.com\/wp-content\/uploads\/2023\/02\/naturalmente.jpg","contentUrl":"http:\/\/naturalmentecaceres.com\/wp-content\/uploads\/2023\/02\/naturalmente.jpg","width":1300,"height":1237,"caption":"NATURALMENTE C\u00c1CERES"},"image":{"@id":"http:\/\/naturalmentecaceres.com\/#\/schema\/logo\/image\/"},"sameAs":["https:\/\/x.com\/naturalmentecc","https:\/\/www.instagram.com\/naturalmentecaceres\/"]},{"@type":"Person","@id":"http:\/\/naturalmentecaceres.com\/#\/schema\/person\/14e51e6f1f5cc38d27627ad8a8c14340","name":"Talher","image":{"@type":"ImageObject","inLanguage":"es","@id":"https:\/\/secure.gravatar.com\/avatar\/129d2825c3c915f0d6bae5b93b934c74574bbe9aa2bac86aea3884599040250e?s=96&d=mm&r=g","url":"https:\/\/secure.gravatar.com\/avatar\/129d2825c3c915f0d6bae5b93b934c74574bbe9aa2bac86aea3884599040250e?s=96&d=mm&r=g","contentUrl":"https:\/\/secure.gravatar.com\/avatar\/129d2825c3c915f0d6bae5b93b934c74574bbe9aa2bac86aea3884599040250e?s=96&d=mm&r=g","caption":"Talher"},"url":"http:\/\/naturalmentecaceres.com\/index.php\/archivos\/author\/talher"}]}},"_links":{"self":[{"href":"http:\/\/naturalmentecaceres.com\/index.php\/wp-json\/wp\/v2\/posts\/778","targetHints":{"allow":["GET"]}}],"collection":[{"href":"http:\/\/naturalmentecaceres.com\/index.php\/wp-json\/wp\/v2\/posts"}],"about":[{"href":"http:\/\/naturalmentecaceres.com\/index.php\/wp-json\/wp\/v2\/types\/post"}],"author":[{"embeddable":true,"href":"http:\/\/naturalmentecaceres.com\/index.php\/wp-json\/wp\/v2\/users\/1"}],"replies":[{"embeddable":true,"href":"http:\/\/naturalmentecaceres.com\/index.php\/wp-json\/wp\/v2\/comments?post=778"}],"version-history":[{"count":4,"href":"http:\/\/naturalmentecaceres.com\/index.php\/wp-json\/wp\/v2\/posts\/778\/revisions"}],"predecessor-version":[{"id":792,"href":"http:\/\/naturalmentecaceres.com\/index.php\/wp-json\/wp\/v2\/posts\/778\/revisions\/792"}],"wp:attachment":[{"href":"http:\/\/naturalmentecaceres.com\/index.php\/wp-json\/wp\/v2\/media?parent=778"}],"wp:term":[{"taxonomy":"category","embeddable":true,"href":"http:\/\/naturalmentecaceres.com\/index.php\/wp-json\/wp\/v2\/categories?post=778"},{"taxonomy":"post_tag","embeddable":true,"href":"http:\/\/naturalmentecaceres.com\/index.php\/wp-json\/wp\/v2\/tags?post=778"}],"curies":[{"name":"wp","href":"https:\/\/api.w.org\/{rel}","templated":true}]}}