{"id":596,"date":"2021-06-14T05:01:49","date_gmt":"2021-06-14T05:01:49","guid":{"rendered":"http:\/\/naturalmentecaceres.com\/?p=596"},"modified":"2021-07-26T13:08:50","modified_gmt":"2021-07-26T13:08:50","slug":"programacion-aldea-moret-natural-semana-del-7-al-12-de-junio","status":"publish","type":"post","link":"http:\/\/naturalmentecaceres.com\/index.php\/archivos\/596","title":{"rendered":"PROGRAMACI\u00d3N ALDEA MORET +natural SEMANA DEL 16 AL 19 DE JUNIO"},"content":{"rendered":"\n<p>ALDEA MORET +natural ofrece una variada programaci\u00f3n de actividades durante la semana del 16 al 19 de junio, destinada a entidades, p\u00fablico adulto y juvenil y p\u00fablico familiar. <\/p>\n\n\n\n<p>Esta semana, con las entidades y el p\u00fablico adulto, aprenderemos a elaborar eco-limpiadores, productos de limpieza con bajo impacto en el medio ambiente. Para el p\u00fablico familiar hemos dise\u00f1ado dos interesantes talleres: en el primero elaboraremos bombas de semillas y en el segundo dise\u00f1aremos trampas para la plaga del picudo de las palmeras.<\/p>\n\n\n\n<p>Os esperamos!!!!  Para m\u00e1s informaci\u00f3n, contacta con nosotros en reservas@naturalmentecaceres.org  o en los tel\u00e9fonos 699 834 666 y 659 259 204.  <\/p>\n\n\n\n<figure class=\"wp-block-image size-large\"><img loading=\"lazy\" decoding=\"async\" width=\"725\" height=\"1024\" src=\"http:\/\/naturalmentecaceres.com\/wp-content\/uploads\/2021\/06\/Cartel-Actividades_16-19-JUN-725x1024.jpg\" alt=\"\" class=\"wp-image-600\" srcset=\"http:\/\/naturalmentecaceres.com\/wp-content\/uploads\/2021\/06\/Cartel-Actividades_16-19-JUN-725x1024.jpg 725w, http:\/\/naturalmentecaceres.com\/wp-content\/uploads\/2021\/06\/Cartel-Actividades_16-19-JUN-212x300.jpg 212w, http:\/\/naturalmentecaceres.com\/wp-content\/uploads\/2021\/06\/Cartel-Actividades_16-19-JUN-768x1085.jpg 768w, http:\/\/naturalmentecaceres.com\/wp-content\/uploads\/2021\/06\/Cartel-Actividades_16-19-JUN-1087x1536.jpg 1087w, http:\/\/naturalmentecaceres.com\/wp-content\/uploads\/2021\/06\/Cartel-Actividades_16-19-JUN-191x270.jpg 191w, http:\/\/naturalmentecaceres.com\/wp-content\/uploads\/2021\/06\/Cartel-Actividades_16-19-JUN.jpg 1123w\" sizes=\"auto, (max-width: 725px) 100vw, 725px\" \/><\/figure>\n","protected":false},"excerpt":{"rendered":"<p>ALDEA MORET +natural ofrece una variada programaci\u00f3n de actividades durante la semana del 16 al 19 de junio, destinada a entidades, p\u00fablico adulto y juvenil y p\u00fablico familiar. Esta semana, con las entidades y el p\u00fablico adulto, aprenderemos a elaborar eco-limpiadores, productos de limpieza con bajo impacto en el medio ambiente. Para el p\u00fablico familiar hemos dise\u00f1ado dos interesantes talleres: en el primero elaboraremos bombas de semillas y en el segundo dise\u00f1aremos trampas para la plaga del picudo de las&#8230;<\/p>\n<p class=\"read-more\"><a class=\"btn btn-default\" href=\"http:\/\/naturalmentecaceres.com\/index.php\/archivos\/596\"> Leer m\u00e1s<span class=\"screen-reader-text\">  Leer m\u00e1s<\/span><\/a><\/p>\n","protected":false},"author":1,"featured_media":0,"comment_status":"open","ping_status":"open","sticky":false,"template":"","format":"standard","meta":{"footnotes":""},"categories":[1],"tags":[],"class_list":["post-596","post","type-post","status-publish","format-standard","hentry","category-uncategorized"],"yoast_head":"<!-- This site is optimized with the Yoast SEO plugin v27.5 - https:\/\/yoast.com\/product\/yoast-seo-wordpress\/ -->\r\n<title>PROGRAMACI\u00d3N ALDEA MORET +natural SEMANA DEL 16 AL 19 DE JUNIO - NATURALMENTE C\u00c1CERES<\/title>\r\n<meta name=\"robots\" content=\"index, follow, max-snippet:-1, max-image-preview:large, max-video-preview:-1\" \/>\r\n<link rel=\"canonical\" href=\"http:\/\/naturalmentecaceres.com\/index.php\/archivos\/596\" \/>\r\n<meta property=\"og:locale\" content=\"es_ES\" \/>\r\n<meta property=\"og:type\" content=\"article\" \/>\r\n<meta property=\"og:title\" content=\"PROGRAMACI\u00d3N ALDEA MORET +natural SEMANA DEL 16 AL 19 DE JUNIO - NATURALMENTE C\u00c1CERES\" \/>\r\n<meta property=\"og:description\" content=\"ALDEA MORET +natural ofrece una variada programaci\u00f3n de actividades durante la semana del 16 al 19 de junio, destinada a entidades, p\u00fablico adulto y juvenil y p\u00fablico familiar. Esta semana, con las entidades y el p\u00fablico adulto, aprenderemos a elaborar eco-limpiadores, productos de limpieza con bajo impacto en el medio ambiente. Para el p\u00fablico familiar hemos dise\u00f1ado dos interesantes talleres: en el primero elaboraremos bombas de semillas y en el segundo dise\u00f1aremos trampas para la plaga del picudo de las... Leer m\u00e1s Leer m\u00e1s\" \/>\r\n<meta property=\"og:url\" content=\"http:\/\/naturalmentecaceres.com\/index.php\/archivos\/596\" \/>\r\n<meta property=\"og:site_name\" content=\"NATURALMENTE C\u00c1CERES\" \/>\r\n<meta property=\"article:published_time\" content=\"2021-06-14T05:01:49+00:00\" \/>\r\n<meta property=\"article:modified_time\" content=\"2021-07-26T13:08:50+00:00\" \/>\r\n<meta property=\"og:image\" content=\"http:\/\/naturalmentecaceres.com\/wp-content\/uploads\/2021\/06\/Cartel-Actividades_16-19-JUN-725x1024.jpg\" \/>\r\n<meta name=\"author\" content=\"Talher\" \/>\r\n<meta name=\"twitter:card\" content=\"summary_large_image\" \/>\r\n<meta name=\"twitter:creator\" content=\"@naturalmentecc\" \/>\r\n<meta name=\"twitter:site\" content=\"@naturalmentecc\" \/>\r\n<meta name=\"twitter:label1\" content=\"Escrito por\" \/>\n\t<meta name=\"twitter:data1\" content=\"Talher\" \/>\n\t<meta name=\"twitter:label2\" content=\"Tiempo de lectura\" \/>\n\t<meta name=\"twitter:data2\" content=\"1 minuto\" \/>\r\n<script type=\"application\/ld+json\" class=\"yoast-schema-graph\">{\"@context\":\"https:\\\/\\\/schema.org\",\"@graph\":[{\"@type\":\"Article\",\"@id\":\"http:\\\/\\\/naturalmentecaceres.com\\\/index.php\\\/archivos\\\/596#article\",\"isPartOf\":{\"@id\":\"http:\\\/\\\/naturalmentecaceres.com\\\/index.php\\\/archivos\\\/596\"},\"author\":{\"name\":\"Talher\",\"@id\":\"http:\\\/\\\/naturalmentecaceres.com\\\/#\\\/schema\\\/person\\\/14e51e6f1f5cc38d27627ad8a8c14340\"},\"headline\":\"PROGRAMACI\u00d3N ALDEA MORET +natural SEMANA DEL 16 AL 19 DE JUNIO\",\"datePublished\":\"2021-06-14T05:01:49+00:00\",\"dateModified\":\"2021-07-26T13:08:50+00:00\",\"mainEntityOfPage\":{\"@id\":\"http:\\\/\\\/naturalmentecaceres.com\\\/index.php\\\/archivos\\\/596\"},\"wordCount\":116,\"commentCount\":0,\"publisher\":{\"@id\":\"http:\\\/\\\/naturalmentecaceres.com\\\/#organization\"},\"image\":{\"@id\":\"http:\\\/\\\/naturalmentecaceres.com\\\/index.php\\\/archivos\\\/596#primaryimage\"},\"thumbnailUrl\":\"http:\\\/\\\/naturalmentecaceres.com\\\/wp-content\\\/uploads\\\/2021\\\/06\\\/Cartel-Actividades_16-19-JUN-725x1024.jpg\",\"articleSection\":[\"Educaci\u00f3n ambiental\"],\"inLanguage\":\"es\",\"potentialAction\":[{\"@type\":\"CommentAction\",\"name\":\"Comment\",\"target\":[\"http:\\\/\\\/naturalmentecaceres.com\\\/index.php\\\/archivos\\\/596#respond\"]}]},{\"@type\":\"WebPage\",\"@id\":\"http:\\\/\\\/naturalmentecaceres.com\\\/index.php\\\/archivos\\\/596\",\"url\":\"http:\\\/\\\/naturalmentecaceres.com\\\/index.php\\\/archivos\\\/596\",\"name\":\"PROGRAMACI\u00d3N ALDEA MORET +natural SEMANA DEL 16 AL 19 DE JUNIO - NATURALMENTE C\u00c1CERES\",\"isPartOf\":{\"@id\":\"http:\\\/\\\/naturalmentecaceres.com\\\/#website\"},\"primaryImageOfPage\":{\"@id\":\"http:\\\/\\\/naturalmentecaceres.com\\\/index.php\\\/archivos\\\/596#primaryimage\"},\"image\":{\"@id\":\"http:\\\/\\\/naturalmentecaceres.com\\\/index.php\\\/archivos\\\/596#primaryimage\"},\"thumbnailUrl\":\"http:\\\/\\\/naturalmentecaceres.com\\\/wp-content\\\/uploads\\\/2021\\\/06\\\/Cartel-Actividades_16-19-JUN-725x1024.jpg\",\"datePublished\":\"2021-06-14T05:01:49+00:00\",\"dateModified\":\"2021-07-26T13:08:50+00:00\",\"breadcrumb\":{\"@id\":\"http:\\\/\\\/naturalmentecaceres.com\\\/index.php\\\/archivos\\\/596#breadcrumb\"},\"inLanguage\":\"es\",\"potentialAction\":[{\"@type\":\"ReadAction\",\"target\":[\"http:\\\/\\\/naturalmentecaceres.com\\\/index.php\\\/archivos\\\/596\"]}]},{\"@type\":\"ImageObject\",\"inLanguage\":\"es\",\"@id\":\"http:\\\/\\\/naturalmentecaceres.com\\\/index.php\\\/archivos\\\/596#primaryimage\",\"url\":\"http:\\\/\\\/naturalmentecaceres.com\\\/wp-content\\\/uploads\\\/2021\\\/06\\\/Cartel-Actividades_16-19-JUN.jpg\",\"contentUrl\":\"http:\\\/\\\/naturalmentecaceres.com\\\/wp-content\\\/uploads\\\/2021\\\/06\\\/Cartel-Actividades_16-19-JUN.jpg\",\"width\":1123,\"height\":1587},{\"@type\":\"BreadcrumbList\",\"@id\":\"http:\\\/\\\/naturalmentecaceres.com\\\/index.php\\\/archivos\\\/596#breadcrumb\",\"itemListElement\":[{\"@type\":\"ListItem\",\"position\":1,\"name\":\"Portada\",\"item\":\"http:\\\/\\\/naturalmentecaceres.com\\\/\"},{\"@type\":\"ListItem\",\"position\":2,\"name\":\"PROGRAMACI\u00d3N ALDEA MORET +natural SEMANA DEL 16 AL 19 DE JUNIO\"}]},{\"@type\":\"WebSite\",\"@id\":\"http:\\\/\\\/naturalmentecaceres.com\\\/#website\",\"url\":\"http:\\\/\\\/naturalmentecaceres.com\\\/\",\"name\":\"NATURALMENTE C\u00c1CERES\",\"description\":\"Web del proyecto de educaci\u00f3n ambiental gestionado por Talher en C\u00e1ceres\",\"publisher\":{\"@id\":\"http:\\\/\\\/naturalmentecaceres.com\\\/#organization\"},\"potentialAction\":[{\"@type\":\"SearchAction\",\"target\":{\"@type\":\"EntryPoint\",\"urlTemplate\":\"http:\\\/\\\/naturalmentecaceres.com\\\/?s={search_term_string}\"},\"query-input\":{\"@type\":\"PropertyValueSpecification\",\"valueRequired\":true,\"valueName\":\"search_term_string\"}}],\"inLanguage\":\"es\"},{\"@type\":\"Organization\",\"@id\":\"http:\\\/\\\/naturalmentecaceres.com\\\/#organization\",\"name\":\"NATURALMENTE C\u00c1CERES\",\"url\":\"http:\\\/\\\/naturalmentecaceres.com\\\/\",\"logo\":{\"@type\":\"ImageObject\",\"inLanguage\":\"es\",\"@id\":\"http:\\\/\\\/naturalmentecaceres.com\\\/#\\\/schema\\\/logo\\\/image\\\/\",\"url\":\"http:\\\/\\\/naturalmentecaceres.com\\\/wp-content\\\/uploads\\\/2023\\\/02\\\/naturalmente.jpg\",\"contentUrl\":\"http:\\\/\\\/naturalmentecaceres.com\\\/wp-content\\\/uploads\\\/2023\\\/02\\\/naturalmente.jpg\",\"width\":1300,\"height\":1237,\"caption\":\"NATURALMENTE C\u00c1CERES\"},\"image\":{\"@id\":\"http:\\\/\\\/naturalmentecaceres.com\\\/#\\\/schema\\\/logo\\\/image\\\/\"},\"sameAs\":[\"https:\\\/\\\/x.com\\\/naturalmentecc\",\"https:\\\/\\\/www.instagram.com\\\/naturalmentecaceres\\\/\"]},{\"@type\":\"Person\",\"@id\":\"http:\\\/\\\/naturalmentecaceres.com\\\/#\\\/schema\\\/person\\\/14e51e6f1f5cc38d27627ad8a8c14340\",\"name\":\"Talher\",\"image\":{\"@type\":\"ImageObject\",\"inLanguage\":\"es\",\"@id\":\"https:\\\/\\\/secure.gravatar.com\\\/avatar\\\/129d2825c3c915f0d6bae5b93b934c74574bbe9aa2bac86aea3884599040250e?s=96&d=mm&r=g\",\"url\":\"https:\\\/\\\/secure.gravatar.com\\\/avatar\\\/129d2825c3c915f0d6bae5b93b934c74574bbe9aa2bac86aea3884599040250e?s=96&d=mm&r=g\",\"contentUrl\":\"https:\\\/\\\/secure.gravatar.com\\\/avatar\\\/129d2825c3c915f0d6bae5b93b934c74574bbe9aa2bac86aea3884599040250e?s=96&d=mm&r=g\",\"caption\":\"Talher\"},\"url\":\"http:\\\/\\\/naturalmentecaceres.com\\\/index.php\\\/archivos\\\/author\\\/talher\"}]}<\/script>\r\n<!-- \/ Yoast SEO plugin. -->","yoast_head_json":{"title":"PROGRAMACI\u00d3N ALDEA MORET +natural SEMANA DEL 16 AL 19 DE JUNIO - NATURALMENTE C\u00c1CERES","robots":{"index":"index","follow":"follow","max-snippet":"max-snippet:-1","max-image-preview":"max-image-preview:large","max-video-preview":"max-video-preview:-1"},"canonical":"http:\/\/naturalmentecaceres.com\/index.php\/archivos\/596","og_locale":"es_ES","og_type":"article","og_title":"PROGRAMACI\u00d3N ALDEA MORET +natural SEMANA DEL 16 AL 19 DE JUNIO - NATURALMENTE C\u00c1CERES","og_description":"ALDEA MORET +natural ofrece una variada programaci\u00f3n de actividades durante la semana del 16 al 19 de junio, destinada a entidades, p\u00fablico adulto y juvenil y p\u00fablico familiar. Esta semana, con las entidades y el p\u00fablico adulto, aprenderemos a elaborar eco-limpiadores, productos de limpieza con bajo impacto en el medio ambiente. Para el p\u00fablico familiar hemos dise\u00f1ado dos interesantes talleres: en el primero elaboraremos bombas de semillas y en el segundo dise\u00f1aremos trampas para la plaga del picudo de las... Leer m\u00e1s Leer m\u00e1s","og_url":"http:\/\/naturalmentecaceres.com\/index.php\/archivos\/596","og_site_name":"NATURALMENTE C\u00c1CERES","article_published_time":"2021-06-14T05:01:49+00:00","article_modified_time":"2021-07-26T13:08:50+00:00","og_image":[{"url":"http:\/\/naturalmentecaceres.com\/wp-content\/uploads\/2021\/06\/Cartel-Actividades_16-19-JUN-725x1024.jpg","type":"","width":"","height":""}],"author":"Talher","twitter_card":"summary_large_image","twitter_creator":"@naturalmentecc","twitter_site":"@naturalmentecc","twitter_misc":{"Escrito por":"Talher","Tiempo de lectura":"1 minuto"},"schema":{"@context":"https:\/\/schema.org","@graph":[{"@type":"Article","@id":"http:\/\/naturalmentecaceres.com\/index.php\/archivos\/596#article","isPartOf":{"@id":"http:\/\/naturalmentecaceres.com\/index.php\/archivos\/596"},"author":{"name":"Talher","@id":"http:\/\/naturalmentecaceres.com\/#\/schema\/person\/14e51e6f1f5cc38d27627ad8a8c14340"},"headline":"PROGRAMACI\u00d3N ALDEA MORET +natural SEMANA DEL 16 AL 19 DE JUNIO","datePublished":"2021-06-14T05:01:49+00:00","dateModified":"2021-07-26T13:08:50+00:00","mainEntityOfPage":{"@id":"http:\/\/naturalmentecaceres.com\/index.php\/archivos\/596"},"wordCount":116,"commentCount":0,"publisher":{"@id":"http:\/\/naturalmentecaceres.com\/#organization"},"image":{"@id":"http:\/\/naturalmentecaceres.com\/index.php\/archivos\/596#primaryimage"},"thumbnailUrl":"http:\/\/naturalmentecaceres.com\/wp-content\/uploads\/2021\/06\/Cartel-Actividades_16-19-JUN-725x1024.jpg","articleSection":["Educaci\u00f3n ambiental"],"inLanguage":"es","potentialAction":[{"@type":"CommentAction","name":"Comment","target":["http:\/\/naturalmentecaceres.com\/index.php\/archivos\/596#respond"]}]},{"@type":"WebPage","@id":"http:\/\/naturalmentecaceres.com\/index.php\/archivos\/596","url":"http:\/\/naturalmentecaceres.com\/index.php\/archivos\/596","name":"PROGRAMACI\u00d3N ALDEA MORET +natural SEMANA DEL 16 AL 19 DE JUNIO - NATURALMENTE C\u00c1CERES","isPartOf":{"@id":"http:\/\/naturalmentecaceres.com\/#website"},"primaryImageOfPage":{"@id":"http:\/\/naturalmentecaceres.com\/index.php\/archivos\/596#primaryimage"},"image":{"@id":"http:\/\/naturalmentecaceres.com\/index.php\/archivos\/596#primaryimage"},"thumbnailUrl":"http:\/\/naturalmentecaceres.com\/wp-content\/uploads\/2021\/06\/Cartel-Actividades_16-19-JUN-725x1024.jpg","datePublished":"2021-06-14T05:01:49+00:00","dateModified":"2021-07-26T13:08:50+00:00","breadcrumb":{"@id":"http:\/\/naturalmentecaceres.com\/index.php\/archivos\/596#breadcrumb"},"inLanguage":"es","potentialAction":[{"@type":"ReadAction","target":["http:\/\/naturalmentecaceres.com\/index.php\/archivos\/596"]}]},{"@type":"ImageObject","inLanguage":"es","@id":"http:\/\/naturalmentecaceres.com\/index.php\/archivos\/596#primaryimage","url":"http:\/\/naturalmentecaceres.com\/wp-content\/uploads\/2021\/06\/Cartel-Actividades_16-19-JUN.jpg","contentUrl":"http:\/\/naturalmentecaceres.com\/wp-content\/uploads\/2021\/06\/Cartel-Actividades_16-19-JUN.jpg","width":1123,"height":1587},{"@type":"BreadcrumbList","@id":"http:\/\/naturalmentecaceres.com\/index.php\/archivos\/596#breadcrumb","itemListElement":[{"@type":"ListItem","position":1,"name":"Portada","item":"http:\/\/naturalmentecaceres.com\/"},{"@type":"ListItem","position":2,"name":"PROGRAMACI\u00d3N ALDEA MORET +natural SEMANA DEL 16 AL 19 DE JUNIO"}]},{"@type":"WebSite","@id":"http:\/\/naturalmentecaceres.com\/#website","url":"http:\/\/naturalmentecaceres.com\/","name":"NATURALMENTE C\u00c1CERES","description":"Web del proyecto de educaci\u00f3n ambiental gestionado por Talher en C\u00e1ceres","publisher":{"@id":"http:\/\/naturalmentecaceres.com\/#organization"},"potentialAction":[{"@type":"SearchAction","target":{"@type":"EntryPoint","urlTemplate":"http:\/\/naturalmentecaceres.com\/?s={search_term_string}"},"query-input":{"@type":"PropertyValueSpecification","valueRequired":true,"valueName":"search_term_string"}}],"inLanguage":"es"},{"@type":"Organization","@id":"http:\/\/naturalmentecaceres.com\/#organization","name":"NATURALMENTE C\u00c1CERES","url":"http:\/\/naturalmentecaceres.com\/","logo":{"@type":"ImageObject","inLanguage":"es","@id":"http:\/\/naturalmentecaceres.com\/#\/schema\/logo\/image\/","url":"http:\/\/naturalmentecaceres.com\/wp-content\/uploads\/2023\/02\/naturalmente.jpg","contentUrl":"http:\/\/naturalmentecaceres.com\/wp-content\/uploads\/2023\/02\/naturalmente.jpg","width":1300,"height":1237,"caption":"NATURALMENTE C\u00c1CERES"},"image":{"@id":"http:\/\/naturalmentecaceres.com\/#\/schema\/logo\/image\/"},"sameAs":["https:\/\/x.com\/naturalmentecc","https:\/\/www.instagram.com\/naturalmentecaceres\/"]},{"@type":"Person","@id":"http:\/\/naturalmentecaceres.com\/#\/schema\/person\/14e51e6f1f5cc38d27627ad8a8c14340","name":"Talher","image":{"@type":"ImageObject","inLanguage":"es","@id":"https:\/\/secure.gravatar.com\/avatar\/129d2825c3c915f0d6bae5b93b934c74574bbe9aa2bac86aea3884599040250e?s=96&d=mm&r=g","url":"https:\/\/secure.gravatar.com\/avatar\/129d2825c3c915f0d6bae5b93b934c74574bbe9aa2bac86aea3884599040250e?s=96&d=mm&r=g","contentUrl":"https:\/\/secure.gravatar.com\/avatar\/129d2825c3c915f0d6bae5b93b934c74574bbe9aa2bac86aea3884599040250e?s=96&d=mm&r=g","caption":"Talher"},"url":"http:\/\/naturalmentecaceres.com\/index.php\/archivos\/author\/talher"}]}},"_links":{"self":[{"href":"http:\/\/naturalmentecaceres.com\/index.php\/wp-json\/wp\/v2\/posts\/596","targetHints":{"allow":["GET"]}}],"collection":[{"href":"http:\/\/naturalmentecaceres.com\/index.php\/wp-json\/wp\/v2\/posts"}],"about":[{"href":"http:\/\/naturalmentecaceres.com\/index.php\/wp-json\/wp\/v2\/types\/post"}],"author":[{"embeddable":true,"href":"http:\/\/naturalmentecaceres.com\/index.php\/wp-json\/wp\/v2\/users\/1"}],"replies":[{"embeddable":true,"href":"http:\/\/naturalmentecaceres.com\/index.php\/wp-json\/wp\/v2\/comments?post=596"}],"version-history":[{"count":7,"href":"http:\/\/naturalmentecaceres.com\/index.php\/wp-json\/wp\/v2\/posts\/596\/revisions"}],"predecessor-version":[{"id":605,"href":"http:\/\/naturalmentecaceres.com\/index.php\/wp-json\/wp\/v2\/posts\/596\/revisions\/605"}],"wp:attachment":[{"href":"http:\/\/naturalmentecaceres.com\/index.php\/wp-json\/wp\/v2\/media?parent=596"}],"wp:term":[{"taxonomy":"category","embeddable":true,"href":"http:\/\/naturalmentecaceres.com\/index.php\/wp-json\/wp\/v2\/categories?post=596"},{"taxonomy":"post_tag","embeddable":true,"href":"http:\/\/naturalmentecaceres.com\/index.php\/wp-json\/wp\/v2\/tags?post=596"}],"curies":[{"name":"wp","href":"https:\/\/api.w.org\/{rel}","templated":true}]}}