{"id":559,"date":"2021-05-14T05:48:39","date_gmt":"2021-05-14T05:48:39","guid":{"rendered":"http:\/\/naturalmentecaceres.com\/?p=559"},"modified":"2021-07-26T13:08:51","modified_gmt":"2021-07-26T13:08:51","slug":"empieza-aldea-moret-natural","status":"publish","type":"post","link":"http:\/\/naturalmentecaceres.com\/index.php\/archivos\/559","title":{"rendered":"ALDEA MORET +natural"},"content":{"rendered":"\n<p>En las pr\u00f3ximas semanas comienza un nuevo proyecto de educaci\u00f3n ambiental en el barrio cacere\u00f1o de Aldea Moret. Con ALDEA MORET +natural pretendemos:<\/p>\n\n\n\n<ul class=\"wp-block-list\"><li>Promover la cultura social para que se asuma que los espacios p\u00fablicos son de toda la ciudadan\u00eda. <\/li><li>Promover buenas pr\u00e1cticas ciudadanas en el cuidado del entorno y la convivencia vecinal. <\/li><li>Mejorar el conocimiento ciudadano de las actividades municipales en el \u00e1mbito de la limpieza viaria y el mantenimiento de parques y jardines.<\/li><li>Implicar a la ciudadan\u00eda en el cuidado del barrio y de la ciudad, a trav\u00e9s de la sensibilizaci\u00f3n y la participaci\u00f3n ciudadana.<\/li><li>Reforzar canales de comunicaci\u00f3n bidireccionales entre el Ayuntamiento y la ciudadan\u00eda.<\/li><li>Reforzar la visi\u00f3n de g\u00e9nero en todas las acciones del programa con el fin contribuir a los objetivos de las pol\u00edticas de igualdad municipales. <\/li><\/ul>\n\n\n\n<p>A lo largo del mes de junio todas vecinas y vecinos del barrio cacere\u00f1o de Aldea Moret, podr\u00e1n participar en este nuevo proyecto educativo.<\/p>\n\n\n\n<p>Estamos preparando la nueva programaci\u00f3n de actividades pero os podemos adelantar que tendremos paseos de diagn\u00f3stico para analizar la situaci\u00f3n del barrio, talleres ecourbanos y talleres de biodiversidad.<\/p>\n\n\n\n<p>\u00a1Os esperamos!<\/p>\n\n\n\n<figure class=\"wp-block-image size-large\"><img loading=\"lazy\" decoding=\"async\" width=\"624\" height=\"415\" src=\"http:\/\/naturalmentecaceres.com\/wp-content\/uploads\/2021\/05\/Aldea-Moret-minas.jpg\" alt=\"\" class=\"wp-image-560\" srcset=\"http:\/\/naturalmentecaceres.com\/wp-content\/uploads\/2021\/05\/Aldea-Moret-minas.jpg 624w, http:\/\/naturalmentecaceres.com\/wp-content\/uploads\/2021\/05\/Aldea-Moret-minas-300x200.jpg 300w, http:\/\/naturalmentecaceres.com\/wp-content\/uploads\/2021\/05\/Aldea-Moret-minas-406x270.jpg 406w\" sizes=\"auto, (max-width: 624px) 100vw, 624px\" \/><\/figure>\n","protected":false},"excerpt":{"rendered":"<p>En las pr\u00f3ximas semanas comienza un nuevo proyecto de educaci\u00f3n ambiental en el barrio cacere\u00f1o de Aldea Moret. Con ALDEA MORET +natural pretendemos: Promover la cultura social para que se asuma que los espacios p\u00fablicos son de toda la ciudadan\u00eda. Promover buenas pr\u00e1cticas ciudadanas en el cuidado del entorno y la convivencia vecinal. Mejorar el conocimiento ciudadano de las actividades municipales en el \u00e1mbito de la limpieza viaria y el mantenimiento de parques y jardines. Implicar a la ciudadan\u00eda en&#8230;<\/p>\n<p class=\"read-more\"><a class=\"btn btn-default\" href=\"http:\/\/naturalmentecaceres.com\/index.php\/archivos\/559\"> Leer m\u00e1s<span class=\"screen-reader-text\">  Leer m\u00e1s<\/span><\/a><\/p>\n","protected":false},"author":1,"featured_media":0,"comment_status":"open","ping_status":"open","sticky":false,"template":"","format":"standard","meta":{"footnotes":""},"categories":[1],"tags":[],"class_list":["post-559","post","type-post","status-publish","format-standard","hentry","category-uncategorized"],"yoast_head":"<!-- This site is optimized with the Yoast SEO plugin v27.5 - https:\/\/yoast.com\/product\/yoast-seo-wordpress\/ -->\r\n<title>ALDEA MORET +natural - NATURALMENTE C\u00c1CERES<\/title>\r\n<meta name=\"robots\" content=\"index, follow, max-snippet:-1, max-image-preview:large, max-video-preview:-1\" \/>\r\n<link rel=\"canonical\" href=\"http:\/\/naturalmentecaceres.com\/index.php\/archivos\/559\" \/>\r\n<meta property=\"og:locale\" content=\"es_ES\" \/>\r\n<meta property=\"og:type\" content=\"article\" \/>\r\n<meta property=\"og:title\" content=\"ALDEA MORET +natural - NATURALMENTE C\u00c1CERES\" \/>\r\n<meta property=\"og:description\" content=\"En las pr\u00f3ximas semanas comienza un nuevo proyecto de educaci\u00f3n ambiental en el barrio cacere\u00f1o de Aldea Moret. Con ALDEA MORET +natural pretendemos: Promover la cultura social para que se asuma que los espacios p\u00fablicos son de toda la ciudadan\u00eda. Promover buenas pr\u00e1cticas ciudadanas en el cuidado del entorno y la convivencia vecinal. Mejorar el conocimiento ciudadano de las actividades municipales en el \u00e1mbito de la limpieza viaria y el mantenimiento de parques y jardines. Implicar a la ciudadan\u00eda en... Leer m\u00e1s Leer m\u00e1s\" \/>\r\n<meta property=\"og:url\" content=\"http:\/\/naturalmentecaceres.com\/index.php\/archivos\/559\" \/>\r\n<meta property=\"og:site_name\" content=\"NATURALMENTE C\u00c1CERES\" \/>\r\n<meta property=\"article:published_time\" content=\"2021-05-14T05:48:39+00:00\" \/>\r\n<meta property=\"article:modified_time\" content=\"2021-07-26T13:08:51+00:00\" \/>\r\n<meta property=\"og:image\" content=\"http:\/\/naturalmentecaceres.com\/wp-content\/uploads\/2021\/05\/Aldea-Moret-minas.jpg\" \/>\r\n<meta name=\"author\" content=\"Talher\" \/>\r\n<meta name=\"twitter:card\" content=\"summary_large_image\" \/>\r\n<meta name=\"twitter:creator\" content=\"@naturalmentecc\" \/>\r\n<meta name=\"twitter:site\" content=\"@naturalmentecc\" \/>\r\n<meta name=\"twitter:label1\" content=\"Escrito por\" \/>\n\t<meta name=\"twitter:data1\" content=\"Talher\" \/>\n\t<meta name=\"twitter:label2\" content=\"Tiempo de lectura\" \/>\n\t<meta name=\"twitter:data2\" content=\"1 minuto\" \/>\r\n<script type=\"application\/ld+json\" class=\"yoast-schema-graph\">{\"@context\":\"https:\\\/\\\/schema.org\",\"@graph\":[{\"@type\":\"Article\",\"@id\":\"http:\\\/\\\/naturalmentecaceres.com\\\/index.php\\\/archivos\\\/559#article\",\"isPartOf\":{\"@id\":\"http:\\\/\\\/naturalmentecaceres.com\\\/index.php\\\/archivos\\\/559\"},\"author\":{\"name\":\"Talher\",\"@id\":\"http:\\\/\\\/naturalmentecaceres.com\\\/#\\\/schema\\\/person\\\/14e51e6f1f5cc38d27627ad8a8c14340\"},\"headline\":\"ALDEA MORET +natural\",\"datePublished\":\"2021-05-14T05:48:39+00:00\",\"dateModified\":\"2021-07-26T13:08:51+00:00\",\"mainEntityOfPage\":{\"@id\":\"http:\\\/\\\/naturalmentecaceres.com\\\/index.php\\\/archivos\\\/559\"},\"wordCount\":209,\"commentCount\":0,\"publisher\":{\"@id\":\"http:\\\/\\\/naturalmentecaceres.com\\\/#organization\"},\"image\":{\"@id\":\"http:\\\/\\\/naturalmentecaceres.com\\\/index.php\\\/archivos\\\/559#primaryimage\"},\"thumbnailUrl\":\"http:\\\/\\\/naturalmentecaceres.com\\\/wp-content\\\/uploads\\\/2021\\\/05\\\/Aldea-Moret-minas.jpg\",\"articleSection\":[\"Educaci\u00f3n ambiental\"],\"inLanguage\":\"es\",\"potentialAction\":[{\"@type\":\"CommentAction\",\"name\":\"Comment\",\"target\":[\"http:\\\/\\\/naturalmentecaceres.com\\\/index.php\\\/archivos\\\/559#respond\"]}]},{\"@type\":\"WebPage\",\"@id\":\"http:\\\/\\\/naturalmentecaceres.com\\\/index.php\\\/archivos\\\/559\",\"url\":\"http:\\\/\\\/naturalmentecaceres.com\\\/index.php\\\/archivos\\\/559\",\"name\":\"ALDEA MORET +natural - NATURALMENTE C\u00c1CERES\",\"isPartOf\":{\"@id\":\"http:\\\/\\\/naturalmentecaceres.com\\\/#website\"},\"primaryImageOfPage\":{\"@id\":\"http:\\\/\\\/naturalmentecaceres.com\\\/index.php\\\/archivos\\\/559#primaryimage\"},\"image\":{\"@id\":\"http:\\\/\\\/naturalmentecaceres.com\\\/index.php\\\/archivos\\\/559#primaryimage\"},\"thumbnailUrl\":\"http:\\\/\\\/naturalmentecaceres.com\\\/wp-content\\\/uploads\\\/2021\\\/05\\\/Aldea-Moret-minas.jpg\",\"datePublished\":\"2021-05-14T05:48:39+00:00\",\"dateModified\":\"2021-07-26T13:08:51+00:00\",\"breadcrumb\":{\"@id\":\"http:\\\/\\\/naturalmentecaceres.com\\\/index.php\\\/archivos\\\/559#breadcrumb\"},\"inLanguage\":\"es\",\"potentialAction\":[{\"@type\":\"ReadAction\",\"target\":[\"http:\\\/\\\/naturalmentecaceres.com\\\/index.php\\\/archivos\\\/559\"]}]},{\"@type\":\"ImageObject\",\"inLanguage\":\"es\",\"@id\":\"http:\\\/\\\/naturalmentecaceres.com\\\/index.php\\\/archivos\\\/559#primaryimage\",\"url\":\"http:\\\/\\\/naturalmentecaceres.com\\\/wp-content\\\/uploads\\\/2021\\\/05\\\/Aldea-Moret-minas.jpg\",\"contentUrl\":\"http:\\\/\\\/naturalmentecaceres.com\\\/wp-content\\\/uploads\\\/2021\\\/05\\\/Aldea-Moret-minas.jpg\",\"width\":624,\"height\":415},{\"@type\":\"BreadcrumbList\",\"@id\":\"http:\\\/\\\/naturalmentecaceres.com\\\/index.php\\\/archivos\\\/559#breadcrumb\",\"itemListElement\":[{\"@type\":\"ListItem\",\"position\":1,\"name\":\"Portada\",\"item\":\"http:\\\/\\\/naturalmentecaceres.com\\\/\"},{\"@type\":\"ListItem\",\"position\":2,\"name\":\"ALDEA MORET +natural\"}]},{\"@type\":\"WebSite\",\"@id\":\"http:\\\/\\\/naturalmentecaceres.com\\\/#website\",\"url\":\"http:\\\/\\\/naturalmentecaceres.com\\\/\",\"name\":\"NATURALMENTE C\u00c1CERES\",\"description\":\"Web del proyecto de educaci\u00f3n ambiental gestionado por Talher en C\u00e1ceres\",\"publisher\":{\"@id\":\"http:\\\/\\\/naturalmentecaceres.com\\\/#organization\"},\"potentialAction\":[{\"@type\":\"SearchAction\",\"target\":{\"@type\":\"EntryPoint\",\"urlTemplate\":\"http:\\\/\\\/naturalmentecaceres.com\\\/?s={search_term_string}\"},\"query-input\":{\"@type\":\"PropertyValueSpecification\",\"valueRequired\":true,\"valueName\":\"search_term_string\"}}],\"inLanguage\":\"es\"},{\"@type\":\"Organization\",\"@id\":\"http:\\\/\\\/naturalmentecaceres.com\\\/#organization\",\"name\":\"NATURALMENTE C\u00c1CERES\",\"url\":\"http:\\\/\\\/naturalmentecaceres.com\\\/\",\"logo\":{\"@type\":\"ImageObject\",\"inLanguage\":\"es\",\"@id\":\"http:\\\/\\\/naturalmentecaceres.com\\\/#\\\/schema\\\/logo\\\/image\\\/\",\"url\":\"http:\\\/\\\/naturalmentecaceres.com\\\/wp-content\\\/uploads\\\/2023\\\/02\\\/naturalmente.jpg\",\"contentUrl\":\"http:\\\/\\\/naturalmentecaceres.com\\\/wp-content\\\/uploads\\\/2023\\\/02\\\/naturalmente.jpg\",\"width\":1300,\"height\":1237,\"caption\":\"NATURALMENTE C\u00c1CERES\"},\"image\":{\"@id\":\"http:\\\/\\\/naturalmentecaceres.com\\\/#\\\/schema\\\/logo\\\/image\\\/\"},\"sameAs\":[\"https:\\\/\\\/x.com\\\/naturalmentecc\",\"https:\\\/\\\/www.instagram.com\\\/naturalmentecaceres\\\/\"]},{\"@type\":\"Person\",\"@id\":\"http:\\\/\\\/naturalmentecaceres.com\\\/#\\\/schema\\\/person\\\/14e51e6f1f5cc38d27627ad8a8c14340\",\"name\":\"Talher\",\"image\":{\"@type\":\"ImageObject\",\"inLanguage\":\"es\",\"@id\":\"https:\\\/\\\/secure.gravatar.com\\\/avatar\\\/129d2825c3c915f0d6bae5b93b934c74574bbe9aa2bac86aea3884599040250e?s=96&d=mm&r=g\",\"url\":\"https:\\\/\\\/secure.gravatar.com\\\/avatar\\\/129d2825c3c915f0d6bae5b93b934c74574bbe9aa2bac86aea3884599040250e?s=96&d=mm&r=g\",\"contentUrl\":\"https:\\\/\\\/secure.gravatar.com\\\/avatar\\\/129d2825c3c915f0d6bae5b93b934c74574bbe9aa2bac86aea3884599040250e?s=96&d=mm&r=g\",\"caption\":\"Talher\"},\"url\":\"http:\\\/\\\/naturalmentecaceres.com\\\/index.php\\\/archivos\\\/author\\\/talher\"}]}<\/script>\r\n<!-- \/ Yoast SEO plugin. -->","yoast_head_json":{"title":"ALDEA MORET +natural - NATURALMENTE C\u00c1CERES","robots":{"index":"index","follow":"follow","max-snippet":"max-snippet:-1","max-image-preview":"max-image-preview:large","max-video-preview":"max-video-preview:-1"},"canonical":"http:\/\/naturalmentecaceres.com\/index.php\/archivos\/559","og_locale":"es_ES","og_type":"article","og_title":"ALDEA MORET +natural - NATURALMENTE C\u00c1CERES","og_description":"En las pr\u00f3ximas semanas comienza un nuevo proyecto de educaci\u00f3n ambiental en el barrio cacere\u00f1o de Aldea Moret. Con ALDEA MORET +natural pretendemos: Promover la cultura social para que se asuma que los espacios p\u00fablicos son de toda la ciudadan\u00eda. Promover buenas pr\u00e1cticas ciudadanas en el cuidado del entorno y la convivencia vecinal. Mejorar el conocimiento ciudadano de las actividades municipales en el \u00e1mbito de la limpieza viaria y el mantenimiento de parques y jardines. Implicar a la ciudadan\u00eda en... Leer m\u00e1s Leer m\u00e1s","og_url":"http:\/\/naturalmentecaceres.com\/index.php\/archivos\/559","og_site_name":"NATURALMENTE C\u00c1CERES","article_published_time":"2021-05-14T05:48:39+00:00","article_modified_time":"2021-07-26T13:08:51+00:00","og_image":[{"url":"http:\/\/naturalmentecaceres.com\/wp-content\/uploads\/2021\/05\/Aldea-Moret-minas.jpg","type":"","width":"","height":""}],"author":"Talher","twitter_card":"summary_large_image","twitter_creator":"@naturalmentecc","twitter_site":"@naturalmentecc","twitter_misc":{"Escrito por":"Talher","Tiempo de lectura":"1 minuto"},"schema":{"@context":"https:\/\/schema.org","@graph":[{"@type":"Article","@id":"http:\/\/naturalmentecaceres.com\/index.php\/archivos\/559#article","isPartOf":{"@id":"http:\/\/naturalmentecaceres.com\/index.php\/archivos\/559"},"author":{"name":"Talher","@id":"http:\/\/naturalmentecaceres.com\/#\/schema\/person\/14e51e6f1f5cc38d27627ad8a8c14340"},"headline":"ALDEA MORET +natural","datePublished":"2021-05-14T05:48:39+00:00","dateModified":"2021-07-26T13:08:51+00:00","mainEntityOfPage":{"@id":"http:\/\/naturalmentecaceres.com\/index.php\/archivos\/559"},"wordCount":209,"commentCount":0,"publisher":{"@id":"http:\/\/naturalmentecaceres.com\/#organization"},"image":{"@id":"http:\/\/naturalmentecaceres.com\/index.php\/archivos\/559#primaryimage"},"thumbnailUrl":"http:\/\/naturalmentecaceres.com\/wp-content\/uploads\/2021\/05\/Aldea-Moret-minas.jpg","articleSection":["Educaci\u00f3n ambiental"],"inLanguage":"es","potentialAction":[{"@type":"CommentAction","name":"Comment","target":["http:\/\/naturalmentecaceres.com\/index.php\/archivos\/559#respond"]}]},{"@type":"WebPage","@id":"http:\/\/naturalmentecaceres.com\/index.php\/archivos\/559","url":"http:\/\/naturalmentecaceres.com\/index.php\/archivos\/559","name":"ALDEA MORET +natural - NATURALMENTE C\u00c1CERES","isPartOf":{"@id":"http:\/\/naturalmentecaceres.com\/#website"},"primaryImageOfPage":{"@id":"http:\/\/naturalmentecaceres.com\/index.php\/archivos\/559#primaryimage"},"image":{"@id":"http:\/\/naturalmentecaceres.com\/index.php\/archivos\/559#primaryimage"},"thumbnailUrl":"http:\/\/naturalmentecaceres.com\/wp-content\/uploads\/2021\/05\/Aldea-Moret-minas.jpg","datePublished":"2021-05-14T05:48:39+00:00","dateModified":"2021-07-26T13:08:51+00:00","breadcrumb":{"@id":"http:\/\/naturalmentecaceres.com\/index.php\/archivos\/559#breadcrumb"},"inLanguage":"es","potentialAction":[{"@type":"ReadAction","target":["http:\/\/naturalmentecaceres.com\/index.php\/archivos\/559"]}]},{"@type":"ImageObject","inLanguage":"es","@id":"http:\/\/naturalmentecaceres.com\/index.php\/archivos\/559#primaryimage","url":"http:\/\/naturalmentecaceres.com\/wp-content\/uploads\/2021\/05\/Aldea-Moret-minas.jpg","contentUrl":"http:\/\/naturalmentecaceres.com\/wp-content\/uploads\/2021\/05\/Aldea-Moret-minas.jpg","width":624,"height":415},{"@type":"BreadcrumbList","@id":"http:\/\/naturalmentecaceres.com\/index.php\/archivos\/559#breadcrumb","itemListElement":[{"@type":"ListItem","position":1,"name":"Portada","item":"http:\/\/naturalmentecaceres.com\/"},{"@type":"ListItem","position":2,"name":"ALDEA MORET +natural"}]},{"@type":"WebSite","@id":"http:\/\/naturalmentecaceres.com\/#website","url":"http:\/\/naturalmentecaceres.com\/","name":"NATURALMENTE C\u00c1CERES","description":"Web del proyecto de educaci\u00f3n ambiental gestionado por Talher en C\u00e1ceres","publisher":{"@id":"http:\/\/naturalmentecaceres.com\/#organization"},"potentialAction":[{"@type":"SearchAction","target":{"@type":"EntryPoint","urlTemplate":"http:\/\/naturalmentecaceres.com\/?s={search_term_string}"},"query-input":{"@type":"PropertyValueSpecification","valueRequired":true,"valueName":"search_term_string"}}],"inLanguage":"es"},{"@type":"Organization","@id":"http:\/\/naturalmentecaceres.com\/#organization","name":"NATURALMENTE C\u00c1CERES","url":"http:\/\/naturalmentecaceres.com\/","logo":{"@type":"ImageObject","inLanguage":"es","@id":"http:\/\/naturalmentecaceres.com\/#\/schema\/logo\/image\/","url":"http:\/\/naturalmentecaceres.com\/wp-content\/uploads\/2023\/02\/naturalmente.jpg","contentUrl":"http:\/\/naturalmentecaceres.com\/wp-content\/uploads\/2023\/02\/naturalmente.jpg","width":1300,"height":1237,"caption":"NATURALMENTE C\u00c1CERES"},"image":{"@id":"http:\/\/naturalmentecaceres.com\/#\/schema\/logo\/image\/"},"sameAs":["https:\/\/x.com\/naturalmentecc","https:\/\/www.instagram.com\/naturalmentecaceres\/"]},{"@type":"Person","@id":"http:\/\/naturalmentecaceres.com\/#\/schema\/person\/14e51e6f1f5cc38d27627ad8a8c14340","name":"Talher","image":{"@type":"ImageObject","inLanguage":"es","@id":"https:\/\/secure.gravatar.com\/avatar\/129d2825c3c915f0d6bae5b93b934c74574bbe9aa2bac86aea3884599040250e?s=96&d=mm&r=g","url":"https:\/\/secure.gravatar.com\/avatar\/129d2825c3c915f0d6bae5b93b934c74574bbe9aa2bac86aea3884599040250e?s=96&d=mm&r=g","contentUrl":"https:\/\/secure.gravatar.com\/avatar\/129d2825c3c915f0d6bae5b93b934c74574bbe9aa2bac86aea3884599040250e?s=96&d=mm&r=g","caption":"Talher"},"url":"http:\/\/naturalmentecaceres.com\/index.php\/archivos\/author\/talher"}]}},"_links":{"self":[{"href":"http:\/\/naturalmentecaceres.com\/index.php\/wp-json\/wp\/v2\/posts\/559","targetHints":{"allow":["GET"]}}],"collection":[{"href":"http:\/\/naturalmentecaceres.com\/index.php\/wp-json\/wp\/v2\/posts"}],"about":[{"href":"http:\/\/naturalmentecaceres.com\/index.php\/wp-json\/wp\/v2\/types\/post"}],"author":[{"embeddable":true,"href":"http:\/\/naturalmentecaceres.com\/index.php\/wp-json\/wp\/v2\/users\/1"}],"replies":[{"embeddable":true,"href":"http:\/\/naturalmentecaceres.com\/index.php\/wp-json\/wp\/v2\/comments?post=559"}],"version-history":[{"count":4,"href":"http:\/\/naturalmentecaceres.com\/index.php\/wp-json\/wp\/v2\/posts\/559\/revisions"}],"predecessor-version":[{"id":564,"href":"http:\/\/naturalmentecaceres.com\/index.php\/wp-json\/wp\/v2\/posts\/559\/revisions\/564"}],"wp:attachment":[{"href":"http:\/\/naturalmentecaceres.com\/index.php\/wp-json\/wp\/v2\/media?parent=559"}],"wp:term":[{"taxonomy":"category","embeddable":true,"href":"http:\/\/naturalmentecaceres.com\/index.php\/wp-json\/wp\/v2\/categories?post=559"},{"taxonomy":"post_tag","embeddable":true,"href":"http:\/\/naturalmentecaceres.com\/index.php\/wp-json\/wp\/v2\/tags?post=559"}],"curies":[{"name":"wp","href":"https:\/\/api.w.org\/{rel}","templated":true}]}}