{"id":531,"date":"2020-06-15T14:15:22","date_gmt":"2020-06-15T14:15:22","guid":{"rendered":"http:\/\/naturalmentecaceres.com\/?p=531"},"modified":"2021-07-26T13:08:51","modified_gmt":"2021-07-26T13:08:51","slug":"parques-y-jardines-de-caceres-el-barrio-de-los-fratres","status":"publish","type":"post","link":"http:\/\/naturalmentecaceres.com\/index.php\/archivos\/531","title":{"rendered":"PARQUES Y JARDINES DE C\u00c1CERES: EL BARRIO DE LOS FRATRES"},"content":{"rendered":"\n<p>\u00a1Nos encanta los espacios verdes, parques y jardines de\nC\u00e1ceres! Forman parte del ecosistema urbano y nos proporcionan una\nbiodiversidad excepcional. Por eso, queremos que conozc\u00e1is otros espacio m\u00e1s de\nla ciudad: Los Fratres.<\/p>\n\n\n\n<p>Pero, \u00bfpor qu\u00e9 este barrio tiene un nombre tan raro y\ndif\u00edcil de pronunciar? Hace honor a un grupo de caballeros que se unieron como\nla orden militar y religiosa de los <em>Fratres<\/em> que fue creada por Fernando\nII para defender y proteger a C\u00e1ceres tras la reconquista en el siglo XII. Esta\norden fue el origen de la <em>Orden<\/em> <em>de Santiago.<\/em> <\/p>\n\n\n\n<p>Este barrio cacere\u00f1o, est\u00e1 situado en el distrito centro de C\u00e1ceres y en anta\u00f1o alberg\u00f3 la estaci\u00f3n de ferrocarril hasta que, en la d\u00e9cada de los 60, se traslad\u00f3 en su actual emplazamiento. Desde entonces sus terrenos comenzaron a acoger las festividades de C\u00e1ceres: la feria de San Fernando a finales del mes de mayo y la de San Miguel en septiembre. Durante d\u00e9cadas, muchos cacere\u00f1os y cacere\u00f1as disfrutaban de las fiestas y se montaban en los \u201ccacharritos\u201d hasta que en 1989 se cambi\u00f3 de ubicaci\u00f3n al actual recinto Ferial e H\u00edpico que antiguamente era el descampado que fue campo de aviaci\u00f3n durante la Guerra Civil. <\/p>\n\n\n\n<div class=\"wp-block-image\"><figure class=\"aligncenter size-large\"><img loading=\"lazy\" decoding=\"async\" width=\"706\" height=\"898\" src=\"http:\/\/naturalmentecaceres.com\/wp-content\/uploads\/2020\/06\/feriafratres1968-1.jpg\" alt=\"\" class=\"wp-image-535\" srcset=\"http:\/\/naturalmentecaceres.com\/wp-content\/uploads\/2020\/06\/feriafratres1968-1.jpg 706w, http:\/\/naturalmentecaceres.com\/wp-content\/uploads\/2020\/06\/feriafratres1968-1-236x300.jpg 236w, http:\/\/naturalmentecaceres.com\/wp-content\/uploads\/2020\/06\/feriafratres1968-1-212x270.jpg 212w\" sizes=\"auto, (max-width: 706px) 100vw, 706px\" \/><\/figure><\/div>\n\n\n\n<p>Por ello, se trata de un barrio muy joven que comenz\u00f3 a\nconstruirse a finales de los 90 y donde poco a poco se han ido instalando\ncomercios y servicios. Alberga el Palacio de Congresos de C\u00e1ceres y cuenta con pistas\ndeportivas (cerca de la estaci\u00f3n de autobuses y de tren), adem\u00e1s espacios\nverdes y plazoletas entre los edificios que forman parte del ecosistema urbano\nde C\u00e1ceres y que aportan mucho color durante todo el a\u00f1o.<\/p>\n\n\n\n<p>En esta zona, contamos con dos parques: el <em>Parque de los\nFratres<\/em> y el <em>Parque Federico Rea\u00f1o Garc\u00eda.<\/em><\/p>\n\n\n\n<h1 class=\"wp-block-heading\"><strong>PARQUE DE LOS FRATRES<\/strong> <\/h1>\n\n\n\n<p>En la zona norte del barrio junto a la Avenida Isabel de Moctezuma y al Palacio de Congresos de C\u00e1ceres, podemos encontrar este peque\u00f1o parque de C\u00e1ceres. Fue dise\u00f1ado por Ricardo Bofill e inaugurado en 2002. Cuenta con un \u00e1rea de juegos infantil y diferentes espacios por los que dar un paseo bajo el techado, que aporta sombra y frescura en los meses m\u00e1s calurosos.<\/p>\n\n\n\n<div class=\"wp-block-image\"><figure class=\"aligncenter size-large\"><img loading=\"lazy\" decoding=\"async\" width=\"1024\" height=\"768\" src=\"http:\/\/naturalmentecaceres.com\/wp-content\/uploads\/2020\/06\/Parque-de-los-Fratres-1-1024x768.jpg\" alt=\"\" class=\"wp-image-533\" srcset=\"http:\/\/naturalmentecaceres.com\/wp-content\/uploads\/2020\/06\/Parque-de-los-Fratres-1-1024x768.jpg 1024w, http:\/\/naturalmentecaceres.com\/wp-content\/uploads\/2020\/06\/Parque-de-los-Fratres-1-300x225.jpg 300w, http:\/\/naturalmentecaceres.com\/wp-content\/uploads\/2020\/06\/Parque-de-los-Fratres-1-768x576.jpg 768w, http:\/\/naturalmentecaceres.com\/wp-content\/uploads\/2020\/06\/Parque-de-los-Fratres-1-1536x1152.jpg 1536w, http:\/\/naturalmentecaceres.com\/wp-content\/uploads\/2020\/06\/Parque-de-los-Fratres-1-2048x1536.jpg 2048w, http:\/\/naturalmentecaceres.com\/wp-content\/uploads\/2020\/06\/Parque-de-los-Fratres-1-360x270.jpg 360w\" sizes=\"auto, (max-width: 1024px) 100vw, 1024px\" \/><\/figure><\/div>\n\n\n\n<p>En cuanto a su diversidad arb\u00f3rea, cuenta con un total de 125\n\u00e1rboles, siendo los m\u00e1s abundantes los naranjos amargos, cipreses y los\nciruelos, que son preciosos cuando florecen al comienzo de la primavera.\nTambi\u00e9n podemos observar granados, tuyas occidentales, cedro de incienso o\npalmeras datileras, adem\u00e1s de \u00e1rboles aut\u00f3ctonos como alcornoques, laureles y\nolivos.<\/p>\n\n\n\n<h1 class=\"wp-block-heading\"><strong>PARQUE FEDERICO REA\u00d1O GARC\u00cdA O\nPARQUE EUROPA<\/strong><\/h1>\n\n\n\n<p>Este otro peque\u00f1o parque de C\u00e1ceres est\u00e1 situado entre el\nedificio <em>Torre de C\u00e1ceres<\/em> y la plaza de Noruega. Fue nombrado as\u00ed en el\na\u00f1o 2008 en honor a Federico Rea\u00f1o Garc\u00eda (1879-1927), nacido en Talavera de la\nReina (Toledo), fue militar y un gran escritor y poeta que vivi\u00f3 en nuestra\nciudad y fund\u00f3 la revista <em>Renovaci\u00f3n, <\/em>adem\u00e1s de dirigir otras muchas. <\/p>\n\n\n\n<p>En este parque de C\u00e1ceres, podemos encontrar una zona de\njuegos infantiles (denominada Parque Infantil <em>Parque Europa<\/em>), que est\u00e1\nsituada junto a la <em>Glorieta Europa<\/em> que rinde homenaje a los M\u00fasicos de\nBremen o <em>trotam\u00fasicos<\/em>.<\/p>\n\n\n\n<p>Aunque se trata de un espacio verde peque\u00f1o, cuenta con mucha diversidad en \u00e1rboles ornamentales, ya que tiene un total de 38 especies muy diversas: cipreses, palmeras datileras, ciruelos, magnolias, tuyas, \u00e1rboles de fuego, jacarand\u00e1, \u00e1rboles del amor o de judas, una palmera excelsa, una falsa acacia, un \u00e1rbol de la seda, un palmito y una tuya oriental o \u00e1rbol de la vida.<\/p>\n\n\n\n<div class=\"wp-block-image\"><figure class=\"aligncenter size-large\"><img loading=\"lazy\" decoding=\"async\" width=\"1024\" height=\"1024\" src=\"http:\/\/naturalmentecaceres.com\/wp-content\/uploads\/2020\/06\/Parque-Federico-Rea\u00f1o-1-1024x1024.jpg\" alt=\"\" class=\"wp-image-537\" srcset=\"http:\/\/naturalmentecaceres.com\/wp-content\/uploads\/2020\/06\/Parque-Federico-Rea\u00f1o-1-1024x1024.jpg 1024w, http:\/\/naturalmentecaceres.com\/wp-content\/uploads\/2020\/06\/Parque-Federico-Rea\u00f1o-1-300x300.jpg 300w, http:\/\/naturalmentecaceres.com\/wp-content\/uploads\/2020\/06\/Parque-Federico-Rea\u00f1o-1-150x150.jpg 150w, http:\/\/naturalmentecaceres.com\/wp-content\/uploads\/2020\/06\/Parque-Federico-Rea\u00f1o-1-768x768.jpg 768w, http:\/\/naturalmentecaceres.com\/wp-content\/uploads\/2020\/06\/Parque-Federico-Rea\u00f1o-1-270x270.jpg 270w, http:\/\/naturalmentecaceres.com\/wp-content\/uploads\/2020\/06\/Parque-Federico-Rea\u00f1o-1.jpg 1280w\" sizes=\"auto, (max-width: 1024px) 100vw, 1024px\" \/><\/figure><\/div>\n\n\n\n<p>Como cualquier zona verde de C\u00e1ceres, en ambos parques y por\nel barrio podemos encontrar y observar diferentes especies de aves,\nespecialmente gorriones, palomas, mirlos, carboneros comunes, verderones,\nverdecillos o grajillas. <\/p>\n\n\n\n<p>En definitiva, el barrio cacere\u00f1o de los Fratres alberga una\nhermosa biodiversidad en sus parques y jardines, al igual que el resto de los\nespacios verdes de la ciudad.<\/p>\n\n\n\n<p>FUENTES<\/p>\n\n\n\n<ul class=\"wp-block-list\"><li><a href=\"https:\/\/es.wikipedia.org\/wiki\/Fratres_de_C%C3%A1ceres\">https:\/\/es.wikipedia.org\/wiki\/Fratres_de_C%C3%A1ceres<\/a><\/li><li><a href=\"https:\/\/es.wikipedia.org\/wiki\/Estaci%C3%B3n_de_C%C3%A1ceres\">https:\/\/es.wikipedia.org\/wiki\/Estaci%C3%B3n_de_C%C3%A1ceres<\/a><\/li><li><a href=\"https:\/\/www.hoy.es\/v\/20100530\/caceres\/cuando-paso-fratres-antiguo-20100530.html\">https:\/\/www.hoy.es\/v\/20100530\/caceres\/cuando-paso-fratres-antiguo-20100530.html<\/a><\/li><li><a href=\"http:\/\/conocecaceres.blogspot.com\/p\/parque-de-los-fratres.html\">http:\/\/conocecaceres.blogspot.com\/p\/parque-de-los-fratres.html<\/a><\/li><\/ul>\n","protected":false},"excerpt":{"rendered":"<p>\u00a1Nos encanta los espacios verdes, parques y jardines de C\u00e1ceres! Forman parte del ecosistema urbano y nos proporcionan una biodiversidad excepcional. Por eso, queremos que conozc\u00e1is otros espacio m\u00e1s de la ciudad: Los Fratres. Pero, \u00bfpor qu\u00e9 este barrio tiene un nombre tan raro y dif\u00edcil de pronunciar? Hace honor a un grupo de caballeros que se unieron como la orden militar y religiosa de los Fratres que fue creada por Fernando II para defender y proteger a C\u00e1ceres tras&#8230;<\/p>\n<p class=\"read-more\"><a class=\"btn btn-default\" href=\"http:\/\/naturalmentecaceres.com\/index.php\/archivos\/531\"> Leer m\u00e1s<span class=\"screen-reader-text\">  Leer m\u00e1s<\/span><\/a><\/p>\n","protected":false},"author":1,"featured_media":0,"comment_status":"open","ping_status":"open","sticky":false,"template":"","format":"standard","meta":{"footnotes":""},"categories":[1],"tags":[],"class_list":["post-531","post","type-post","status-publish","format-standard","hentry","category-uncategorized"],"yoast_head":"<!-- This site is optimized with the Yoast SEO plugin v27.5 - https:\/\/yoast.com\/product\/yoast-seo-wordpress\/ -->\r\n<title>PARQUES Y JARDINES DE C\u00c1CERES: EL BARRIO DE LOS FRATRES - NATURALMENTE C\u00c1CERES<\/title>\r\n<meta name=\"robots\" content=\"index, follow, max-snippet:-1, max-image-preview:large, max-video-preview:-1\" \/>\r\n<link rel=\"canonical\" href=\"http:\/\/naturalmentecaceres.com\/index.php\/archivos\/531\" \/>\r\n<meta property=\"og:locale\" content=\"es_ES\" \/>\r\n<meta property=\"og:type\" content=\"article\" \/>\r\n<meta property=\"og:title\" content=\"PARQUES Y JARDINES DE C\u00c1CERES: EL BARRIO DE LOS FRATRES - NATURALMENTE C\u00c1CERES\" \/>\r\n<meta property=\"og:description\" content=\"\u00a1Nos encanta los espacios verdes, parques y jardines de C\u00e1ceres! Forman parte del ecosistema urbano y nos proporcionan una biodiversidad excepcional. Por eso, queremos que conozc\u00e1is otros espacio m\u00e1s de la ciudad: Los Fratres. Pero, \u00bfpor qu\u00e9 este barrio tiene un nombre tan raro y dif\u00edcil de pronunciar? Hace honor a un grupo de caballeros que se unieron como la orden militar y religiosa de los Fratres que fue creada por Fernando II para defender y proteger a C\u00e1ceres tras... Leer m\u00e1s Leer m\u00e1s\" \/>\r\n<meta property=\"og:url\" content=\"http:\/\/naturalmentecaceres.com\/index.php\/archivos\/531\" \/>\r\n<meta property=\"og:site_name\" content=\"NATURALMENTE C\u00c1CERES\" \/>\r\n<meta property=\"article:published_time\" content=\"2020-06-15T14:15:22+00:00\" \/>\r\n<meta property=\"article:modified_time\" content=\"2021-07-26T13:08:51+00:00\" \/>\r\n<meta property=\"og:image\" content=\"http:\/\/naturalmentecaceres.com\/wp-content\/uploads\/2020\/06\/feriafratres1968-1.jpg\" \/>\r\n<meta name=\"author\" content=\"Talher\" \/>\r\n<meta name=\"twitter:card\" content=\"summary_large_image\" \/>\r\n<meta name=\"twitter:creator\" content=\"@naturalmentecc\" \/>\r\n<meta name=\"twitter:site\" content=\"@naturalmentecc\" \/>\r\n<meta name=\"twitter:label1\" content=\"Escrito por\" \/>\n\t<meta name=\"twitter:data1\" content=\"Talher\" \/>\n\t<meta name=\"twitter:label2\" content=\"Tiempo de lectura\" \/>\n\t<meta name=\"twitter:data2\" content=\"4 minutos\" \/>\r\n<script type=\"application\/ld+json\" class=\"yoast-schema-graph\">{\"@context\":\"https:\\\/\\\/schema.org\",\"@graph\":[{\"@type\":\"Article\",\"@id\":\"http:\\\/\\\/naturalmentecaceres.com\\\/index.php\\\/archivos\\\/531#article\",\"isPartOf\":{\"@id\":\"http:\\\/\\\/naturalmentecaceres.com\\\/index.php\\\/archivos\\\/531\"},\"author\":{\"name\":\"Talher\",\"@id\":\"http:\\\/\\\/naturalmentecaceres.com\\\/#\\\/schema\\\/person\\\/14e51e6f1f5cc38d27627ad8a8c14340\"},\"headline\":\"PARQUES Y JARDINES DE C\u00c1CERES: EL BARRIO DE LOS FRATRES\",\"datePublished\":\"2020-06-15T14:15:22+00:00\",\"dateModified\":\"2021-07-26T13:08:51+00:00\",\"mainEntityOfPage\":{\"@id\":\"http:\\\/\\\/naturalmentecaceres.com\\\/index.php\\\/archivos\\\/531\"},\"wordCount\":743,\"commentCount\":0,\"publisher\":{\"@id\":\"http:\\\/\\\/naturalmentecaceres.com\\\/#organization\"},\"image\":{\"@id\":\"http:\\\/\\\/naturalmentecaceres.com\\\/index.php\\\/archivos\\\/531#primaryimage\"},\"thumbnailUrl\":\"http:\\\/\\\/naturalmentecaceres.com\\\/wp-content\\\/uploads\\\/2020\\\/06\\\/feriafratres1968-1.jpg\",\"articleSection\":[\"Educaci\u00f3n ambiental\"],\"inLanguage\":\"es\",\"potentialAction\":[{\"@type\":\"CommentAction\",\"name\":\"Comment\",\"target\":[\"http:\\\/\\\/naturalmentecaceres.com\\\/index.php\\\/archivos\\\/531#respond\"]}]},{\"@type\":\"WebPage\",\"@id\":\"http:\\\/\\\/naturalmentecaceres.com\\\/index.php\\\/archivos\\\/531\",\"url\":\"http:\\\/\\\/naturalmentecaceres.com\\\/index.php\\\/archivos\\\/531\",\"name\":\"PARQUES Y JARDINES DE C\u00c1CERES: EL BARRIO DE LOS FRATRES - NATURALMENTE C\u00c1CERES\",\"isPartOf\":{\"@id\":\"http:\\\/\\\/naturalmentecaceres.com\\\/#website\"},\"primaryImageOfPage\":{\"@id\":\"http:\\\/\\\/naturalmentecaceres.com\\\/index.php\\\/archivos\\\/531#primaryimage\"},\"image\":{\"@id\":\"http:\\\/\\\/naturalmentecaceres.com\\\/index.php\\\/archivos\\\/531#primaryimage\"},\"thumbnailUrl\":\"http:\\\/\\\/naturalmentecaceres.com\\\/wp-content\\\/uploads\\\/2020\\\/06\\\/feriafratres1968-1.jpg\",\"datePublished\":\"2020-06-15T14:15:22+00:00\",\"dateModified\":\"2021-07-26T13:08:51+00:00\",\"breadcrumb\":{\"@id\":\"http:\\\/\\\/naturalmentecaceres.com\\\/index.php\\\/archivos\\\/531#breadcrumb\"},\"inLanguage\":\"es\",\"potentialAction\":[{\"@type\":\"ReadAction\",\"target\":[\"http:\\\/\\\/naturalmentecaceres.com\\\/index.php\\\/archivos\\\/531\"]}]},{\"@type\":\"ImageObject\",\"inLanguage\":\"es\",\"@id\":\"http:\\\/\\\/naturalmentecaceres.com\\\/index.php\\\/archivos\\\/531#primaryimage\",\"url\":\"http:\\\/\\\/naturalmentecaceres.com\\\/wp-content\\\/uploads\\\/2020\\\/06\\\/feriafratres1968-1.jpg\",\"contentUrl\":\"http:\\\/\\\/naturalmentecaceres.com\\\/wp-content\\\/uploads\\\/2020\\\/06\\\/feriafratres1968-1.jpg\",\"width\":706,\"height\":898},{\"@type\":\"BreadcrumbList\",\"@id\":\"http:\\\/\\\/naturalmentecaceres.com\\\/index.php\\\/archivos\\\/531#breadcrumb\",\"itemListElement\":[{\"@type\":\"ListItem\",\"position\":1,\"name\":\"Portada\",\"item\":\"http:\\\/\\\/naturalmentecaceres.com\\\/\"},{\"@type\":\"ListItem\",\"position\":2,\"name\":\"PARQUES Y JARDINES DE C\u00c1CERES: EL BARRIO DE LOS FRATRES\"}]},{\"@type\":\"WebSite\",\"@id\":\"http:\\\/\\\/naturalmentecaceres.com\\\/#website\",\"url\":\"http:\\\/\\\/naturalmentecaceres.com\\\/\",\"name\":\"NATURALMENTE C\u00c1CERES\",\"description\":\"Web del proyecto de educaci\u00f3n ambiental gestionado por Talher en C\u00e1ceres\",\"publisher\":{\"@id\":\"http:\\\/\\\/naturalmentecaceres.com\\\/#organization\"},\"potentialAction\":[{\"@type\":\"SearchAction\",\"target\":{\"@type\":\"EntryPoint\",\"urlTemplate\":\"http:\\\/\\\/naturalmentecaceres.com\\\/?s={search_term_string}\"},\"query-input\":{\"@type\":\"PropertyValueSpecification\",\"valueRequired\":true,\"valueName\":\"search_term_string\"}}],\"inLanguage\":\"es\"},{\"@type\":\"Organization\",\"@id\":\"http:\\\/\\\/naturalmentecaceres.com\\\/#organization\",\"name\":\"NATURALMENTE C\u00c1CERES\",\"url\":\"http:\\\/\\\/naturalmentecaceres.com\\\/\",\"logo\":{\"@type\":\"ImageObject\",\"inLanguage\":\"es\",\"@id\":\"http:\\\/\\\/naturalmentecaceres.com\\\/#\\\/schema\\\/logo\\\/image\\\/\",\"url\":\"http:\\\/\\\/naturalmentecaceres.com\\\/wp-content\\\/uploads\\\/2023\\\/02\\\/naturalmente.jpg\",\"contentUrl\":\"http:\\\/\\\/naturalmentecaceres.com\\\/wp-content\\\/uploads\\\/2023\\\/02\\\/naturalmente.jpg\",\"width\":1300,\"height\":1237,\"caption\":\"NATURALMENTE C\u00c1CERES\"},\"image\":{\"@id\":\"http:\\\/\\\/naturalmentecaceres.com\\\/#\\\/schema\\\/logo\\\/image\\\/\"},\"sameAs\":[\"https:\\\/\\\/x.com\\\/naturalmentecc\",\"https:\\\/\\\/www.instagram.com\\\/naturalmentecaceres\\\/\"]},{\"@type\":\"Person\",\"@id\":\"http:\\\/\\\/naturalmentecaceres.com\\\/#\\\/schema\\\/person\\\/14e51e6f1f5cc38d27627ad8a8c14340\",\"name\":\"Talher\",\"image\":{\"@type\":\"ImageObject\",\"inLanguage\":\"es\",\"@id\":\"https:\\\/\\\/secure.gravatar.com\\\/avatar\\\/129d2825c3c915f0d6bae5b93b934c74574bbe9aa2bac86aea3884599040250e?s=96&d=mm&r=g\",\"url\":\"https:\\\/\\\/secure.gravatar.com\\\/avatar\\\/129d2825c3c915f0d6bae5b93b934c74574bbe9aa2bac86aea3884599040250e?s=96&d=mm&r=g\",\"contentUrl\":\"https:\\\/\\\/secure.gravatar.com\\\/avatar\\\/129d2825c3c915f0d6bae5b93b934c74574bbe9aa2bac86aea3884599040250e?s=96&d=mm&r=g\",\"caption\":\"Talher\"},\"url\":\"http:\\\/\\\/naturalmentecaceres.com\\\/index.php\\\/archivos\\\/author\\\/talher\"}]}<\/script>\r\n<!-- \/ Yoast SEO plugin. -->","yoast_head_json":{"title":"PARQUES Y JARDINES DE C\u00c1CERES: EL BARRIO DE LOS FRATRES - NATURALMENTE C\u00c1CERES","robots":{"index":"index","follow":"follow","max-snippet":"max-snippet:-1","max-image-preview":"max-image-preview:large","max-video-preview":"max-video-preview:-1"},"canonical":"http:\/\/naturalmentecaceres.com\/index.php\/archivos\/531","og_locale":"es_ES","og_type":"article","og_title":"PARQUES Y JARDINES DE C\u00c1CERES: EL BARRIO DE LOS FRATRES - NATURALMENTE C\u00c1CERES","og_description":"\u00a1Nos encanta los espacios verdes, parques y jardines de C\u00e1ceres! Forman parte del ecosistema urbano y nos proporcionan una biodiversidad excepcional. Por eso, queremos que conozc\u00e1is otros espacio m\u00e1s de la ciudad: Los Fratres. Pero, \u00bfpor qu\u00e9 este barrio tiene un nombre tan raro y dif\u00edcil de pronunciar? Hace honor a un grupo de caballeros que se unieron como la orden militar y religiosa de los Fratres que fue creada por Fernando II para defender y proteger a C\u00e1ceres tras... Leer m\u00e1s Leer m\u00e1s","og_url":"http:\/\/naturalmentecaceres.com\/index.php\/archivos\/531","og_site_name":"NATURALMENTE C\u00c1CERES","article_published_time":"2020-06-15T14:15:22+00:00","article_modified_time":"2021-07-26T13:08:51+00:00","og_image":[{"url":"http:\/\/naturalmentecaceres.com\/wp-content\/uploads\/2020\/06\/feriafratres1968-1.jpg","type":"","width":"","height":""}],"author":"Talher","twitter_card":"summary_large_image","twitter_creator":"@naturalmentecc","twitter_site":"@naturalmentecc","twitter_misc":{"Escrito por":"Talher","Tiempo de lectura":"4 minutos"},"schema":{"@context":"https:\/\/schema.org","@graph":[{"@type":"Article","@id":"http:\/\/naturalmentecaceres.com\/index.php\/archivos\/531#article","isPartOf":{"@id":"http:\/\/naturalmentecaceres.com\/index.php\/archivos\/531"},"author":{"name":"Talher","@id":"http:\/\/naturalmentecaceres.com\/#\/schema\/person\/14e51e6f1f5cc38d27627ad8a8c14340"},"headline":"PARQUES Y JARDINES DE C\u00c1CERES: EL BARRIO DE LOS FRATRES","datePublished":"2020-06-15T14:15:22+00:00","dateModified":"2021-07-26T13:08:51+00:00","mainEntityOfPage":{"@id":"http:\/\/naturalmentecaceres.com\/index.php\/archivos\/531"},"wordCount":743,"commentCount":0,"publisher":{"@id":"http:\/\/naturalmentecaceres.com\/#organization"},"image":{"@id":"http:\/\/naturalmentecaceres.com\/index.php\/archivos\/531#primaryimage"},"thumbnailUrl":"http:\/\/naturalmentecaceres.com\/wp-content\/uploads\/2020\/06\/feriafratres1968-1.jpg","articleSection":["Educaci\u00f3n ambiental"],"inLanguage":"es","potentialAction":[{"@type":"CommentAction","name":"Comment","target":["http:\/\/naturalmentecaceres.com\/index.php\/archivos\/531#respond"]}]},{"@type":"WebPage","@id":"http:\/\/naturalmentecaceres.com\/index.php\/archivos\/531","url":"http:\/\/naturalmentecaceres.com\/index.php\/archivos\/531","name":"PARQUES Y JARDINES DE C\u00c1CERES: EL BARRIO DE LOS FRATRES - NATURALMENTE C\u00c1CERES","isPartOf":{"@id":"http:\/\/naturalmentecaceres.com\/#website"},"primaryImageOfPage":{"@id":"http:\/\/naturalmentecaceres.com\/index.php\/archivos\/531#primaryimage"},"image":{"@id":"http:\/\/naturalmentecaceres.com\/index.php\/archivos\/531#primaryimage"},"thumbnailUrl":"http:\/\/naturalmentecaceres.com\/wp-content\/uploads\/2020\/06\/feriafratres1968-1.jpg","datePublished":"2020-06-15T14:15:22+00:00","dateModified":"2021-07-26T13:08:51+00:00","breadcrumb":{"@id":"http:\/\/naturalmentecaceres.com\/index.php\/archivos\/531#breadcrumb"},"inLanguage":"es","potentialAction":[{"@type":"ReadAction","target":["http:\/\/naturalmentecaceres.com\/index.php\/archivos\/531"]}]},{"@type":"ImageObject","inLanguage":"es","@id":"http:\/\/naturalmentecaceres.com\/index.php\/archivos\/531#primaryimage","url":"http:\/\/naturalmentecaceres.com\/wp-content\/uploads\/2020\/06\/feriafratres1968-1.jpg","contentUrl":"http:\/\/naturalmentecaceres.com\/wp-content\/uploads\/2020\/06\/feriafratres1968-1.jpg","width":706,"height":898},{"@type":"BreadcrumbList","@id":"http:\/\/naturalmentecaceres.com\/index.php\/archivos\/531#breadcrumb","itemListElement":[{"@type":"ListItem","position":1,"name":"Portada","item":"http:\/\/naturalmentecaceres.com\/"},{"@type":"ListItem","position":2,"name":"PARQUES Y JARDINES DE C\u00c1CERES: EL BARRIO DE LOS FRATRES"}]},{"@type":"WebSite","@id":"http:\/\/naturalmentecaceres.com\/#website","url":"http:\/\/naturalmentecaceres.com\/","name":"NATURALMENTE C\u00c1CERES","description":"Web del proyecto de educaci\u00f3n ambiental gestionado por Talher en C\u00e1ceres","publisher":{"@id":"http:\/\/naturalmentecaceres.com\/#organization"},"potentialAction":[{"@type":"SearchAction","target":{"@type":"EntryPoint","urlTemplate":"http:\/\/naturalmentecaceres.com\/?s={search_term_string}"},"query-input":{"@type":"PropertyValueSpecification","valueRequired":true,"valueName":"search_term_string"}}],"inLanguage":"es"},{"@type":"Organization","@id":"http:\/\/naturalmentecaceres.com\/#organization","name":"NATURALMENTE C\u00c1CERES","url":"http:\/\/naturalmentecaceres.com\/","logo":{"@type":"ImageObject","inLanguage":"es","@id":"http:\/\/naturalmentecaceres.com\/#\/schema\/logo\/image\/","url":"http:\/\/naturalmentecaceres.com\/wp-content\/uploads\/2023\/02\/naturalmente.jpg","contentUrl":"http:\/\/naturalmentecaceres.com\/wp-content\/uploads\/2023\/02\/naturalmente.jpg","width":1300,"height":1237,"caption":"NATURALMENTE C\u00c1CERES"},"image":{"@id":"http:\/\/naturalmentecaceres.com\/#\/schema\/logo\/image\/"},"sameAs":["https:\/\/x.com\/naturalmentecc","https:\/\/www.instagram.com\/naturalmentecaceres\/"]},{"@type":"Person","@id":"http:\/\/naturalmentecaceres.com\/#\/schema\/person\/14e51e6f1f5cc38d27627ad8a8c14340","name":"Talher","image":{"@type":"ImageObject","inLanguage":"es","@id":"https:\/\/secure.gravatar.com\/avatar\/129d2825c3c915f0d6bae5b93b934c74574bbe9aa2bac86aea3884599040250e?s=96&d=mm&r=g","url":"https:\/\/secure.gravatar.com\/avatar\/129d2825c3c915f0d6bae5b93b934c74574bbe9aa2bac86aea3884599040250e?s=96&d=mm&r=g","contentUrl":"https:\/\/secure.gravatar.com\/avatar\/129d2825c3c915f0d6bae5b93b934c74574bbe9aa2bac86aea3884599040250e?s=96&d=mm&r=g","caption":"Talher"},"url":"http:\/\/naturalmentecaceres.com\/index.php\/archivos\/author\/talher"}]}},"_links":{"self":[{"href":"http:\/\/naturalmentecaceres.com\/index.php\/wp-json\/wp\/v2\/posts\/531","targetHints":{"allow":["GET"]}}],"collection":[{"href":"http:\/\/naturalmentecaceres.com\/index.php\/wp-json\/wp\/v2\/posts"}],"about":[{"href":"http:\/\/naturalmentecaceres.com\/index.php\/wp-json\/wp\/v2\/types\/post"}],"author":[{"embeddable":true,"href":"http:\/\/naturalmentecaceres.com\/index.php\/wp-json\/wp\/v2\/users\/1"}],"replies":[{"embeddable":true,"href":"http:\/\/naturalmentecaceres.com\/index.php\/wp-json\/wp\/v2\/comments?post=531"}],"version-history":[{"count":4,"href":"http:\/\/naturalmentecaceres.com\/index.php\/wp-json\/wp\/v2\/posts\/531\/revisions"}],"predecessor-version":[{"id":538,"href":"http:\/\/naturalmentecaceres.com\/index.php\/wp-json\/wp\/v2\/posts\/531\/revisions\/538"}],"wp:attachment":[{"href":"http:\/\/naturalmentecaceres.com\/index.php\/wp-json\/wp\/v2\/media?parent=531"}],"wp:term":[{"taxonomy":"category","embeddable":true,"href":"http:\/\/naturalmentecaceres.com\/index.php\/wp-json\/wp\/v2\/categories?post=531"},{"taxonomy":"post_tag","embeddable":true,"href":"http:\/\/naturalmentecaceres.com\/index.php\/wp-json\/wp\/v2\/tags?post=531"}],"curies":[{"name":"wp","href":"https:\/\/api.w.org\/{rel}","templated":true}]}}