{"id":487,"date":"2020-06-05T05:58:30","date_gmt":"2020-06-05T05:58:30","guid":{"rendered":"http:\/\/naturalmentecaceres.com\/?p=487"},"modified":"2021-07-26T13:08:51","modified_gmt":"2021-07-26T13:08:51","slug":"dia-mundial-del-medio-ambiente","status":"publish","type":"post","link":"http:\/\/naturalmentecaceres.com\/index.php\/archivos\/487","title":{"rendered":"D\u00cdA MUNDIAL DEL MEDIO AMBIENTE"},"content":{"rendered":"\n<p>Hoy es el D\u00eda Mundial del Medio Ambiente y como se trata de\nuna fecha muy especial, en Naturalmente C\u00e1ceres hemos vuelto a preparar actividades\npara celebrar este d\u00eda con las familias cacere\u00f1as.<\/p>\n\n\n\n<p><a>Desde 1974 las Naciones Unidas\ndesignaron el 5 de junio como \u201cD\u00eda Mundial del Medio Ambiente\u201d, <\/a>con el fin\nde crear una plataforma global de alcance p\u00fablico y para reunir a gobiernos,\nempresas, celebridades y ciudadanos en torno al medio ambiente y en el que se\nbusca e inspira un cambio positivo, bas\u00e1ndose en que un cambio global requiere\nde una comunidad global.<\/p>\n\n\n\n<p>Cada a\u00f1o se asigna un tema y este a\u00f1o es la naturaleza y biodiversidad. La biodiversidad nos lo da todo: alimentos, aire que respiramos, el agua que bebemos e incluso el clima que hace posible nuestra vida en la tierra; <a>no existir\u00edamos sin todos los servicios que nos brinda la naturaleza y el medio ambiente, por lo que es nuestra responsabilidad cuidarla y preservarla, para as\u00ed cuidarnos a nosotros mismos. Este a\u00f1o que es un tanto especial, se celebra de manera digital y podemos emplear en nuestras redes el hastag #PorLaNaturaleza<\/a>.<\/p>\n\n\n\n<div class=\"wp-block-image\"><figure class=\"aligncenter size-large\"><img loading=\"lazy\" decoding=\"async\" width=\"1024\" height=\"1024\" src=\"http:\/\/naturalmentecaceres.com\/wp-content\/uploads\/2020\/06\/D\u00eda-Mundial-del-medio-ambiente-1024x1024.jpg\" alt=\"\" class=\"wp-image-489\" srcset=\"http:\/\/naturalmentecaceres.com\/wp-content\/uploads\/2020\/06\/D\u00eda-Mundial-del-medio-ambiente-1024x1024.jpg 1024w, http:\/\/naturalmentecaceres.com\/wp-content\/uploads\/2020\/06\/D\u00eda-Mundial-del-medio-ambiente-300x300.jpg 300w, http:\/\/naturalmentecaceres.com\/wp-content\/uploads\/2020\/06\/D\u00eda-Mundial-del-medio-ambiente-150x150.jpg 150w, http:\/\/naturalmentecaceres.com\/wp-content\/uploads\/2020\/06\/D\u00eda-Mundial-del-medio-ambiente-768x768.jpg 768w, http:\/\/naturalmentecaceres.com\/wp-content\/uploads\/2020\/06\/D\u00eda-Mundial-del-medio-ambiente-270x270.jpg 270w, http:\/\/naturalmentecaceres.com\/wp-content\/uploads\/2020\/06\/D\u00eda-Mundial-del-medio-ambiente.jpg 1280w\" sizes=\"auto, (max-width: 1024px) 100vw, 1024px\" \/><\/figure><\/div>\n\n\n\n<p><a>Eventos recientes como los incendios\nde Brasil, California o Australia, la invasi\u00f3n de langostas en el Cuerno de\n\u00c1frica y la pandemia de COVID-19, demuestran que la relaci\u00f3n entre el ser\nhumano y la naturaleza no est\u00e1 siendo la correcta y la naturaleza nos est\u00e1\nenviando un mensaje<\/a>. <\/p>\n\n\n\n<p>No obstante, os animamos a que celebr\u00e9is en familia este d\u00eda\ntan especial y os animamos a que hag\u00e1is las actividades que os proponemos a\ncontinuaci\u00f3n.<\/p>\n\n\n\n<h1 class=\"wp-block-heading\">CONOCER NUESTRA BIODIVERSIDAD<\/h1>\n\n\n\n<p>Podemos salir a los parques, jardines y espacios verdes de\nC\u00e1ceres con nuestros hijos e hijas para estar en contacto con la naturales. Os\nanimamos a dar un paseo por cualquier parque o zona natural de C\u00e1ceres, donde\npod\u00e9is encontrar una biodiversidad excepcional. Pod\u00e9is incluso intentar\nidentificar especies de \u00e1rboles, plantas e incluso fauna y aves. No dud\u00e9is en\nrecurrir a nuestros post para conocer las especies que albergan estos espacios\nverdes.<\/p>\n\n\n\n<p>Tambi\u00e9n pod\u00e9is salir a cualquier parque de la ciudad con una\nbolsa y guantes y tratar de recoger todos los objetos no biodegradables que\nencontr\u00e9is. Si lo un\u00eds al deporte, estar\u00e9is haciendo \u201cplogging\u201d, es decir, salir\na correr recogiendo los desperdicios que te encuentras por el camino. Es una\npr\u00e1ctica deportiva no competitiva que tiene por objetivo hacer ejercicio f\u00edsico\na la vez que mejoramos nuestro entorno.<\/p>\n\n\n\n<p>Tambi\u00e9n os animamos a que hag\u00e1is cualquiera de los juegos y\nactividades que os propusimos el <a href=\"http:\/\/naturalmentecaceres.com\/index.php\/archivos\/436\">d\u00eda de la\nDiversidad Biol\u00f3gica el 22 de mayo<\/a> o los <a href=\"http:\/\/naturalmentecaceres.com\/index.php\/archivos\/450\">bebederos para\nmariposas<\/a>. <\/p>\n\n\n\n<h1 class=\"wp-block-heading\">JUEGOS EN LA NATURALEZA PARA ENTENDER LA BIODIVERSIDAD<\/h1>\n\n\n\n<p>A continuaci\u00f3n, os proponemos dos juegos que pod\u00e9is realizar\nen la naturaleza con amigos o en familia.<\/p>\n\n\n\n<p><strong>El equilibrio en la naturaleza<\/strong><\/p>\n\n\n\n<p>Se jugar\u00e1 a un especie de \u201cpilla-pilla\u201d con tres equipos: los\nlinces, los conejos y la hierba. Los linces (llevan la manos sobre la cara)\ntienen que comer a los conejos; los conejos (llevan la mano como si fueran\norejas) comen la hierba; y la hierba (llevar\u00e1n la mano en el pecho), come al\nlince puesto que, si el lince muere es abono para la vegetaci\u00f3n. Cuando una\nespecie toca a la otra, se cambia por la que fue tocada. S\u00f3lo hay una norma:\nhay que mantener el equilibrio natural y por tanto si, por ejemplo, hay pocos\nconejos, \u00e9stos competir\u00e1n menos por las hierbas.<\/p>\n\n\n\n<p>Pasado un rato, incorporamos a un nuevo jugador: el ser\nhumano que no se puede cazar, pero puede capturar a cualquiera de los\npersonajes, convirti\u00e9ndoles en ellos. En poco tiempo, todos se habr\u00e1n\nconvertido en seres humanos, rompiendo el equilibrio del ecosistema y de la biodiversidad.\n<\/p>\n\n\n\n<p><strong>Corre que te como<\/strong><\/p>\n\n\n\n<p>En un espacio natural, pero delimitando la zona de juego, se\nhacen dos grupos equitativos. Uno ser\u00e1n los <em>depredadores<\/em>, y el otro las <em>presas<\/em>,\npero en cada grupo vendamos los ojos a un participante, se atan los pies a otro\ny se deja libre al resto. <\/p>\n\n\n\n<p>Determinando un lugar como madriguera, los depredadores\nintentan capturar a las presas, llev\u00e1ndolas a la madriguera. Al cabo de un\nrato, pararemos el juego y se observaremos que las personas ciegas o trabadas\npor las cuerdas han sido los menos afortunadas (o no han cazado o han sido\ncazadas muy f\u00e1cilmente).<\/p>\n\n\n\n<p>Reanudamos el juego sin trabas, para ver qui\u00e9nes son los\nmejor preparados en igualdad de condiciones. De esta manera ense\u00f1amos que los\nindividuos mejor adaptados son los que sobreviven ante la presi\u00f3n del medio.\nEsto a su vez es la base de la evoluci\u00f3n de las especies.<\/p>\n\n\n\n<p>Esperamos que con todas estas actividades para familias en\nC\u00e1ceres pod\u00e1is celebrar el d\u00eda de la diversidad biol\u00f3gica de forma divertida.\n\u00a1Feliz d\u00eda!<\/p>\n\n\n\n<p>FUENTES:<\/p>\n\n\n\n<ul class=\"wp-block-list\"><li><a href=\"https:\/\/www.worldenvironmentday.global\/es\">https:\/\/www.worldenvironmentday.global\/es<\/a><\/li><li>Rodr\u00edguez Neila, L. (2003). Juegos en la\nNaturaleza. Servicio de Medio Ambiente. Diputaci\u00f3n Provincial de C\u00e1diz (Espa\u00f1a).\n<em>[en l\u00ednea]<\/em> <em><a href=\"https:\/\/ozaetaaterpetxea.files.wordpress.com\/2010\/11\/libro-juegos-naturaleza-neila.pdf\">https:\/\/ozaetaaterpetxea.files.wordpress.com\/2010\/11\/libro-juegos-naturaleza-neila.pdf<\/a><\/em><\/li><\/ul>\n","protected":false},"excerpt":{"rendered":"<p>Hoy es el D\u00eda Mundial del Medio Ambiente y como se trata de una fecha muy especial, en Naturalmente C\u00e1ceres hemos vuelto a preparar actividades para celebrar este d\u00eda con las familias cacere\u00f1as. Desde 1974 las Naciones Unidas designaron el 5 de junio como \u201cD\u00eda Mundial del Medio Ambiente\u201d, con el fin de crear una plataforma global de alcance p\u00fablico y para reunir a gobiernos, empresas, celebridades y ciudadanos en torno al medio ambiente y en el que se busca&#8230;<\/p>\n<p class=\"read-more\"><a class=\"btn btn-default\" href=\"http:\/\/naturalmentecaceres.com\/index.php\/archivos\/487\"> Leer m\u00e1s<span class=\"screen-reader-text\">  Leer m\u00e1s<\/span><\/a><\/p>\n","protected":false},"author":1,"featured_media":0,"comment_status":"open","ping_status":"open","sticky":false,"template":"","format":"standard","meta":{"footnotes":""},"categories":[1],"tags":[],"class_list":["post-487","post","type-post","status-publish","format-standard","hentry","category-uncategorized"],"yoast_head":"<!-- This site is optimized with the Yoast SEO plugin v27.5 - https:\/\/yoast.com\/product\/yoast-seo-wordpress\/ -->\r\n<title>D\u00cdA MUNDIAL DEL MEDIO AMBIENTE - NATURALMENTE C\u00c1CERES<\/title>\r\n<meta name=\"robots\" content=\"index, follow, max-snippet:-1, max-image-preview:large, max-video-preview:-1\" \/>\r\n<link rel=\"canonical\" href=\"http:\/\/naturalmentecaceres.com\/index.php\/archivos\/487\" \/>\r\n<meta property=\"og:locale\" content=\"es_ES\" \/>\r\n<meta property=\"og:type\" content=\"article\" \/>\r\n<meta property=\"og:title\" content=\"D\u00cdA MUNDIAL DEL MEDIO AMBIENTE - NATURALMENTE C\u00c1CERES\" \/>\r\n<meta property=\"og:description\" content=\"Hoy es el D\u00eda Mundial del Medio Ambiente y como se trata de una fecha muy especial, en Naturalmente C\u00e1ceres hemos vuelto a preparar actividades para celebrar este d\u00eda con las familias cacere\u00f1as. Desde 1974 las Naciones Unidas designaron el 5 de junio como \u201cD\u00eda Mundial del Medio Ambiente\u201d, con el fin de crear una plataforma global de alcance p\u00fablico y para reunir a gobiernos, empresas, celebridades y ciudadanos en torno al medio ambiente y en el que se busca... Leer m\u00e1s Leer m\u00e1s\" \/>\r\n<meta property=\"og:url\" content=\"http:\/\/naturalmentecaceres.com\/index.php\/archivos\/487\" \/>\r\n<meta property=\"og:site_name\" content=\"NATURALMENTE C\u00c1CERES\" \/>\r\n<meta property=\"article:published_time\" content=\"2020-06-05T05:58:30+00:00\" \/>\r\n<meta property=\"article:modified_time\" content=\"2021-07-26T13:08:51+00:00\" \/>\r\n<meta name=\"author\" content=\"Talher\" \/>\r\n<meta name=\"twitter:card\" content=\"summary_large_image\" \/>\r\n<meta name=\"twitter:creator\" content=\"@naturalmentecc\" \/>\r\n<meta name=\"twitter:site\" content=\"@naturalmentecc\" \/>\r\n<meta name=\"twitter:label1\" content=\"Escrito por\" \/>\n\t<meta name=\"twitter:data1\" content=\"Talher\" \/>\n\t<meta name=\"twitter:label2\" content=\"Tiempo de lectura\" \/>\n\t<meta name=\"twitter:data2\" content=\"4 minutos\" \/>\r\n<script type=\"application\/ld+json\" class=\"yoast-schema-graph\">{\"@context\":\"https:\\\/\\\/schema.org\",\"@graph\":[{\"@type\":\"Article\",\"@id\":\"http:\\\/\\\/naturalmentecaceres.com\\\/index.php\\\/archivos\\\/487#article\",\"isPartOf\":{\"@id\":\"http:\\\/\\\/naturalmentecaceres.com\\\/index.php\\\/archivos\\\/487\"},\"author\":{\"name\":\"Talher\",\"@id\":\"http:\\\/\\\/naturalmentecaceres.com\\\/#\\\/schema\\\/person\\\/14e51e6f1f5cc38d27627ad8a8c14340\"},\"headline\":\"D\u00cdA MUNDIAL DEL MEDIO AMBIENTE\",\"datePublished\":\"2020-06-05T05:58:30+00:00\",\"dateModified\":\"2021-07-26T13:08:51+00:00\",\"mainEntityOfPage\":{\"@id\":\"http:\\\/\\\/naturalmentecaceres.com\\\/index.php\\\/archivos\\\/487\"},\"wordCount\":877,\"commentCount\":0,\"publisher\":{\"@id\":\"http:\\\/\\\/naturalmentecaceres.com\\\/#organization\"},\"articleSection\":[\"Educaci\u00f3n ambiental\"],\"inLanguage\":\"es\",\"potentialAction\":[{\"@type\":\"CommentAction\",\"name\":\"Comment\",\"target\":[\"http:\\\/\\\/naturalmentecaceres.com\\\/index.php\\\/archivos\\\/487#respond\"]}]},{\"@type\":\"WebPage\",\"@id\":\"http:\\\/\\\/naturalmentecaceres.com\\\/index.php\\\/archivos\\\/487\",\"url\":\"http:\\\/\\\/naturalmentecaceres.com\\\/index.php\\\/archivos\\\/487\",\"name\":\"D\u00cdA MUNDIAL DEL MEDIO AMBIENTE - NATURALMENTE C\u00c1CERES\",\"isPartOf\":{\"@id\":\"http:\\\/\\\/naturalmentecaceres.com\\\/#website\"},\"datePublished\":\"2020-06-05T05:58:30+00:00\",\"dateModified\":\"2021-07-26T13:08:51+00:00\",\"breadcrumb\":{\"@id\":\"http:\\\/\\\/naturalmentecaceres.com\\\/index.php\\\/archivos\\\/487#breadcrumb\"},\"inLanguage\":\"es\",\"potentialAction\":[{\"@type\":\"ReadAction\",\"target\":[\"http:\\\/\\\/naturalmentecaceres.com\\\/index.php\\\/archivos\\\/487\"]}]},{\"@type\":\"BreadcrumbList\",\"@id\":\"http:\\\/\\\/naturalmentecaceres.com\\\/index.php\\\/archivos\\\/487#breadcrumb\",\"itemListElement\":[{\"@type\":\"ListItem\",\"position\":1,\"name\":\"Portada\",\"item\":\"http:\\\/\\\/naturalmentecaceres.com\\\/\"},{\"@type\":\"ListItem\",\"position\":2,\"name\":\"D\u00cdA MUNDIAL DEL MEDIO AMBIENTE\"}]},{\"@type\":\"WebSite\",\"@id\":\"http:\\\/\\\/naturalmentecaceres.com\\\/#website\",\"url\":\"http:\\\/\\\/naturalmentecaceres.com\\\/\",\"name\":\"NATURALMENTE C\u00c1CERES\",\"description\":\"Web del proyecto de educaci\u00f3n ambiental gestionado por Talher en C\u00e1ceres\",\"publisher\":{\"@id\":\"http:\\\/\\\/naturalmentecaceres.com\\\/#organization\"},\"potentialAction\":[{\"@type\":\"SearchAction\",\"target\":{\"@type\":\"EntryPoint\",\"urlTemplate\":\"http:\\\/\\\/naturalmentecaceres.com\\\/?s={search_term_string}\"},\"query-input\":{\"@type\":\"PropertyValueSpecification\",\"valueRequired\":true,\"valueName\":\"search_term_string\"}}],\"inLanguage\":\"es\"},{\"@type\":\"Organization\",\"@id\":\"http:\\\/\\\/naturalmentecaceres.com\\\/#organization\",\"name\":\"NATURALMENTE C\u00c1CERES\",\"url\":\"http:\\\/\\\/naturalmentecaceres.com\\\/\",\"logo\":{\"@type\":\"ImageObject\",\"inLanguage\":\"es\",\"@id\":\"http:\\\/\\\/naturalmentecaceres.com\\\/#\\\/schema\\\/logo\\\/image\\\/\",\"url\":\"http:\\\/\\\/naturalmentecaceres.com\\\/wp-content\\\/uploads\\\/2023\\\/02\\\/naturalmente.jpg\",\"contentUrl\":\"http:\\\/\\\/naturalmentecaceres.com\\\/wp-content\\\/uploads\\\/2023\\\/02\\\/naturalmente.jpg\",\"width\":1300,\"height\":1237,\"caption\":\"NATURALMENTE C\u00c1CERES\"},\"image\":{\"@id\":\"http:\\\/\\\/naturalmentecaceres.com\\\/#\\\/schema\\\/logo\\\/image\\\/\"},\"sameAs\":[\"https:\\\/\\\/x.com\\\/naturalmentecc\",\"https:\\\/\\\/www.instagram.com\\\/naturalmentecaceres\\\/\"]},{\"@type\":\"Person\",\"@id\":\"http:\\\/\\\/naturalmentecaceres.com\\\/#\\\/schema\\\/person\\\/14e51e6f1f5cc38d27627ad8a8c14340\",\"name\":\"Talher\",\"image\":{\"@type\":\"ImageObject\",\"inLanguage\":\"es\",\"@id\":\"https:\\\/\\\/secure.gravatar.com\\\/avatar\\\/129d2825c3c915f0d6bae5b93b934c74574bbe9aa2bac86aea3884599040250e?s=96&d=mm&r=g\",\"url\":\"https:\\\/\\\/secure.gravatar.com\\\/avatar\\\/129d2825c3c915f0d6bae5b93b934c74574bbe9aa2bac86aea3884599040250e?s=96&d=mm&r=g\",\"contentUrl\":\"https:\\\/\\\/secure.gravatar.com\\\/avatar\\\/129d2825c3c915f0d6bae5b93b934c74574bbe9aa2bac86aea3884599040250e?s=96&d=mm&r=g\",\"caption\":\"Talher\"},\"url\":\"http:\\\/\\\/naturalmentecaceres.com\\\/index.php\\\/archivos\\\/author\\\/talher\"}]}<\/script>\r\n<!-- \/ Yoast SEO plugin. -->","yoast_head_json":{"title":"D\u00cdA MUNDIAL DEL MEDIO AMBIENTE - NATURALMENTE C\u00c1CERES","robots":{"index":"index","follow":"follow","max-snippet":"max-snippet:-1","max-image-preview":"max-image-preview:large","max-video-preview":"max-video-preview:-1"},"canonical":"http:\/\/naturalmentecaceres.com\/index.php\/archivos\/487","og_locale":"es_ES","og_type":"article","og_title":"D\u00cdA MUNDIAL DEL MEDIO AMBIENTE - NATURALMENTE C\u00c1CERES","og_description":"Hoy es el D\u00eda Mundial del Medio Ambiente y como se trata de una fecha muy especial, en Naturalmente C\u00e1ceres hemos vuelto a preparar actividades para celebrar este d\u00eda con las familias cacere\u00f1as. Desde 1974 las Naciones Unidas designaron el 5 de junio como \u201cD\u00eda Mundial del Medio Ambiente\u201d, con el fin de crear una plataforma global de alcance p\u00fablico y para reunir a gobiernos, empresas, celebridades y ciudadanos en torno al medio ambiente y en el que se busca... Leer m\u00e1s Leer m\u00e1s","og_url":"http:\/\/naturalmentecaceres.com\/index.php\/archivos\/487","og_site_name":"NATURALMENTE C\u00c1CERES","article_published_time":"2020-06-05T05:58:30+00:00","article_modified_time":"2021-07-26T13:08:51+00:00","author":"Talher","twitter_card":"summary_large_image","twitter_creator":"@naturalmentecc","twitter_site":"@naturalmentecc","twitter_misc":{"Escrito por":"Talher","Tiempo de lectura":"4 minutos"},"schema":{"@context":"https:\/\/schema.org","@graph":[{"@type":"Article","@id":"http:\/\/naturalmentecaceres.com\/index.php\/archivos\/487#article","isPartOf":{"@id":"http:\/\/naturalmentecaceres.com\/index.php\/archivos\/487"},"author":{"name":"Talher","@id":"http:\/\/naturalmentecaceres.com\/#\/schema\/person\/14e51e6f1f5cc38d27627ad8a8c14340"},"headline":"D\u00cdA MUNDIAL DEL MEDIO AMBIENTE","datePublished":"2020-06-05T05:58:30+00:00","dateModified":"2021-07-26T13:08:51+00:00","mainEntityOfPage":{"@id":"http:\/\/naturalmentecaceres.com\/index.php\/archivos\/487"},"wordCount":877,"commentCount":0,"publisher":{"@id":"http:\/\/naturalmentecaceres.com\/#organization"},"articleSection":["Educaci\u00f3n ambiental"],"inLanguage":"es","potentialAction":[{"@type":"CommentAction","name":"Comment","target":["http:\/\/naturalmentecaceres.com\/index.php\/archivos\/487#respond"]}]},{"@type":"WebPage","@id":"http:\/\/naturalmentecaceres.com\/index.php\/archivos\/487","url":"http:\/\/naturalmentecaceres.com\/index.php\/archivos\/487","name":"D\u00cdA MUNDIAL DEL MEDIO AMBIENTE - NATURALMENTE C\u00c1CERES","isPartOf":{"@id":"http:\/\/naturalmentecaceres.com\/#website"},"datePublished":"2020-06-05T05:58:30+00:00","dateModified":"2021-07-26T13:08:51+00:00","breadcrumb":{"@id":"http:\/\/naturalmentecaceres.com\/index.php\/archivos\/487#breadcrumb"},"inLanguage":"es","potentialAction":[{"@type":"ReadAction","target":["http:\/\/naturalmentecaceres.com\/index.php\/archivos\/487"]}]},{"@type":"BreadcrumbList","@id":"http:\/\/naturalmentecaceres.com\/index.php\/archivos\/487#breadcrumb","itemListElement":[{"@type":"ListItem","position":1,"name":"Portada","item":"http:\/\/naturalmentecaceres.com\/"},{"@type":"ListItem","position":2,"name":"D\u00cdA MUNDIAL DEL MEDIO AMBIENTE"}]},{"@type":"WebSite","@id":"http:\/\/naturalmentecaceres.com\/#website","url":"http:\/\/naturalmentecaceres.com\/","name":"NATURALMENTE C\u00c1CERES","description":"Web del proyecto de educaci\u00f3n ambiental gestionado por Talher en C\u00e1ceres","publisher":{"@id":"http:\/\/naturalmentecaceres.com\/#organization"},"potentialAction":[{"@type":"SearchAction","target":{"@type":"EntryPoint","urlTemplate":"http:\/\/naturalmentecaceres.com\/?s={search_term_string}"},"query-input":{"@type":"PropertyValueSpecification","valueRequired":true,"valueName":"search_term_string"}}],"inLanguage":"es"},{"@type":"Organization","@id":"http:\/\/naturalmentecaceres.com\/#organization","name":"NATURALMENTE C\u00c1CERES","url":"http:\/\/naturalmentecaceres.com\/","logo":{"@type":"ImageObject","inLanguage":"es","@id":"http:\/\/naturalmentecaceres.com\/#\/schema\/logo\/image\/","url":"http:\/\/naturalmentecaceres.com\/wp-content\/uploads\/2023\/02\/naturalmente.jpg","contentUrl":"http:\/\/naturalmentecaceres.com\/wp-content\/uploads\/2023\/02\/naturalmente.jpg","width":1300,"height":1237,"caption":"NATURALMENTE C\u00c1CERES"},"image":{"@id":"http:\/\/naturalmentecaceres.com\/#\/schema\/logo\/image\/"},"sameAs":["https:\/\/x.com\/naturalmentecc","https:\/\/www.instagram.com\/naturalmentecaceres\/"]},{"@type":"Person","@id":"http:\/\/naturalmentecaceres.com\/#\/schema\/person\/14e51e6f1f5cc38d27627ad8a8c14340","name":"Talher","image":{"@type":"ImageObject","inLanguage":"es","@id":"https:\/\/secure.gravatar.com\/avatar\/129d2825c3c915f0d6bae5b93b934c74574bbe9aa2bac86aea3884599040250e?s=96&d=mm&r=g","url":"https:\/\/secure.gravatar.com\/avatar\/129d2825c3c915f0d6bae5b93b934c74574bbe9aa2bac86aea3884599040250e?s=96&d=mm&r=g","contentUrl":"https:\/\/secure.gravatar.com\/avatar\/129d2825c3c915f0d6bae5b93b934c74574bbe9aa2bac86aea3884599040250e?s=96&d=mm&r=g","caption":"Talher"},"url":"http:\/\/naturalmentecaceres.com\/index.php\/archivos\/author\/talher"}]}},"_links":{"self":[{"href":"http:\/\/naturalmentecaceres.com\/index.php\/wp-json\/wp\/v2\/posts\/487","targetHints":{"allow":["GET"]}}],"collection":[{"href":"http:\/\/naturalmentecaceres.com\/index.php\/wp-json\/wp\/v2\/posts"}],"about":[{"href":"http:\/\/naturalmentecaceres.com\/index.php\/wp-json\/wp\/v2\/types\/post"}],"author":[{"embeddable":true,"href":"http:\/\/naturalmentecaceres.com\/index.php\/wp-json\/wp\/v2\/users\/1"}],"replies":[{"embeddable":true,"href":"http:\/\/naturalmentecaceres.com\/index.php\/wp-json\/wp\/v2\/comments?post=487"}],"version-history":[{"count":2,"href":"http:\/\/naturalmentecaceres.com\/index.php\/wp-json\/wp\/v2\/posts\/487\/revisions"}],"predecessor-version":[{"id":490,"href":"http:\/\/naturalmentecaceres.com\/index.php\/wp-json\/wp\/v2\/posts\/487\/revisions\/490"}],"wp:attachment":[{"href":"http:\/\/naturalmentecaceres.com\/index.php\/wp-json\/wp\/v2\/media?parent=487"}],"wp:term":[{"taxonomy":"category","embeddable":true,"href":"http:\/\/naturalmentecaceres.com\/index.php\/wp-json\/wp\/v2\/categories?post=487"},{"taxonomy":"post_tag","embeddable":true,"href":"http:\/\/naturalmentecaceres.com\/index.php\/wp-json\/wp\/v2\/tags?post=487"}],"curies":[{"name":"wp","href":"https:\/\/api.w.org\/{rel}","templated":true}]}}