{"id":469,"date":"2020-06-02T04:54:07","date_gmt":"2020-06-02T04:54:07","guid":{"rendered":"http:\/\/naturalmentecaceres.com\/?p=469"},"modified":"2021-07-26T13:08:51","modified_gmt":"2021-07-26T13:08:51","slug":"parque-del-principe-la-estufa-fria","status":"publish","type":"post","link":"http:\/\/naturalmentecaceres.com\/index.php\/archivos\/469","title":{"rendered":"PARQUE DEL PR\u00cdNCIPE: LA ESTUFA FR\u00cdA"},"content":{"rendered":"\n<p>El turismo de C\u00e1ceres es conocido por su gran patrimonio cultural y arquitect\u00f3nico; hoy os proponemos hacer turismo conociendo otro espacio imprescindible y natural de la ciudad. Queremos que conozcas C\u00e1ceres y la Estufa Fr\u00eda del Parque del Pr\u00edncipe.<\/p>\n\n\n\n<p>La Estufa Fr\u00eda est\u00e1 situada en la parte superior del Parque\ndel Pr\u00edncipe. Se trata de un invernadero de 500 metros cuadrados que recrea un\nclima que permite mantener una colecci\u00f3n de m\u00e1s de 500 especies diferentes de\nplantas tropicales del mundo.<\/p>\n\n\n\n<p>El edificio consigue recrear el clima de los lugares\nex\u00f3ticos a trav\u00e9s de un sistema automatizado de riego y climatizaci\u00f3n que\ncontrola:<\/p>\n\n\n\n<ul class=\"wp-block-list\"><li>La temperatura. Se detecta la temperatura\na trav\u00e9s de los radiadores y el termostato. Si es baja, se accionan los\nradiadores; si es alta, se pone en funcionamiento los pulverizadores.<\/li><li>La humedad. Se controla a trav\u00e9s de los\npulverizadores, que se activan a trav\u00e9s del termostato.<\/li><li>La luz. Los focos instalados, proporcionan\nlas horas de luz adecuadas a cada grupo de plantas.<\/li><\/ul>\n\n\n\n<p>Lo m\u00e1s llamativo al entrar al recinto, es el hermoso color\nverde que est\u00e1 por todas partes, adem\u00e1s del remanso de paz y tranquilidad que\nse respira. Parece una verdadera selva tropical. <\/p>\n\n\n\n<p>Las plantas est\u00e1n agrupadas por familias y distribuidas por isletas que tienen las mismas condiciones y que permiten la manipulaci\u00f3n por separado. Esto sirve para evitar el crecimiento descontrolado de las ra\u00edces. <\/p>\n\n\n\n<div class=\"wp-block-image\"><figure class=\"aligncenter size-large\"><img loading=\"lazy\" decoding=\"async\" width=\"607\" height=\"405\" src=\"http:\/\/naturalmentecaceres.com\/wp-content\/uploads\/2020\/06\/Esquema-Estufa-Fr\u00eda-parquedelprincipe.com-1.jpg\" alt=\"\" class=\"wp-image-473\" srcset=\"http:\/\/naturalmentecaceres.com\/wp-content\/uploads\/2020\/06\/Esquema-Estufa-Fr\u00eda-parquedelprincipe.com-1.jpg 607w, http:\/\/naturalmentecaceres.com\/wp-content\/uploads\/2020\/06\/Esquema-Estufa-Fr\u00eda-parquedelprincipe.com-1-300x200.jpg 300w, http:\/\/naturalmentecaceres.com\/wp-content\/uploads\/2020\/06\/Esquema-Estufa-Fr\u00eda-parquedelprincipe.com-1-405x270.jpg 405w\" sizes=\"auto, (max-width: 607px) 100vw, 607px\" \/><\/figure><\/div>\n\n\n\n<p>Algunas plantas y especies que podemos ver en este\ninvernadero de C\u00e1ceres son:<\/p>\n\n\n\n<ul class=\"wp-block-list\"><li><em>Ficus o pilistras<\/em>. Se encuentran por las\nparedes y se pueden ver diferentes variedades; suelen usarse para decorar las\ncasas, aunque su h\u00e1bitat original es la selva tropical.<\/li><li><em>Epifita de la familia de las Bromelias<\/em>.\nSon plantas que crecen sobre los troncos de los \u00e1rboles y otros vegetales de\nlas selvas de M\u00e9xico y Argentina.<\/li><li><em>El culantrillo<\/em>. Est\u00e1 presente en todos\nlos continentes y crece en muros, grutas y orillas de arroyos. Se cultiva\nnormalmente como planta ornamental y la podemos ver en la pasarela de arriba.<\/li><li><em>Plantas acu\u00e1ticas<\/em>. Viven permanentemente\nen el agua y las podemos ver en el acceso a la Estufa Fr\u00eda en los estanques\ndonde se han introducido peces y anfibios.<\/li><li><em>Helechos arb\u00f3reos<\/em>. Son una de la plantas\nm\u00e1s antiguas del planeta, llegando a ser alimentos de dinosaurios. Si se\nobserva desde arriba, tienen forma de mesa.<\/li><li><em>Begonias<\/em>. Es una de las plantas de\ninterior m\u00e1s extendidas del mundo, procede del Caribe.<\/li><li><em>C\u00edcadas. <\/em>Otra de las plantas m\u00e1s antiguas\ndel mundo; se las conoce como f\u00f3siles vivientes y son anteriores a los\ndinosaurios. Viven en India, Jap\u00f3n o Formosa y tienen forma de las palmeras con\nun cono gigante.<\/li><li><em>Carn\u00edvoras<\/em>. Obtienen los nutrientes de\nlos insectos que atraen con una sustancia que segregan. Con el revoloteo de las\nalas, se cierran y los atrapan. Viven en terrenos pobres en nutrientes como\npantanos, turberas o cenizas volc\u00e1nicas. <\/li><li><em>Plantas colgantes. <\/em>Son muy comunes en las\ncasas; aportan un gran color en toda la Estufa Fr\u00eda. <\/li><\/ul>\n\n\n\n<div class=\"wp-block-image\"><figure class=\"aligncenter size-large\"><img loading=\"lazy\" decoding=\"async\" width=\"452\" height=\"606\" src=\"http:\/\/naturalmentecaceres.com\/wp-content\/uploads\/2020\/06\/Carn\u00edvora-Drosera-filiformis.jpg\" alt=\"\" class=\"wp-image-471\" srcset=\"http:\/\/naturalmentecaceres.com\/wp-content\/uploads\/2020\/06\/Carn\u00edvora-Drosera-filiformis.jpg 452w, http:\/\/naturalmentecaceres.com\/wp-content\/uploads\/2020\/06\/Carn\u00edvora-Drosera-filiformis-224x300.jpg 224w, http:\/\/naturalmentecaceres.com\/wp-content\/uploads\/2020\/06\/Carn\u00edvora-Drosera-filiformis-201x270.jpg 201w\" sizes=\"auto, (max-width: 452px) 100vw, 452px\" \/><\/figure><\/div>\n\n\n\n<p>Hay plantas que destacan por sus formas como son la del <strong>ave del para\u00edso<\/strong> (<em>Strelitzia reginae<\/em>), cuya flor se parece a esta ave; el <strong>laurel t\u00f3xico<\/strong> (<em>Acokanthera oblongifolia<\/em>) cuyos frutos son venenosos y eran usados por los africanos para cargar sus flechas; el <strong>trompetero gigante<\/strong> (<em>Solandra maxima<\/em>) cuyo fruto es comestible y sus ra\u00edces son como lianas; la planta <strong>cuerno del arce<\/strong> (<em>Platycerium bifurcatum<\/em>), la planta <strong>cola de caballo<\/strong> (<em>Equisetum arvense<\/em>) o planta <strong>pata de elefante<\/strong> (<em>Beaucarnea recurvata), <\/em>cuyos nombres comunes dan lugar a sus apariencias.<\/p>\n\n\n\n<div class=\"wp-block-image\"><figure class=\"aligncenter size-large\"><img loading=\"lazy\" decoding=\"async\" width=\"801\" height=\"601\" src=\"http:\/\/naturalmentecaceres.com\/wp-content\/uploads\/2020\/06\/Estanque-Estufa-Fr\u00eda-2.jpg\" alt=\"\" class=\"wp-image-475\" srcset=\"http:\/\/naturalmentecaceres.com\/wp-content\/uploads\/2020\/06\/Estanque-Estufa-Fr\u00eda-2.jpg 801w, http:\/\/naturalmentecaceres.com\/wp-content\/uploads\/2020\/06\/Estanque-Estufa-Fr\u00eda-2-300x225.jpg 300w, http:\/\/naturalmentecaceres.com\/wp-content\/uploads\/2020\/06\/Estanque-Estufa-Fr\u00eda-2-768x576.jpg 768w, http:\/\/naturalmentecaceres.com\/wp-content\/uploads\/2020\/06\/Estanque-Estufa-Fr\u00eda-2-360x270.jpg 360w\" sizes=\"auto, (max-width: 801px) 100vw, 801px\" \/><\/figure><\/div>\n\n\n\n<p>Adem\u00e1s de plantas ex\u00f3ticas y tropicales, en este gran\ninvernadero de C\u00e1ceres puedes ver una peque\u00f1a colecci\u00f3n de <strong>nidos de p\u00e1jaros<\/strong>\nque han sido recogidos en el parque del Pr\u00edncipe. Destaca un nido de Cotorra\nArgentina (<em>Myiopsitta monachus<\/em>) que, como indicamos en este <a href=\"http:\/\/naturalmentecaceres.com\/index.php\/archivos\/339\">post<\/a>,\nse trata de una especie invasora. Se han divisado 7 u 8 ejemplares en bandada\nen el parque y se han tenido que retirar tres de sus nidos. <\/p>\n\n\n\n<p>La Estufa Fr\u00eda puede visitarse los viernes por la tarde, los\ns\u00e1bados por la ma\u00f1ana, y los domingos y festivos por la ma\u00f1ana y por la tarde.<\/p>\n\n\n\n<p>En definitiva, tenemos el gran privilegio de contar con un\nespectacular invernadero tropical que forma parte de los espacios verdes\nesenciales a conocer en C\u00e1ceres.<\/p>\n\n\n\n<p>FUENTES:<\/p>\n\n\n\n<ul class=\"wp-block-list\"><li><a href=\"http:\/\/www.parquedelprincipe.com\/index.php?option=com_content&amp;view=article&amp;id=8:invernadero-de-la-estufa-fria&amp;catid=7:la-estufa-fria&amp;Itemid=2\">http:\/\/www.parquedelprincipe.com\/index.php?option=com_content&amp;view=article&amp;id=8:invernadero-de-la-estufa-fria&amp;catid=7:la-estufa-fria&amp;Itemid=2<\/a><\/li><li><a href=\"https:\/\/www.elperiodicoextremadura.com\/noticias\/caceres\/hay-ver-estufa-fria_570808.html\">https:\/\/www.elperiodicoextremadura.com\/noticias\/caceres\/hay-ver-estufa-fria_570808.html<\/a><\/li><li><a href=\"https:\/\/www.hoy.es\/caceres\/especies-gran-desconocida-20200308003315-ntvo.html\">https:\/\/www.hoy.es\/caceres\/especies-gran-desconocida-20200308003315-ntvo.html<\/a><\/li><\/ul>\n","protected":false},"excerpt":{"rendered":"<p>El turismo de C\u00e1ceres es conocido por su gran patrimonio cultural y arquitect\u00f3nico; hoy os proponemos hacer turismo conociendo otro espacio imprescindible y natural de la ciudad. Queremos que conozcas C\u00e1ceres y la Estufa Fr\u00eda del Parque del Pr\u00edncipe. La Estufa Fr\u00eda est\u00e1 situada en la parte superior del Parque del Pr\u00edncipe. Se trata de un invernadero de 500 metros cuadrados que recrea un clima que permite mantener una colecci\u00f3n de m\u00e1s de 500 especies diferentes de plantas tropicales del&#8230;<\/p>\n<p class=\"read-more\"><a class=\"btn btn-default\" href=\"http:\/\/naturalmentecaceres.com\/index.php\/archivos\/469\"> Leer m\u00e1s<span class=\"screen-reader-text\">  Leer m\u00e1s<\/span><\/a><\/p>\n","protected":false},"author":1,"featured_media":0,"comment_status":"open","ping_status":"open","sticky":false,"template":"","format":"standard","meta":{"footnotes":""},"categories":[1],"tags":[],"class_list":["post-469","post","type-post","status-publish","format-standard","hentry","category-uncategorized"],"yoast_head":"<!-- This site is optimized with the Yoast SEO plugin v27.5 - https:\/\/yoast.com\/product\/yoast-seo-wordpress\/ -->\r\n<title>PARQUE DEL PR\u00cdNCIPE: LA ESTUFA FR\u00cdA - NATURALMENTE C\u00c1CERES<\/title>\r\n<meta name=\"robots\" content=\"index, follow, max-snippet:-1, max-image-preview:large, max-video-preview:-1\" \/>\r\n<link rel=\"canonical\" href=\"http:\/\/naturalmentecaceres.com\/index.php\/archivos\/469\" \/>\r\n<meta property=\"og:locale\" content=\"es_ES\" \/>\r\n<meta property=\"og:type\" content=\"article\" \/>\r\n<meta property=\"og:title\" content=\"PARQUE DEL PR\u00cdNCIPE: LA ESTUFA FR\u00cdA - NATURALMENTE C\u00c1CERES\" \/>\r\n<meta property=\"og:description\" content=\"El turismo de C\u00e1ceres es conocido por su gran patrimonio cultural y arquitect\u00f3nico; hoy os proponemos hacer turismo conociendo otro espacio imprescindible y natural de la ciudad. Queremos que conozcas C\u00e1ceres y la Estufa Fr\u00eda del Parque del Pr\u00edncipe. La Estufa Fr\u00eda est\u00e1 situada en la parte superior del Parque del Pr\u00edncipe. Se trata de un invernadero de 500 metros cuadrados que recrea un clima que permite mantener una colecci\u00f3n de m\u00e1s de 500 especies diferentes de plantas tropicales del... Leer m\u00e1s Leer m\u00e1s\" \/>\r\n<meta property=\"og:url\" content=\"http:\/\/naturalmentecaceres.com\/index.php\/archivos\/469\" \/>\r\n<meta property=\"og:site_name\" content=\"NATURALMENTE C\u00c1CERES\" \/>\r\n<meta property=\"article:published_time\" content=\"2020-06-02T04:54:07+00:00\" \/>\r\n<meta property=\"article:modified_time\" content=\"2021-07-26T13:08:51+00:00\" \/>\r\n<meta name=\"author\" content=\"Talher\" \/>\r\n<meta name=\"twitter:card\" content=\"summary_large_image\" \/>\r\n<meta name=\"twitter:creator\" content=\"@naturalmentecc\" \/>\r\n<meta name=\"twitter:site\" content=\"@naturalmentecc\" \/>\r\n<meta name=\"twitter:label1\" content=\"Escrito por\" \/>\n\t<meta name=\"twitter:data1\" content=\"Talher\" \/>\n\t<meta name=\"twitter:label2\" content=\"Tiempo de lectura\" \/>\n\t<meta name=\"twitter:data2\" content=\"4 minutos\" \/>\r\n<script type=\"application\/ld+json\" class=\"yoast-schema-graph\">{\"@context\":\"https:\\\/\\\/schema.org\",\"@graph\":[{\"@type\":\"Article\",\"@id\":\"http:\\\/\\\/naturalmentecaceres.com\\\/index.php\\\/archivos\\\/469#article\",\"isPartOf\":{\"@id\":\"http:\\\/\\\/naturalmentecaceres.com\\\/index.php\\\/archivos\\\/469\"},\"author\":{\"name\":\"Talher\",\"@id\":\"http:\\\/\\\/naturalmentecaceres.com\\\/#\\\/schema\\\/person\\\/14e51e6f1f5cc38d27627ad8a8c14340\"},\"headline\":\"PARQUE DEL PR\u00cdNCIPE: LA ESTUFA FR\u00cdA\",\"datePublished\":\"2020-06-02T04:54:07+00:00\",\"dateModified\":\"2021-07-26T13:08:51+00:00\",\"mainEntityOfPage\":{\"@id\":\"http:\\\/\\\/naturalmentecaceres.com\\\/index.php\\\/archivos\\\/469\"},\"wordCount\":790,\"commentCount\":0,\"publisher\":{\"@id\":\"http:\\\/\\\/naturalmentecaceres.com\\\/#organization\"},\"articleSection\":[\"Educaci\u00f3n ambiental\"],\"inLanguage\":\"es\",\"potentialAction\":[{\"@type\":\"CommentAction\",\"name\":\"Comment\",\"target\":[\"http:\\\/\\\/naturalmentecaceres.com\\\/index.php\\\/archivos\\\/469#respond\"]}]},{\"@type\":\"WebPage\",\"@id\":\"http:\\\/\\\/naturalmentecaceres.com\\\/index.php\\\/archivos\\\/469\",\"url\":\"http:\\\/\\\/naturalmentecaceres.com\\\/index.php\\\/archivos\\\/469\",\"name\":\"PARQUE DEL PR\u00cdNCIPE: LA ESTUFA FR\u00cdA - NATURALMENTE C\u00c1CERES\",\"isPartOf\":{\"@id\":\"http:\\\/\\\/naturalmentecaceres.com\\\/#website\"},\"datePublished\":\"2020-06-02T04:54:07+00:00\",\"dateModified\":\"2021-07-26T13:08:51+00:00\",\"breadcrumb\":{\"@id\":\"http:\\\/\\\/naturalmentecaceres.com\\\/index.php\\\/archivos\\\/469#breadcrumb\"},\"inLanguage\":\"es\",\"potentialAction\":[{\"@type\":\"ReadAction\",\"target\":[\"http:\\\/\\\/naturalmentecaceres.com\\\/index.php\\\/archivos\\\/469\"]}]},{\"@type\":\"BreadcrumbList\",\"@id\":\"http:\\\/\\\/naturalmentecaceres.com\\\/index.php\\\/archivos\\\/469#breadcrumb\",\"itemListElement\":[{\"@type\":\"ListItem\",\"position\":1,\"name\":\"Portada\",\"item\":\"http:\\\/\\\/naturalmentecaceres.com\\\/\"},{\"@type\":\"ListItem\",\"position\":2,\"name\":\"PARQUE DEL PR\u00cdNCIPE: LA ESTUFA FR\u00cdA\"}]},{\"@type\":\"WebSite\",\"@id\":\"http:\\\/\\\/naturalmentecaceres.com\\\/#website\",\"url\":\"http:\\\/\\\/naturalmentecaceres.com\\\/\",\"name\":\"NATURALMENTE C\u00c1CERES\",\"description\":\"Web del proyecto de educaci\u00f3n ambiental gestionado por Talher en C\u00e1ceres\",\"publisher\":{\"@id\":\"http:\\\/\\\/naturalmentecaceres.com\\\/#organization\"},\"potentialAction\":[{\"@type\":\"SearchAction\",\"target\":{\"@type\":\"EntryPoint\",\"urlTemplate\":\"http:\\\/\\\/naturalmentecaceres.com\\\/?s={search_term_string}\"},\"query-input\":{\"@type\":\"PropertyValueSpecification\",\"valueRequired\":true,\"valueName\":\"search_term_string\"}}],\"inLanguage\":\"es\"},{\"@type\":\"Organization\",\"@id\":\"http:\\\/\\\/naturalmentecaceres.com\\\/#organization\",\"name\":\"NATURALMENTE C\u00c1CERES\",\"url\":\"http:\\\/\\\/naturalmentecaceres.com\\\/\",\"logo\":{\"@type\":\"ImageObject\",\"inLanguage\":\"es\",\"@id\":\"http:\\\/\\\/naturalmentecaceres.com\\\/#\\\/schema\\\/logo\\\/image\\\/\",\"url\":\"http:\\\/\\\/naturalmentecaceres.com\\\/wp-content\\\/uploads\\\/2023\\\/02\\\/naturalmente.jpg\",\"contentUrl\":\"http:\\\/\\\/naturalmentecaceres.com\\\/wp-content\\\/uploads\\\/2023\\\/02\\\/naturalmente.jpg\",\"width\":1300,\"height\":1237,\"caption\":\"NATURALMENTE C\u00c1CERES\"},\"image\":{\"@id\":\"http:\\\/\\\/naturalmentecaceres.com\\\/#\\\/schema\\\/logo\\\/image\\\/\"},\"sameAs\":[\"https:\\\/\\\/x.com\\\/naturalmentecc\",\"https:\\\/\\\/www.instagram.com\\\/naturalmentecaceres\\\/\"]},{\"@type\":\"Person\",\"@id\":\"http:\\\/\\\/naturalmentecaceres.com\\\/#\\\/schema\\\/person\\\/14e51e6f1f5cc38d27627ad8a8c14340\",\"name\":\"Talher\",\"image\":{\"@type\":\"ImageObject\",\"inLanguage\":\"es\",\"@id\":\"https:\\\/\\\/secure.gravatar.com\\\/avatar\\\/129d2825c3c915f0d6bae5b93b934c74574bbe9aa2bac86aea3884599040250e?s=96&d=mm&r=g\",\"url\":\"https:\\\/\\\/secure.gravatar.com\\\/avatar\\\/129d2825c3c915f0d6bae5b93b934c74574bbe9aa2bac86aea3884599040250e?s=96&d=mm&r=g\",\"contentUrl\":\"https:\\\/\\\/secure.gravatar.com\\\/avatar\\\/129d2825c3c915f0d6bae5b93b934c74574bbe9aa2bac86aea3884599040250e?s=96&d=mm&r=g\",\"caption\":\"Talher\"},\"url\":\"http:\\\/\\\/naturalmentecaceres.com\\\/index.php\\\/archivos\\\/author\\\/talher\"}]}<\/script>\r\n<!-- \/ Yoast SEO plugin. -->","yoast_head_json":{"title":"PARQUE DEL PR\u00cdNCIPE: LA ESTUFA FR\u00cdA - NATURALMENTE C\u00c1CERES","robots":{"index":"index","follow":"follow","max-snippet":"max-snippet:-1","max-image-preview":"max-image-preview:large","max-video-preview":"max-video-preview:-1"},"canonical":"http:\/\/naturalmentecaceres.com\/index.php\/archivos\/469","og_locale":"es_ES","og_type":"article","og_title":"PARQUE DEL PR\u00cdNCIPE: LA ESTUFA FR\u00cdA - NATURALMENTE C\u00c1CERES","og_description":"El turismo de C\u00e1ceres es conocido por su gran patrimonio cultural y arquitect\u00f3nico; hoy os proponemos hacer turismo conociendo otro espacio imprescindible y natural de la ciudad. Queremos que conozcas C\u00e1ceres y la Estufa Fr\u00eda del Parque del Pr\u00edncipe. La Estufa Fr\u00eda est\u00e1 situada en la parte superior del Parque del Pr\u00edncipe. Se trata de un invernadero de 500 metros cuadrados que recrea un clima que permite mantener una colecci\u00f3n de m\u00e1s de 500 especies diferentes de plantas tropicales del... Leer m\u00e1s Leer m\u00e1s","og_url":"http:\/\/naturalmentecaceres.com\/index.php\/archivos\/469","og_site_name":"NATURALMENTE C\u00c1CERES","article_published_time":"2020-06-02T04:54:07+00:00","article_modified_time":"2021-07-26T13:08:51+00:00","author":"Talher","twitter_card":"summary_large_image","twitter_creator":"@naturalmentecc","twitter_site":"@naturalmentecc","twitter_misc":{"Escrito por":"Talher","Tiempo de lectura":"4 minutos"},"schema":{"@context":"https:\/\/schema.org","@graph":[{"@type":"Article","@id":"http:\/\/naturalmentecaceres.com\/index.php\/archivos\/469#article","isPartOf":{"@id":"http:\/\/naturalmentecaceres.com\/index.php\/archivos\/469"},"author":{"name":"Talher","@id":"http:\/\/naturalmentecaceres.com\/#\/schema\/person\/14e51e6f1f5cc38d27627ad8a8c14340"},"headline":"PARQUE DEL PR\u00cdNCIPE: LA ESTUFA FR\u00cdA","datePublished":"2020-06-02T04:54:07+00:00","dateModified":"2021-07-26T13:08:51+00:00","mainEntityOfPage":{"@id":"http:\/\/naturalmentecaceres.com\/index.php\/archivos\/469"},"wordCount":790,"commentCount":0,"publisher":{"@id":"http:\/\/naturalmentecaceres.com\/#organization"},"articleSection":["Educaci\u00f3n ambiental"],"inLanguage":"es","potentialAction":[{"@type":"CommentAction","name":"Comment","target":["http:\/\/naturalmentecaceres.com\/index.php\/archivos\/469#respond"]}]},{"@type":"WebPage","@id":"http:\/\/naturalmentecaceres.com\/index.php\/archivos\/469","url":"http:\/\/naturalmentecaceres.com\/index.php\/archivos\/469","name":"PARQUE DEL PR\u00cdNCIPE: LA ESTUFA FR\u00cdA - NATURALMENTE C\u00c1CERES","isPartOf":{"@id":"http:\/\/naturalmentecaceres.com\/#website"},"datePublished":"2020-06-02T04:54:07+00:00","dateModified":"2021-07-26T13:08:51+00:00","breadcrumb":{"@id":"http:\/\/naturalmentecaceres.com\/index.php\/archivos\/469#breadcrumb"},"inLanguage":"es","potentialAction":[{"@type":"ReadAction","target":["http:\/\/naturalmentecaceres.com\/index.php\/archivos\/469"]}]},{"@type":"BreadcrumbList","@id":"http:\/\/naturalmentecaceres.com\/index.php\/archivos\/469#breadcrumb","itemListElement":[{"@type":"ListItem","position":1,"name":"Portada","item":"http:\/\/naturalmentecaceres.com\/"},{"@type":"ListItem","position":2,"name":"PARQUE DEL PR\u00cdNCIPE: LA ESTUFA FR\u00cdA"}]},{"@type":"WebSite","@id":"http:\/\/naturalmentecaceres.com\/#website","url":"http:\/\/naturalmentecaceres.com\/","name":"NATURALMENTE C\u00c1CERES","description":"Web del proyecto de educaci\u00f3n ambiental gestionado por Talher en C\u00e1ceres","publisher":{"@id":"http:\/\/naturalmentecaceres.com\/#organization"},"potentialAction":[{"@type":"SearchAction","target":{"@type":"EntryPoint","urlTemplate":"http:\/\/naturalmentecaceres.com\/?s={search_term_string}"},"query-input":{"@type":"PropertyValueSpecification","valueRequired":true,"valueName":"search_term_string"}}],"inLanguage":"es"},{"@type":"Organization","@id":"http:\/\/naturalmentecaceres.com\/#organization","name":"NATURALMENTE C\u00c1CERES","url":"http:\/\/naturalmentecaceres.com\/","logo":{"@type":"ImageObject","inLanguage":"es","@id":"http:\/\/naturalmentecaceres.com\/#\/schema\/logo\/image\/","url":"http:\/\/naturalmentecaceres.com\/wp-content\/uploads\/2023\/02\/naturalmente.jpg","contentUrl":"http:\/\/naturalmentecaceres.com\/wp-content\/uploads\/2023\/02\/naturalmente.jpg","width":1300,"height":1237,"caption":"NATURALMENTE C\u00c1CERES"},"image":{"@id":"http:\/\/naturalmentecaceres.com\/#\/schema\/logo\/image\/"},"sameAs":["https:\/\/x.com\/naturalmentecc","https:\/\/www.instagram.com\/naturalmentecaceres\/"]},{"@type":"Person","@id":"http:\/\/naturalmentecaceres.com\/#\/schema\/person\/14e51e6f1f5cc38d27627ad8a8c14340","name":"Talher","image":{"@type":"ImageObject","inLanguage":"es","@id":"https:\/\/secure.gravatar.com\/avatar\/129d2825c3c915f0d6bae5b93b934c74574bbe9aa2bac86aea3884599040250e?s=96&d=mm&r=g","url":"https:\/\/secure.gravatar.com\/avatar\/129d2825c3c915f0d6bae5b93b934c74574bbe9aa2bac86aea3884599040250e?s=96&d=mm&r=g","contentUrl":"https:\/\/secure.gravatar.com\/avatar\/129d2825c3c915f0d6bae5b93b934c74574bbe9aa2bac86aea3884599040250e?s=96&d=mm&r=g","caption":"Talher"},"url":"http:\/\/naturalmentecaceres.com\/index.php\/archivos\/author\/talher"}]}},"_links":{"self":[{"href":"http:\/\/naturalmentecaceres.com\/index.php\/wp-json\/wp\/v2\/posts\/469","targetHints":{"allow":["GET"]}}],"collection":[{"href":"http:\/\/naturalmentecaceres.com\/index.php\/wp-json\/wp\/v2\/posts"}],"about":[{"href":"http:\/\/naturalmentecaceres.com\/index.php\/wp-json\/wp\/v2\/types\/post"}],"author":[{"embeddable":true,"href":"http:\/\/naturalmentecaceres.com\/index.php\/wp-json\/wp\/v2\/users\/1"}],"replies":[{"embeddable":true,"href":"http:\/\/naturalmentecaceres.com\/index.php\/wp-json\/wp\/v2\/comments?post=469"}],"version-history":[{"count":5,"href":"http:\/\/naturalmentecaceres.com\/index.php\/wp-json\/wp\/v2\/posts\/469\/revisions"}],"predecessor-version":[{"id":1057,"href":"http:\/\/naturalmentecaceres.com\/index.php\/wp-json\/wp\/v2\/posts\/469\/revisions\/1057"}],"wp:attachment":[{"href":"http:\/\/naturalmentecaceres.com\/index.php\/wp-json\/wp\/v2\/media?parent=469"}],"wp:term":[{"taxonomy":"category","embeddable":true,"href":"http:\/\/naturalmentecaceres.com\/index.php\/wp-json\/wp\/v2\/categories?post=469"},{"taxonomy":"post_tag","embeddable":true,"href":"http:\/\/naturalmentecaceres.com\/index.php\/wp-json\/wp\/v2\/tags?post=469"}],"curies":[{"name":"wp","href":"https:\/\/api.w.org\/{rel}","templated":true}]}}