{"id":446,"date":"2020-05-26T05:41:47","date_gmt":"2020-05-26T05:41:47","guid":{"rendered":"http:\/\/naturalmentecaceres.com\/?p=446"},"modified":"2021-07-26T13:08:51","modified_gmt":"2021-07-26T13:08:51","slug":"la-cueva-de-maltravieso","status":"publish","type":"post","link":"http:\/\/naturalmentecaceres.com\/index.php\/archivos\/446","title":{"rendered":"LA CUEVA DE MALTRAVIESO"},"content":{"rendered":"\n<p>Si de verdad deseas conocer C\u00e1ceres, no puedes perderte un\nmonumento natural imprescindible que ayuda a entender el origen de nuestra\nciudad: la Cueva de Maltravieso.<\/p>\n\n\n\n<p>En <a href=\"http:\/\/naturalmentecaceres.com\/index.php\/archivos\/399\">otros post<\/a>s\nde Naturalmente C\u00e1ceres, hemos comentado que nuestra ciudad est\u00e1 emplazada en\neste lugar debido a elementos geol\u00f3gicos (sinclinal) y al <em>Calerizo.<\/em><\/p>\n\n\n\n<p>Los primeros pobladores decidieron asentarse en el entorno\ncacere\u00f1o por la existencia de &nbsp;cavidades\nformadas por rocas carbonatadas, es decir, cuevas k\u00e1rsticas, que forman un\nconjunto alrededor del macizo calc\u00e1reo cacere\u00f1o (<em>Calerizo<\/em>) formado por la\ncueva de Maltravieso, la Cueva del Conejar y la Cueva de Santa Ana, adem\u00e1s de <a href=\"https:\/\/www.hoy.es\/caceres\/hallazgo-cuevas-caceres-20190319213949-nt.html\">las\nhalladas recientemente<\/a> por las obras de la Ronda Sur en el paraje de\n<em>El Carrucho. <\/em><\/p>\n\n\n\n<p>Estas cuevas se forman por la acci\u00f3n del agua de lluvia\nsobre la roca que, al contener di\u00f3xido de carbono, la disuelve. Gracias a las\nfisuras naturales del macizo, poco a poco las oquedades se van agrandando hasta\nel punto de llegar a servir de refugio a la fauna o al propio ser humano como\nocurri\u00f3 en la cueva de Maltravieso. Por ello, es muy probable que existan m\u00e1s cavidades\n(aunque sean peque\u00f1as) y, por tanto, C\u00e1ceres sea la ciudad con mayor cantidad\nde cuevas de Extremadura.<\/p>\n\n\n\n<p>La de Maltravieso, la m\u00e1s importante, contiene restos de huellas de arte paleol\u00edtico. Se descubri\u00f3 en 1951 y, en 1956, Carlos Callejo descubri\u00f3 las famosas pinturas de manos (motivo m\u00e1s recurrente de la cueva). Se han contado m\u00e1s de 70 y, junto a ellas, tambi\u00e9n hay un gran n\u00famero de formas geom\u00e9tricas abstractas o ideomorfas. Las investigaciones recientes han documentado m\u00e1s representaciones parciales pintadas de un \u00e9quido, c\u00e1prido, c\u00e9rvido y un b\u00f3vido, y otros posibles grabados de animales, que son m\u00e1s dif\u00edciles de interpretar.<\/p>\n\n\n\n<div class=\"wp-block-image\"><figure class=\"aligncenter size-large\"><img loading=\"lazy\" decoding=\"async\" width=\"1024\" height=\"620\" src=\"http:\/\/naturalmentecaceres.com\/wp-content\/uploads\/2020\/05\/Maltravieso-1024x620.jpg\" alt=\"\" class=\"wp-image-448\" srcset=\"http:\/\/naturalmentecaceres.com\/wp-content\/uploads\/2020\/05\/Maltravieso-1024x620.jpg 1024w, http:\/\/naturalmentecaceres.com\/wp-content\/uploads\/2020\/05\/Maltravieso-300x182.jpg 300w, http:\/\/naturalmentecaceres.com\/wp-content\/uploads\/2020\/05\/Maltravieso-768x465.jpg 768w, http:\/\/naturalmentecaceres.com\/wp-content\/uploads\/2020\/05\/Maltravieso-1536x930.jpg 1536w, http:\/\/naturalmentecaceres.com\/wp-content\/uploads\/2020\/05\/Maltravieso-446x270.jpg 446w, http:\/\/naturalmentecaceres.com\/wp-content\/uploads\/2020\/05\/Maltravieso.jpg 2000w\" sizes=\"auto, (max-width: 1024px) 100vw, 1024px\" \/><\/figure><\/div>\n\n\n\n<p>Las manos (que muchas no tienen representado el dedo\nme\u00f1ique) est\u00e1n pintadas en positivo, en negativo e incluso de manera mixta,\npero los arque\u00f3logos no han encontrado interpretaci\u00f3n. Cabe se\u00f1alar que son de\nlas pocas manifestaciones rupestres en el interior peninsular y las \u00fanicas\npict\u00f3ricas de Extremadura.<\/p>\n\n\n\n<p>Tambi\u00e9n se han descubierto restos de cer\u00e1mica, \u00fatiles, restos\n\u00f3seos de personas y de fauna pleistoc\u00e9nica como gamos, osos, uros, caballos,\nrinocerontes, linces, hienas, &#8230;, que han permitido fechar el conjunto entre\n350.000 y 120.000 a\u00f1os.<\/p>\n\n\n\n<p>En febrero de 2018, una investigaci\u00f3n liderada por Instituto\nMax Planck de Antropolog\u00eda Evolutiva y por la Universidad de Southampton (y que\nha sido publicada en la revista estadounidense Science), ha datado una de las pinturas\nde manos, en una fecha mucho m\u00e1s temprana de la que se hab\u00eda barajado hasta\nahora, y la fija en 66.700 a\u00f1os de antig\u00fcedad. Esto significa que sus autores\neran probablemente personas de la especie <em>Neandertal<\/em>, siendo las\nimpresiones rupestres m\u00e1s antiguas conocidas hasta ahora. Demuestran que el\ncomportamiento simb\u00f3lico no es solo una capacidad exclusiva del <em>Homo sapiens.<\/em>\n<\/p>\n\n\n\n<p>Puedes hacer un recorrido virtual por la Cueva de\nMaltravieso pulsando <a href=\"http:\/\/patrimoniocultural.juntaex.es\/filescms\/maltravieso\/uploaded_files\/Cueva_Maltravieso\/Cueva_Maltravieso.html\">aqu\u00ed<\/a>.<\/p>\n\n\n\n<p>En definitiva, para conocer C\u00e1ceres debemos aprender sobre\nsu geolog\u00eda y naturaleza, que nos han brindado un inmejorable lugar donde vivir\ny donde abastecernos desde la \u00e9poca prehist\u00f3rica.<\/p>\n\n\n\n<p>FUENTES:<\/p>\n\n\n\n<ul class=\"wp-block-list\"><li><a href=\"http:\/\/maltravieso.rupestre.org\/\">http:\/\/maltravieso.rupestre.org\/<\/a><\/li><li><a href=\"https:\/\/es.wikipedia.org\/wiki\/Cueva_de_Maltravieso\">https:\/\/es.wikipedia.org\/wiki\/Cueva_de_Maltravieso<\/a><\/li><li><a href=\"http:\/\/patrimoniocultural.juntaex.es\/filescms\/maltravieso\/uploaded_files\/Cueva_Maltravieso\/Cueva_Maltravieso.html\">http:\/\/patrimoniocultural.juntaex.es\/filescms\/maltravieso\/uploaded_files\/Cueva_Maltravieso\/Cueva_Maltravieso.html<\/a>.\n<\/li><li><a href=\"https:\/\/cacereshistorica.caceres.es\/arqueologia\/intervenciones-en-cuevas\/\">https:\/\/cacereshistorica.caceres.es\/arqueologia\/intervenciones-en-cuevas\/<\/a><\/li><li><a href=\"http:\/\/museodecaceres.juntaex.es\/web\/view\/portal\/index\/standardPage.php?id=12\">http:\/\/museodecaceres.juntaex.es\/web\/view\/portal\/index\/standardPage.php?id=12<\/a><\/li><li><a href=\"http:\/\/www.juntaex.es\/comunicacion\/noticia&amp;idPub=24205#.Xr17KWgzbIU\">http:\/\/www.juntaex.es\/comunicacion\/noticia&amp;idPub=24205#.Xr17KWgzbIU<\/a><\/li><li><a href=\"http:\/\/www.agex.org\/aula-geologica\/exposicion-cueva-caceres.php\">http:\/\/www.agex.org\/aula-geologica\/exposicion-cueva-caceres.php<\/a><\/li><\/ul>\n","protected":false},"excerpt":{"rendered":"<p>Si de verdad deseas conocer C\u00e1ceres, no puedes perderte un monumento natural imprescindible que ayuda a entender el origen de nuestra ciudad: la Cueva de Maltravieso. En otros posts de Naturalmente C\u00e1ceres, hemos comentado que nuestra ciudad est\u00e1 emplazada en este lugar debido a elementos geol\u00f3gicos (sinclinal) y al Calerizo. Los primeros pobladores decidieron asentarse en el entorno cacere\u00f1o por la existencia de &nbsp;cavidades formadas por rocas carbonatadas, es decir, cuevas k\u00e1rsticas, que forman un conjunto alrededor del macizo calc\u00e1reo&#8230;<\/p>\n<p class=\"read-more\"><a class=\"btn btn-default\" href=\"http:\/\/naturalmentecaceres.com\/index.php\/archivos\/446\"> Leer m\u00e1s<span class=\"screen-reader-text\">  Leer m\u00e1s<\/span><\/a><\/p>\n","protected":false},"author":1,"featured_media":0,"comment_status":"open","ping_status":"open","sticky":false,"template":"","format":"standard","meta":{"footnotes":""},"categories":[1],"tags":[],"class_list":["post-446","post","type-post","status-publish","format-standard","hentry","category-uncategorized"],"yoast_head":"<!-- This site is optimized with the Yoast SEO plugin v27.5 - https:\/\/yoast.com\/product\/yoast-seo-wordpress\/ -->\r\n<title>LA CUEVA DE MALTRAVIESO - NATURALMENTE C\u00c1CERES<\/title>\r\n<meta name=\"robots\" content=\"index, follow, max-snippet:-1, max-image-preview:large, max-video-preview:-1\" \/>\r\n<link rel=\"canonical\" href=\"http:\/\/naturalmentecaceres.com\/index.php\/archivos\/446\" \/>\r\n<meta property=\"og:locale\" content=\"es_ES\" \/>\r\n<meta property=\"og:type\" content=\"article\" \/>\r\n<meta property=\"og:title\" content=\"LA CUEVA DE MALTRAVIESO - NATURALMENTE C\u00c1CERES\" \/>\r\n<meta property=\"og:description\" content=\"Si de verdad deseas conocer C\u00e1ceres, no puedes perderte un monumento natural imprescindible que ayuda a entender el origen de nuestra ciudad: la Cueva de Maltravieso. En otros posts de Naturalmente C\u00e1ceres, hemos comentado que nuestra ciudad est\u00e1 emplazada en este lugar debido a elementos geol\u00f3gicos (sinclinal) y al Calerizo. Los primeros pobladores decidieron asentarse en el entorno cacere\u00f1o por la existencia de &nbsp;cavidades formadas por rocas carbonatadas, es decir, cuevas k\u00e1rsticas, que forman un conjunto alrededor del macizo calc\u00e1reo... Leer m\u00e1s Leer m\u00e1s\" \/>\r\n<meta property=\"og:url\" content=\"http:\/\/naturalmentecaceres.com\/index.php\/archivos\/446\" \/>\r\n<meta property=\"og:site_name\" content=\"NATURALMENTE C\u00c1CERES\" \/>\r\n<meta property=\"article:published_time\" content=\"2020-05-26T05:41:47+00:00\" \/>\r\n<meta property=\"article:modified_time\" content=\"2021-07-26T13:08:51+00:00\" \/>\r\n<meta property=\"og:image\" content=\"http:\/\/naturalmentecaceres.com\/wp-content\/uploads\/2020\/05\/Maltravieso-1024x620.jpg\" \/>\r\n<meta name=\"author\" content=\"Talher\" \/>\r\n<meta name=\"twitter:card\" content=\"summary_large_image\" \/>\r\n<meta name=\"twitter:creator\" content=\"@naturalmentecc\" \/>\r\n<meta name=\"twitter:site\" content=\"@naturalmentecc\" \/>\r\n<meta name=\"twitter:label1\" content=\"Escrito por\" \/>\n\t<meta name=\"twitter:data1\" content=\"Talher\" \/>\n\t<meta name=\"twitter:label2\" content=\"Tiempo de lectura\" \/>\n\t<meta name=\"twitter:data2\" content=\"3 minutos\" \/>\r\n<script type=\"application\/ld+json\" class=\"yoast-schema-graph\">{\"@context\":\"https:\\\/\\\/schema.org\",\"@graph\":[{\"@type\":\"Article\",\"@id\":\"http:\\\/\\\/naturalmentecaceres.com\\\/index.php\\\/archivos\\\/446#article\",\"isPartOf\":{\"@id\":\"http:\\\/\\\/naturalmentecaceres.com\\\/index.php\\\/archivos\\\/446\"},\"author\":{\"name\":\"Talher\",\"@id\":\"http:\\\/\\\/naturalmentecaceres.com\\\/#\\\/schema\\\/person\\\/14e51e6f1f5cc38d27627ad8a8c14340\"},\"headline\":\"LA CUEVA DE MALTRAVIESO\",\"datePublished\":\"2020-05-26T05:41:47+00:00\",\"dateModified\":\"2021-07-26T13:08:51+00:00\",\"mainEntityOfPage\":{\"@id\":\"http:\\\/\\\/naturalmentecaceres.com\\\/index.php\\\/archivos\\\/446\"},\"wordCount\":609,\"commentCount\":0,\"publisher\":{\"@id\":\"http:\\\/\\\/naturalmentecaceres.com\\\/#organization\"},\"image\":{\"@id\":\"http:\\\/\\\/naturalmentecaceres.com\\\/index.php\\\/archivos\\\/446#primaryimage\"},\"thumbnailUrl\":\"http:\\\/\\\/naturalmentecaceres.com\\\/wp-content\\\/uploads\\\/2020\\\/05\\\/Maltravieso-1024x620.jpg\",\"articleSection\":[\"Educaci\u00f3n ambiental\"],\"inLanguage\":\"es\",\"potentialAction\":[{\"@type\":\"CommentAction\",\"name\":\"Comment\",\"target\":[\"http:\\\/\\\/naturalmentecaceres.com\\\/index.php\\\/archivos\\\/446#respond\"]}]},{\"@type\":\"WebPage\",\"@id\":\"http:\\\/\\\/naturalmentecaceres.com\\\/index.php\\\/archivos\\\/446\",\"url\":\"http:\\\/\\\/naturalmentecaceres.com\\\/index.php\\\/archivos\\\/446\",\"name\":\"LA CUEVA DE MALTRAVIESO - NATURALMENTE C\u00c1CERES\",\"isPartOf\":{\"@id\":\"http:\\\/\\\/naturalmentecaceres.com\\\/#website\"},\"primaryImageOfPage\":{\"@id\":\"http:\\\/\\\/naturalmentecaceres.com\\\/index.php\\\/archivos\\\/446#primaryimage\"},\"image\":{\"@id\":\"http:\\\/\\\/naturalmentecaceres.com\\\/index.php\\\/archivos\\\/446#primaryimage\"},\"thumbnailUrl\":\"http:\\\/\\\/naturalmentecaceres.com\\\/wp-content\\\/uploads\\\/2020\\\/05\\\/Maltravieso-1024x620.jpg\",\"datePublished\":\"2020-05-26T05:41:47+00:00\",\"dateModified\":\"2021-07-26T13:08:51+00:00\",\"breadcrumb\":{\"@id\":\"http:\\\/\\\/naturalmentecaceres.com\\\/index.php\\\/archivos\\\/446#breadcrumb\"},\"inLanguage\":\"es\",\"potentialAction\":[{\"@type\":\"ReadAction\",\"target\":[\"http:\\\/\\\/naturalmentecaceres.com\\\/index.php\\\/archivos\\\/446\"]}]},{\"@type\":\"ImageObject\",\"inLanguage\":\"es\",\"@id\":\"http:\\\/\\\/naturalmentecaceres.com\\\/index.php\\\/archivos\\\/446#primaryimage\",\"url\":\"http:\\\/\\\/naturalmentecaceres.com\\\/wp-content\\\/uploads\\\/2020\\\/05\\\/Maltravieso.jpg\",\"contentUrl\":\"http:\\\/\\\/naturalmentecaceres.com\\\/wp-content\\\/uploads\\\/2020\\\/05\\\/Maltravieso.jpg\",\"width\":2000,\"height\":1211},{\"@type\":\"BreadcrumbList\",\"@id\":\"http:\\\/\\\/naturalmentecaceres.com\\\/index.php\\\/archivos\\\/446#breadcrumb\",\"itemListElement\":[{\"@type\":\"ListItem\",\"position\":1,\"name\":\"Portada\",\"item\":\"http:\\\/\\\/naturalmentecaceres.com\\\/\"},{\"@type\":\"ListItem\",\"position\":2,\"name\":\"LA CUEVA DE MALTRAVIESO\"}]},{\"@type\":\"WebSite\",\"@id\":\"http:\\\/\\\/naturalmentecaceres.com\\\/#website\",\"url\":\"http:\\\/\\\/naturalmentecaceres.com\\\/\",\"name\":\"NATURALMENTE C\u00c1CERES\",\"description\":\"Web del proyecto de educaci\u00f3n ambiental gestionado por Talher en C\u00e1ceres\",\"publisher\":{\"@id\":\"http:\\\/\\\/naturalmentecaceres.com\\\/#organization\"},\"potentialAction\":[{\"@type\":\"SearchAction\",\"target\":{\"@type\":\"EntryPoint\",\"urlTemplate\":\"http:\\\/\\\/naturalmentecaceres.com\\\/?s={search_term_string}\"},\"query-input\":{\"@type\":\"PropertyValueSpecification\",\"valueRequired\":true,\"valueName\":\"search_term_string\"}}],\"inLanguage\":\"es\"},{\"@type\":\"Organization\",\"@id\":\"http:\\\/\\\/naturalmentecaceres.com\\\/#organization\",\"name\":\"NATURALMENTE C\u00c1CERES\",\"url\":\"http:\\\/\\\/naturalmentecaceres.com\\\/\",\"logo\":{\"@type\":\"ImageObject\",\"inLanguage\":\"es\",\"@id\":\"http:\\\/\\\/naturalmentecaceres.com\\\/#\\\/schema\\\/logo\\\/image\\\/\",\"url\":\"http:\\\/\\\/naturalmentecaceres.com\\\/wp-content\\\/uploads\\\/2023\\\/02\\\/naturalmente.jpg\",\"contentUrl\":\"http:\\\/\\\/naturalmentecaceres.com\\\/wp-content\\\/uploads\\\/2023\\\/02\\\/naturalmente.jpg\",\"width\":1300,\"height\":1237,\"caption\":\"NATURALMENTE C\u00c1CERES\"},\"image\":{\"@id\":\"http:\\\/\\\/naturalmentecaceres.com\\\/#\\\/schema\\\/logo\\\/image\\\/\"},\"sameAs\":[\"https:\\\/\\\/x.com\\\/naturalmentecc\",\"https:\\\/\\\/www.instagram.com\\\/naturalmentecaceres\\\/\"]},{\"@type\":\"Person\",\"@id\":\"http:\\\/\\\/naturalmentecaceres.com\\\/#\\\/schema\\\/person\\\/14e51e6f1f5cc38d27627ad8a8c14340\",\"name\":\"Talher\",\"image\":{\"@type\":\"ImageObject\",\"inLanguage\":\"es\",\"@id\":\"https:\\\/\\\/secure.gravatar.com\\\/avatar\\\/129d2825c3c915f0d6bae5b93b934c74574bbe9aa2bac86aea3884599040250e?s=96&d=mm&r=g\",\"url\":\"https:\\\/\\\/secure.gravatar.com\\\/avatar\\\/129d2825c3c915f0d6bae5b93b934c74574bbe9aa2bac86aea3884599040250e?s=96&d=mm&r=g\",\"contentUrl\":\"https:\\\/\\\/secure.gravatar.com\\\/avatar\\\/129d2825c3c915f0d6bae5b93b934c74574bbe9aa2bac86aea3884599040250e?s=96&d=mm&r=g\",\"caption\":\"Talher\"},\"url\":\"http:\\\/\\\/naturalmentecaceres.com\\\/index.php\\\/archivos\\\/author\\\/talher\"}]}<\/script>\r\n<!-- \/ Yoast SEO plugin. -->","yoast_head_json":{"title":"LA CUEVA DE MALTRAVIESO - NATURALMENTE C\u00c1CERES","robots":{"index":"index","follow":"follow","max-snippet":"max-snippet:-1","max-image-preview":"max-image-preview:large","max-video-preview":"max-video-preview:-1"},"canonical":"http:\/\/naturalmentecaceres.com\/index.php\/archivos\/446","og_locale":"es_ES","og_type":"article","og_title":"LA CUEVA DE MALTRAVIESO - NATURALMENTE C\u00c1CERES","og_description":"Si de verdad deseas conocer C\u00e1ceres, no puedes perderte un monumento natural imprescindible que ayuda a entender el origen de nuestra ciudad: la Cueva de Maltravieso. En otros posts de Naturalmente C\u00e1ceres, hemos comentado que nuestra ciudad est\u00e1 emplazada en este lugar debido a elementos geol\u00f3gicos (sinclinal) y al Calerizo. Los primeros pobladores decidieron asentarse en el entorno cacere\u00f1o por la existencia de &nbsp;cavidades formadas por rocas carbonatadas, es decir, cuevas k\u00e1rsticas, que forman un conjunto alrededor del macizo calc\u00e1reo... Leer m\u00e1s Leer m\u00e1s","og_url":"http:\/\/naturalmentecaceres.com\/index.php\/archivos\/446","og_site_name":"NATURALMENTE C\u00c1CERES","article_published_time":"2020-05-26T05:41:47+00:00","article_modified_time":"2021-07-26T13:08:51+00:00","og_image":[{"url":"http:\/\/naturalmentecaceres.com\/wp-content\/uploads\/2020\/05\/Maltravieso-1024x620.jpg","type":"","width":"","height":""}],"author":"Talher","twitter_card":"summary_large_image","twitter_creator":"@naturalmentecc","twitter_site":"@naturalmentecc","twitter_misc":{"Escrito por":"Talher","Tiempo de lectura":"3 minutos"},"schema":{"@context":"https:\/\/schema.org","@graph":[{"@type":"Article","@id":"http:\/\/naturalmentecaceres.com\/index.php\/archivos\/446#article","isPartOf":{"@id":"http:\/\/naturalmentecaceres.com\/index.php\/archivos\/446"},"author":{"name":"Talher","@id":"http:\/\/naturalmentecaceres.com\/#\/schema\/person\/14e51e6f1f5cc38d27627ad8a8c14340"},"headline":"LA CUEVA DE MALTRAVIESO","datePublished":"2020-05-26T05:41:47+00:00","dateModified":"2021-07-26T13:08:51+00:00","mainEntityOfPage":{"@id":"http:\/\/naturalmentecaceres.com\/index.php\/archivos\/446"},"wordCount":609,"commentCount":0,"publisher":{"@id":"http:\/\/naturalmentecaceres.com\/#organization"},"image":{"@id":"http:\/\/naturalmentecaceres.com\/index.php\/archivos\/446#primaryimage"},"thumbnailUrl":"http:\/\/naturalmentecaceres.com\/wp-content\/uploads\/2020\/05\/Maltravieso-1024x620.jpg","articleSection":["Educaci\u00f3n ambiental"],"inLanguage":"es","potentialAction":[{"@type":"CommentAction","name":"Comment","target":["http:\/\/naturalmentecaceres.com\/index.php\/archivos\/446#respond"]}]},{"@type":"WebPage","@id":"http:\/\/naturalmentecaceres.com\/index.php\/archivos\/446","url":"http:\/\/naturalmentecaceres.com\/index.php\/archivos\/446","name":"LA CUEVA DE MALTRAVIESO - NATURALMENTE C\u00c1CERES","isPartOf":{"@id":"http:\/\/naturalmentecaceres.com\/#website"},"primaryImageOfPage":{"@id":"http:\/\/naturalmentecaceres.com\/index.php\/archivos\/446#primaryimage"},"image":{"@id":"http:\/\/naturalmentecaceres.com\/index.php\/archivos\/446#primaryimage"},"thumbnailUrl":"http:\/\/naturalmentecaceres.com\/wp-content\/uploads\/2020\/05\/Maltravieso-1024x620.jpg","datePublished":"2020-05-26T05:41:47+00:00","dateModified":"2021-07-26T13:08:51+00:00","breadcrumb":{"@id":"http:\/\/naturalmentecaceres.com\/index.php\/archivos\/446#breadcrumb"},"inLanguage":"es","potentialAction":[{"@type":"ReadAction","target":["http:\/\/naturalmentecaceres.com\/index.php\/archivos\/446"]}]},{"@type":"ImageObject","inLanguage":"es","@id":"http:\/\/naturalmentecaceres.com\/index.php\/archivos\/446#primaryimage","url":"http:\/\/naturalmentecaceres.com\/wp-content\/uploads\/2020\/05\/Maltravieso.jpg","contentUrl":"http:\/\/naturalmentecaceres.com\/wp-content\/uploads\/2020\/05\/Maltravieso.jpg","width":2000,"height":1211},{"@type":"BreadcrumbList","@id":"http:\/\/naturalmentecaceres.com\/index.php\/archivos\/446#breadcrumb","itemListElement":[{"@type":"ListItem","position":1,"name":"Portada","item":"http:\/\/naturalmentecaceres.com\/"},{"@type":"ListItem","position":2,"name":"LA CUEVA DE MALTRAVIESO"}]},{"@type":"WebSite","@id":"http:\/\/naturalmentecaceres.com\/#website","url":"http:\/\/naturalmentecaceres.com\/","name":"NATURALMENTE C\u00c1CERES","description":"Web del proyecto de educaci\u00f3n ambiental gestionado por Talher en C\u00e1ceres","publisher":{"@id":"http:\/\/naturalmentecaceres.com\/#organization"},"potentialAction":[{"@type":"SearchAction","target":{"@type":"EntryPoint","urlTemplate":"http:\/\/naturalmentecaceres.com\/?s={search_term_string}"},"query-input":{"@type":"PropertyValueSpecification","valueRequired":true,"valueName":"search_term_string"}}],"inLanguage":"es"},{"@type":"Organization","@id":"http:\/\/naturalmentecaceres.com\/#organization","name":"NATURALMENTE C\u00c1CERES","url":"http:\/\/naturalmentecaceres.com\/","logo":{"@type":"ImageObject","inLanguage":"es","@id":"http:\/\/naturalmentecaceres.com\/#\/schema\/logo\/image\/","url":"http:\/\/naturalmentecaceres.com\/wp-content\/uploads\/2023\/02\/naturalmente.jpg","contentUrl":"http:\/\/naturalmentecaceres.com\/wp-content\/uploads\/2023\/02\/naturalmente.jpg","width":1300,"height":1237,"caption":"NATURALMENTE C\u00c1CERES"},"image":{"@id":"http:\/\/naturalmentecaceres.com\/#\/schema\/logo\/image\/"},"sameAs":["https:\/\/x.com\/naturalmentecc","https:\/\/www.instagram.com\/naturalmentecaceres\/"]},{"@type":"Person","@id":"http:\/\/naturalmentecaceres.com\/#\/schema\/person\/14e51e6f1f5cc38d27627ad8a8c14340","name":"Talher","image":{"@type":"ImageObject","inLanguage":"es","@id":"https:\/\/secure.gravatar.com\/avatar\/129d2825c3c915f0d6bae5b93b934c74574bbe9aa2bac86aea3884599040250e?s=96&d=mm&r=g","url":"https:\/\/secure.gravatar.com\/avatar\/129d2825c3c915f0d6bae5b93b934c74574bbe9aa2bac86aea3884599040250e?s=96&d=mm&r=g","contentUrl":"https:\/\/secure.gravatar.com\/avatar\/129d2825c3c915f0d6bae5b93b934c74574bbe9aa2bac86aea3884599040250e?s=96&d=mm&r=g","caption":"Talher"},"url":"http:\/\/naturalmentecaceres.com\/index.php\/archivos\/author\/talher"}]}},"_links":{"self":[{"href":"http:\/\/naturalmentecaceres.com\/index.php\/wp-json\/wp\/v2\/posts\/446","targetHints":{"allow":["GET"]}}],"collection":[{"href":"http:\/\/naturalmentecaceres.com\/index.php\/wp-json\/wp\/v2\/posts"}],"about":[{"href":"http:\/\/naturalmentecaceres.com\/index.php\/wp-json\/wp\/v2\/types\/post"}],"author":[{"embeddable":true,"href":"http:\/\/naturalmentecaceres.com\/index.php\/wp-json\/wp\/v2\/users\/1"}],"replies":[{"embeddable":true,"href":"http:\/\/naturalmentecaceres.com\/index.php\/wp-json\/wp\/v2\/comments?post=446"}],"version-history":[{"count":2,"href":"http:\/\/naturalmentecaceres.com\/index.php\/wp-json\/wp\/v2\/posts\/446\/revisions"}],"predecessor-version":[{"id":449,"href":"http:\/\/naturalmentecaceres.com\/index.php\/wp-json\/wp\/v2\/posts\/446\/revisions\/449"}],"wp:attachment":[{"href":"http:\/\/naturalmentecaceres.com\/index.php\/wp-json\/wp\/v2\/media?parent=446"}],"wp:term":[{"taxonomy":"category","embeddable":true,"href":"http:\/\/naturalmentecaceres.com\/index.php\/wp-json\/wp\/v2\/categories?post=446"},{"taxonomy":"post_tag","embeddable":true,"href":"http:\/\/naturalmentecaceres.com\/index.php\/wp-json\/wp\/v2\/tags?post=446"}],"curies":[{"name":"wp","href":"https:\/\/api.w.org\/{rel}","templated":true}]}}