{"id":362,"date":"2020-05-07T12:40:31","date_gmt":"2020-05-07T12:40:31","guid":{"rendered":"http:\/\/naturalmentecaceres.com\/?p=362"},"modified":"2021-07-26T13:09:08","modified_gmt":"2021-07-26T13:09:08","slug":"el-paseo-alto","status":"publish","type":"post","link":"http:\/\/naturalmentecaceres.com\/index.php\/archivos\/362","title":{"rendered":"EL PASEO ALTO"},"content":{"rendered":"\n<p>C\u00e1ceres cuenta con grandes parques y jardines que visitar y\nconocer. Si est\u00e1s por la ciudad te recomendamos conocer el Paseo Alto o el Paseo\nde Ibarrola.<\/p>\n\n\n\n<p>Este parque de C\u00e1ceres, est\u00e1 situado junto a la Plaza de Toros (inaugurada en 1846) y se puede acceder a \u00e9l desde el Paseo de Ibarrola, construido hacia 1920. El Paseo Alto de C\u00e1ceres, tiene su origen en 1852 cuando el Ayuntamiento decidi\u00f3 construir el primer parque p\u00fablico en el <em>Cerro del Teso o<\/em> <em>Cerro del Rollo<\/em> (que dio lugar a su nombre inicial <em>Cerro del Teso<\/em>, lugar conocido en la ciudad porque era donde estaba el \u201crollo\u201d o \u201cpicota\u201d, lugar donde se cumpl\u00edan las penas de verg\u00fcenza p\u00fablica).<\/p>\n\n\n\n<div class=\"wp-block-image\"><figure class=\"aligncenter size-large\"><img loading=\"lazy\" decoding=\"async\" width=\"450\" height=\"608\" src=\"http:\/\/naturalmentecaceres.com\/wp-content\/uploads\/2020\/05\/Entrada-hacia-el-paseo.jpg\" alt=\"\" class=\"wp-image-365\" srcset=\"http:\/\/naturalmentecaceres.com\/wp-content\/uploads\/2020\/05\/Entrada-hacia-el-paseo.jpg 450w, http:\/\/naturalmentecaceres.com\/wp-content\/uploads\/2020\/05\/Entrada-hacia-el-paseo-222x300.jpg 222w, http:\/\/naturalmentecaceres.com\/wp-content\/uploads\/2020\/05\/Entrada-hacia-el-paseo-200x270.jpg 200w\" sizes=\"auto, (max-width: 450px) 100vw, 450px\" \/><\/figure><\/div>\n\n\n\n<p>En su parte m\u00e1s alta a 452 metros de altura; se construy\u00f3 en 1860 la Ermita de los Santos M\u00e1rtires, donde cada a\u00f1o a finales del mes de enero, se celebra una romer\u00eda con actividades l\u00fadicas y gastron\u00f3micas. <\/p>\n\n\n\n<div class=\"wp-block-image\"><figure class=\"aligncenter size-large\"><img loading=\"lazy\" decoding=\"async\" width=\"457\" height=\"599\" src=\"http:\/\/naturalmentecaceres.com\/wp-content\/uploads\/2020\/05\/Ermita-M\u00e1rtires.jpg\" alt=\"\" class=\"wp-image-363\" srcset=\"http:\/\/naturalmentecaceres.com\/wp-content\/uploads\/2020\/05\/Ermita-M\u00e1rtires.jpg 457w, http:\/\/naturalmentecaceres.com\/wp-content\/uploads\/2020\/05\/Ermita-M\u00e1rtires-229x300.jpg 229w, http:\/\/naturalmentecaceres.com\/wp-content\/uploads\/2020\/05\/Ermita-M\u00e1rtires-206x270.jpg 206w\" sizes=\"auto, (max-width: 457px) 100vw, 457px\" \/><\/figure><\/div>\n\n\n\n<p>Era muy frecuente en la \u00e9poca que los m\u00e9dicos recomendaran a\nlos pacientes con enfermedades respiratorias que pasearan por la zona por su\nabundante vegetaci\u00f3n y arbolado. <\/p>\n\n\n\n<p>En este paseo destaca sus dos grandes repisas de piedra con\nrespaldo o barandilla de metal, donde puedes sentarte y contemplar su\nvegetaci\u00f3n y abundante arbolado: encinas, madro\u00f1os, pinos, grandes eucaliptos y\nolmos centenarios (hemos mencionado sus olmos en el&nbsp; <a href=\"http:\/\/naturalmentecaceres.com\/index.php\/archivos\/289\">post<\/a>\nsobre los Olmos Centenarios del Palacio de Justicia y la Parroquia del esp\u00edritu\nSanto). Tambi\u00e9n cuenta con zonas con romero, laurel e incluso se puede dar un\npaseo para recoger esp\u00e1rragos. Si decides pasear por este parque cacere\u00f1o,\npodr\u00e1s deleitarte con los sonidos de la naturaleza y podr\u00e1s observar aves como\ngolondrinas, aviones comunes, rabilargos, mirlos o gorriones.<\/p>\n\n\n\n<div class=\"wp-block-image\"><figure class=\"aligncenter size-large\"><img loading=\"lazy\" decoding=\"async\" width=\"441\" height=\"598\" src=\"http:\/\/naturalmentecaceres.com\/wp-content\/uploads\/2020\/05\/Encinas_Paseo_Alto-1.jpg\" alt=\"\" class=\"wp-image-369\" srcset=\"http:\/\/naturalmentecaceres.com\/wp-content\/uploads\/2020\/05\/Encinas_Paseo_Alto-1.jpg 441w, http:\/\/naturalmentecaceres.com\/wp-content\/uploads\/2020\/05\/Encinas_Paseo_Alto-1-221x300.jpg 221w, http:\/\/naturalmentecaceres.com\/wp-content\/uploads\/2020\/05\/Encinas_Paseo_Alto-1-199x270.jpg 199w\" sizes=\"auto, (max-width: 441px) 100vw, 441px\" \/><\/figure><\/div>\n\n\n\n<p>Dentro del parque, puede verse una fuente de estilo neomud\u00e9jar (conocida como la Fuente del Paseo Alto y que data de 1929) y los restos de un antiguo polvor\u00edn militar (1850) que estaba destinado a almacenar la p\u00f3lvora que fue usado durante la Guerra Civil (se opt\u00f3 por este lugar por estar alejado del casco urbano y as\u00ed evitar accidentes). Tambi\u00e9n puede contemplarse una casa abandonada llamada \u201cPozo de la nieve\u201d (cuyos tr\u00e1mites para su recuperaci\u00f3n est\u00e1n en proceso), que era donde se almacenaba la nieve tra\u00edda de las Sierras de B\u00e9jar o Piornal y que abastec\u00eda de hielo a los ciudadanos de mayo a octubre para poder refrigerar alimentos y bebidas.<\/p>\n\n\n\n<div class=\"wp-block-image\"><figure class=\"aligncenter size-large\"><img loading=\"lazy\" decoding=\"async\" width=\"800\" height=\"590\" src=\"http:\/\/naturalmentecaceres.com\/wp-content\/uploads\/2020\/05\/Polvor\u00edn.jpg\" alt=\"\" class=\"wp-image-368\" srcset=\"http:\/\/naturalmentecaceres.com\/wp-content\/uploads\/2020\/05\/Polvor\u00edn.jpg 800w, http:\/\/naturalmentecaceres.com\/wp-content\/uploads\/2020\/05\/Polvor\u00edn-300x221.jpg 300w, http:\/\/naturalmentecaceres.com\/wp-content\/uploads\/2020\/05\/Polvor\u00edn-768x566.jpg 768w, http:\/\/naturalmentecaceres.com\/wp-content\/uploads\/2020\/05\/Polvor\u00edn-366x270.jpg 366w\" sizes=\"auto, (max-width: 800px) 100vw, 800px\" \/><\/figure><\/div>\n\n\n\n<p>Al estar en una posici\u00f3n alta, desde este parque de C\u00e1ceres se\npuede observar una falla inversa (en la que el labio inferior se eleva hacia\narriba y el superior, al contrario), justo en el corte de la Ronda Norte y la\ncarretera que va hacia Casar de C\u00e1ceres.<\/p>\n\n\n\n<p>Pero lo que m\u00e1s destaca, adem\u00e1s de su gran naturaleza y geodiversidad, son sus vistas espectaculares hacia los Llanos de C\u00e1ceres con la Sierra de Gredos al fondo (puedes verlo pulsando <a href=\"https:\/\/youtu.be\/XjlOJoqnIBg\" target=\"_blank\" rel=\"noreferrer noopener\" aria-label=\"aqu\u00ed (se abre en una nueva pesta\u00f1a)\">aqu\u00ed<\/a>), adem\u00e1s de poder ver gran parte y barrios de la ciudad: Montesol, Ronda Norte, La Mejostilla, C\u00e1ceres El Viejo, Ciudad Monumental o el Parque del Pr\u00edncipe. Puedes ver un v\u00eddeo de sus vistas hacia la Ciudad Monumental, Ronda Norte y Parque del Pr\u00edncipe pulsando <a href=\"https:\/\/youtu.be\/n3yp7POC9Z0\" target=\"_blank\" rel=\"noreferrer noopener\" aria-label=\"aqu\u00ed (se abre en una nueva pesta\u00f1a)\">aqu\u00ed<\/a>. <\/p>\n\n\n\n<figure class=\"wp-block-image size-large\"><img loading=\"lazy\" decoding=\"async\" width=\"806\" height=\"602\" src=\"http:\/\/naturalmentecaceres.com\/wp-content\/uploads\/2020\/05\/Pozo-de-las-nieves.jpg\" alt=\"\" class=\"wp-image-370\" srcset=\"http:\/\/naturalmentecaceres.com\/wp-content\/uploads\/2020\/05\/Pozo-de-las-nieves.jpg 806w, http:\/\/naturalmentecaceres.com\/wp-content\/uploads\/2020\/05\/Pozo-de-las-nieves-300x224.jpg 300w, http:\/\/naturalmentecaceres.com\/wp-content\/uploads\/2020\/05\/Pozo-de-las-nieves-768x574.jpg 768w, http:\/\/naturalmentecaceres.com\/wp-content\/uploads\/2020\/05\/Pozo-de-las-nieves-361x270.jpg 361w\" sizes=\"auto, (max-width: 806px) 100vw, 806px\" \/><\/figure>\n\n\n\n<p>En definitiva, el Paseo Alto de C\u00e1ceres es su primer espacio\nverde en el que puedes escaparte moment\u00e1neamente del ajetreo de la ciudad para relajarte\ny contemplar su belleza y singularidad hist\u00f3rica y natural.<\/p>\n\n\n\n<p>FUENTES:<\/p>\n\n\n\n<ul class=\"wp-block-list\"><li><a href=\"http:\/\/conocecaceres.blogspot.com\/p\/cerro-del-rollo.html\">http:\/\/conocecaceres.blogspot.com\/p\/cerro-del-rollo.html<\/a><\/li><li><a href=\"http:\/\/conocecaceres.blogspot.com\/p\/paseo-alto.html\">http:\/\/conocecaceres.blogspot.com\/p\/paseo-alto.html<\/a><\/li><li><a href=\"https:\/\/cacereshistorica.caceres.es\/5archivohistorico\/blogdelcronista\/fernando\/FernandoJim%c3%a9nezN%c2%ba115.pdf\">https:\/\/cacereshistorica.caceres.es\/5archivohistorico\/blogdelcronista\/fernando\/FernandoJim%c3%a9nezN%c2%ba115.pdf<\/a><\/li><li><a href=\"https:\/\/sig.caceres.es\/rutas_verdes\/ruta_6.html\">https:\/\/sig.caceres.es\/rutas_verdes\/ruta_6.html<\/a><\/li><\/ul>\n","protected":false},"excerpt":{"rendered":"<p>C\u00e1ceres cuenta con grandes parques y jardines que visitar y conocer. Si est\u00e1s por la ciudad te recomendamos conocer el Paseo Alto o el Paseo de Ibarrola. Este parque de C\u00e1ceres, est\u00e1 situado junto a la Plaza de Toros (inaugurada en 1846) y se puede acceder a \u00e9l desde el Paseo de Ibarrola, construido hacia 1920. El Paseo Alto de C\u00e1ceres, tiene su origen en 1852 cuando el Ayuntamiento decidi\u00f3 construir el primer parque p\u00fablico en el Cerro del Teso&#8230;<\/p>\n<p class=\"read-more\"><a class=\"btn btn-default\" href=\"http:\/\/naturalmentecaceres.com\/index.php\/archivos\/362\"> Leer m\u00e1s<span class=\"screen-reader-text\">  Leer m\u00e1s<\/span><\/a><\/p>\n","protected":false},"author":1,"featured_media":0,"comment_status":"open","ping_status":"open","sticky":false,"template":"","format":"standard","meta":{"footnotes":""},"categories":[1],"tags":[],"class_list":["post-362","post","type-post","status-publish","format-standard","hentry","category-uncategorized"],"yoast_head":"<!-- This site is optimized with the Yoast SEO plugin v27.5 - https:\/\/yoast.com\/product\/yoast-seo-wordpress\/ -->\r\n<title>EL PASEO ALTO - NATURALMENTE C\u00c1CERES<\/title>\r\n<meta name=\"robots\" content=\"index, follow, max-snippet:-1, max-image-preview:large, max-video-preview:-1\" \/>\r\n<link rel=\"canonical\" href=\"http:\/\/naturalmentecaceres.com\/index.php\/archivos\/362\" \/>\r\n<meta property=\"og:locale\" content=\"es_ES\" \/>\r\n<meta property=\"og:type\" content=\"article\" \/>\r\n<meta property=\"og:title\" content=\"EL PASEO ALTO - NATURALMENTE C\u00c1CERES\" \/>\r\n<meta property=\"og:description\" content=\"C\u00e1ceres cuenta con grandes parques y jardines que visitar y conocer. Si est\u00e1s por la ciudad te recomendamos conocer el Paseo Alto o el Paseo de Ibarrola. Este parque de C\u00e1ceres, est\u00e1 situado junto a la Plaza de Toros (inaugurada en 1846) y se puede acceder a \u00e9l desde el Paseo de Ibarrola, construido hacia 1920. El Paseo Alto de C\u00e1ceres, tiene su origen en 1852 cuando el Ayuntamiento decidi\u00f3 construir el primer parque p\u00fablico en el Cerro del Teso... Leer m\u00e1s Leer m\u00e1s\" \/>\r\n<meta property=\"og:url\" content=\"http:\/\/naturalmentecaceres.com\/index.php\/archivos\/362\" \/>\r\n<meta property=\"og:site_name\" content=\"NATURALMENTE C\u00c1CERES\" \/>\r\n<meta property=\"article:published_time\" content=\"2020-05-07T12:40:31+00:00\" \/>\r\n<meta property=\"article:modified_time\" content=\"2021-07-26T13:09:08+00:00\" \/>\r\n<meta property=\"og:image\" content=\"http:\/\/naturalmentecaceres.com\/wp-content\/uploads\/2020\/05\/Entrada-hacia-el-paseo.jpg\" \/>\r\n<meta name=\"author\" content=\"Talher\" \/>\r\n<meta name=\"twitter:card\" content=\"summary_large_image\" \/>\r\n<meta name=\"twitter:creator\" content=\"@naturalmentecc\" \/>\r\n<meta name=\"twitter:site\" content=\"@naturalmentecc\" \/>\r\n<meta name=\"twitter:label1\" content=\"Escrito por\" \/>\n\t<meta name=\"twitter:data1\" content=\"Talher\" \/>\n\t<meta name=\"twitter:label2\" content=\"Tiempo de lectura\" \/>\n\t<meta name=\"twitter:data2\" content=\"3 minutos\" \/>\r\n<script type=\"application\/ld+json\" class=\"yoast-schema-graph\">{\"@context\":\"https:\\\/\\\/schema.org\",\"@graph\":[{\"@type\":\"Article\",\"@id\":\"http:\\\/\\\/naturalmentecaceres.com\\\/index.php\\\/archivos\\\/362#article\",\"isPartOf\":{\"@id\":\"http:\\\/\\\/naturalmentecaceres.com\\\/index.php\\\/archivos\\\/362\"},\"author\":{\"name\":\"Talher\",\"@id\":\"http:\\\/\\\/naturalmentecaceres.com\\\/#\\\/schema\\\/person\\\/14e51e6f1f5cc38d27627ad8a8c14340\"},\"headline\":\"EL PASEO ALTO\",\"datePublished\":\"2020-05-07T12:40:31+00:00\",\"dateModified\":\"2021-07-26T13:09:08+00:00\",\"mainEntityOfPage\":{\"@id\":\"http:\\\/\\\/naturalmentecaceres.com\\\/index.php\\\/archivos\\\/362\"},\"wordCount\":634,\"commentCount\":0,\"publisher\":{\"@id\":\"http:\\\/\\\/naturalmentecaceres.com\\\/#organization\"},\"image\":{\"@id\":\"http:\\\/\\\/naturalmentecaceres.com\\\/index.php\\\/archivos\\\/362#primaryimage\"},\"thumbnailUrl\":\"http:\\\/\\\/naturalmentecaceres.com\\\/wp-content\\\/uploads\\\/2020\\\/05\\\/Entrada-hacia-el-paseo.jpg\",\"articleSection\":[\"Educaci\u00f3n ambiental\"],\"inLanguage\":\"es\",\"potentialAction\":[{\"@type\":\"CommentAction\",\"name\":\"Comment\",\"target\":[\"http:\\\/\\\/naturalmentecaceres.com\\\/index.php\\\/archivos\\\/362#respond\"]}]},{\"@type\":\"WebPage\",\"@id\":\"http:\\\/\\\/naturalmentecaceres.com\\\/index.php\\\/archivos\\\/362\",\"url\":\"http:\\\/\\\/naturalmentecaceres.com\\\/index.php\\\/archivos\\\/362\",\"name\":\"EL PASEO ALTO - NATURALMENTE C\u00c1CERES\",\"isPartOf\":{\"@id\":\"http:\\\/\\\/naturalmentecaceres.com\\\/#website\"},\"primaryImageOfPage\":{\"@id\":\"http:\\\/\\\/naturalmentecaceres.com\\\/index.php\\\/archivos\\\/362#primaryimage\"},\"image\":{\"@id\":\"http:\\\/\\\/naturalmentecaceres.com\\\/index.php\\\/archivos\\\/362#primaryimage\"},\"thumbnailUrl\":\"http:\\\/\\\/naturalmentecaceres.com\\\/wp-content\\\/uploads\\\/2020\\\/05\\\/Entrada-hacia-el-paseo.jpg\",\"datePublished\":\"2020-05-07T12:40:31+00:00\",\"dateModified\":\"2021-07-26T13:09:08+00:00\",\"breadcrumb\":{\"@id\":\"http:\\\/\\\/naturalmentecaceres.com\\\/index.php\\\/archivos\\\/362#breadcrumb\"},\"inLanguage\":\"es\",\"potentialAction\":[{\"@type\":\"ReadAction\",\"target\":[\"http:\\\/\\\/naturalmentecaceres.com\\\/index.php\\\/archivos\\\/362\"]}]},{\"@type\":\"ImageObject\",\"inLanguage\":\"es\",\"@id\":\"http:\\\/\\\/naturalmentecaceres.com\\\/index.php\\\/archivos\\\/362#primaryimage\",\"url\":\"http:\\\/\\\/naturalmentecaceres.com\\\/wp-content\\\/uploads\\\/2020\\\/05\\\/Entrada-hacia-el-paseo.jpg\",\"contentUrl\":\"http:\\\/\\\/naturalmentecaceres.com\\\/wp-content\\\/uploads\\\/2020\\\/05\\\/Entrada-hacia-el-paseo.jpg\",\"width\":450,\"height\":608},{\"@type\":\"BreadcrumbList\",\"@id\":\"http:\\\/\\\/naturalmentecaceres.com\\\/index.php\\\/archivos\\\/362#breadcrumb\",\"itemListElement\":[{\"@type\":\"ListItem\",\"position\":1,\"name\":\"Portada\",\"item\":\"http:\\\/\\\/naturalmentecaceres.com\\\/\"},{\"@type\":\"ListItem\",\"position\":2,\"name\":\"EL PASEO ALTO\"}]},{\"@type\":\"WebSite\",\"@id\":\"http:\\\/\\\/naturalmentecaceres.com\\\/#website\",\"url\":\"http:\\\/\\\/naturalmentecaceres.com\\\/\",\"name\":\"NATURALMENTE C\u00c1CERES\",\"description\":\"Web del proyecto de educaci\u00f3n ambiental gestionado por Talher en C\u00e1ceres\",\"publisher\":{\"@id\":\"http:\\\/\\\/naturalmentecaceres.com\\\/#organization\"},\"potentialAction\":[{\"@type\":\"SearchAction\",\"target\":{\"@type\":\"EntryPoint\",\"urlTemplate\":\"http:\\\/\\\/naturalmentecaceres.com\\\/?s={search_term_string}\"},\"query-input\":{\"@type\":\"PropertyValueSpecification\",\"valueRequired\":true,\"valueName\":\"search_term_string\"}}],\"inLanguage\":\"es\"},{\"@type\":\"Organization\",\"@id\":\"http:\\\/\\\/naturalmentecaceres.com\\\/#organization\",\"name\":\"NATURALMENTE C\u00c1CERES\",\"url\":\"http:\\\/\\\/naturalmentecaceres.com\\\/\",\"logo\":{\"@type\":\"ImageObject\",\"inLanguage\":\"es\",\"@id\":\"http:\\\/\\\/naturalmentecaceres.com\\\/#\\\/schema\\\/logo\\\/image\\\/\",\"url\":\"http:\\\/\\\/naturalmentecaceres.com\\\/wp-content\\\/uploads\\\/2023\\\/02\\\/naturalmente.jpg\",\"contentUrl\":\"http:\\\/\\\/naturalmentecaceres.com\\\/wp-content\\\/uploads\\\/2023\\\/02\\\/naturalmente.jpg\",\"width\":1300,\"height\":1237,\"caption\":\"NATURALMENTE C\u00c1CERES\"},\"image\":{\"@id\":\"http:\\\/\\\/naturalmentecaceres.com\\\/#\\\/schema\\\/logo\\\/image\\\/\"},\"sameAs\":[\"https:\\\/\\\/x.com\\\/naturalmentecc\",\"https:\\\/\\\/www.instagram.com\\\/naturalmentecaceres\\\/\"]},{\"@type\":\"Person\",\"@id\":\"http:\\\/\\\/naturalmentecaceres.com\\\/#\\\/schema\\\/person\\\/14e51e6f1f5cc38d27627ad8a8c14340\",\"name\":\"Talher\",\"image\":{\"@type\":\"ImageObject\",\"inLanguage\":\"es\",\"@id\":\"https:\\\/\\\/secure.gravatar.com\\\/avatar\\\/129d2825c3c915f0d6bae5b93b934c74574bbe9aa2bac86aea3884599040250e?s=96&d=mm&r=g\",\"url\":\"https:\\\/\\\/secure.gravatar.com\\\/avatar\\\/129d2825c3c915f0d6bae5b93b934c74574bbe9aa2bac86aea3884599040250e?s=96&d=mm&r=g\",\"contentUrl\":\"https:\\\/\\\/secure.gravatar.com\\\/avatar\\\/129d2825c3c915f0d6bae5b93b934c74574bbe9aa2bac86aea3884599040250e?s=96&d=mm&r=g\",\"caption\":\"Talher\"},\"url\":\"http:\\\/\\\/naturalmentecaceres.com\\\/index.php\\\/archivos\\\/author\\\/talher\"}]}<\/script>\r\n<!-- \/ Yoast SEO plugin. -->","yoast_head_json":{"title":"EL PASEO ALTO - NATURALMENTE C\u00c1CERES","robots":{"index":"index","follow":"follow","max-snippet":"max-snippet:-1","max-image-preview":"max-image-preview:large","max-video-preview":"max-video-preview:-1"},"canonical":"http:\/\/naturalmentecaceres.com\/index.php\/archivos\/362","og_locale":"es_ES","og_type":"article","og_title":"EL PASEO ALTO - NATURALMENTE C\u00c1CERES","og_description":"C\u00e1ceres cuenta con grandes parques y jardines que visitar y conocer. Si est\u00e1s por la ciudad te recomendamos conocer el Paseo Alto o el Paseo de Ibarrola. Este parque de C\u00e1ceres, est\u00e1 situado junto a la Plaza de Toros (inaugurada en 1846) y se puede acceder a \u00e9l desde el Paseo de Ibarrola, construido hacia 1920. El Paseo Alto de C\u00e1ceres, tiene su origen en 1852 cuando el Ayuntamiento decidi\u00f3 construir el primer parque p\u00fablico en el Cerro del Teso... Leer m\u00e1s Leer m\u00e1s","og_url":"http:\/\/naturalmentecaceres.com\/index.php\/archivos\/362","og_site_name":"NATURALMENTE C\u00c1CERES","article_published_time":"2020-05-07T12:40:31+00:00","article_modified_time":"2021-07-26T13:09:08+00:00","og_image":[{"url":"http:\/\/naturalmentecaceres.com\/wp-content\/uploads\/2020\/05\/Entrada-hacia-el-paseo.jpg","type":"","width":"","height":""}],"author":"Talher","twitter_card":"summary_large_image","twitter_creator":"@naturalmentecc","twitter_site":"@naturalmentecc","twitter_misc":{"Escrito por":"Talher","Tiempo de lectura":"3 minutos"},"schema":{"@context":"https:\/\/schema.org","@graph":[{"@type":"Article","@id":"http:\/\/naturalmentecaceres.com\/index.php\/archivos\/362#article","isPartOf":{"@id":"http:\/\/naturalmentecaceres.com\/index.php\/archivos\/362"},"author":{"name":"Talher","@id":"http:\/\/naturalmentecaceres.com\/#\/schema\/person\/14e51e6f1f5cc38d27627ad8a8c14340"},"headline":"EL PASEO ALTO","datePublished":"2020-05-07T12:40:31+00:00","dateModified":"2021-07-26T13:09:08+00:00","mainEntityOfPage":{"@id":"http:\/\/naturalmentecaceres.com\/index.php\/archivos\/362"},"wordCount":634,"commentCount":0,"publisher":{"@id":"http:\/\/naturalmentecaceres.com\/#organization"},"image":{"@id":"http:\/\/naturalmentecaceres.com\/index.php\/archivos\/362#primaryimage"},"thumbnailUrl":"http:\/\/naturalmentecaceres.com\/wp-content\/uploads\/2020\/05\/Entrada-hacia-el-paseo.jpg","articleSection":["Educaci\u00f3n ambiental"],"inLanguage":"es","potentialAction":[{"@type":"CommentAction","name":"Comment","target":["http:\/\/naturalmentecaceres.com\/index.php\/archivos\/362#respond"]}]},{"@type":"WebPage","@id":"http:\/\/naturalmentecaceres.com\/index.php\/archivos\/362","url":"http:\/\/naturalmentecaceres.com\/index.php\/archivos\/362","name":"EL PASEO ALTO - NATURALMENTE C\u00c1CERES","isPartOf":{"@id":"http:\/\/naturalmentecaceres.com\/#website"},"primaryImageOfPage":{"@id":"http:\/\/naturalmentecaceres.com\/index.php\/archivos\/362#primaryimage"},"image":{"@id":"http:\/\/naturalmentecaceres.com\/index.php\/archivos\/362#primaryimage"},"thumbnailUrl":"http:\/\/naturalmentecaceres.com\/wp-content\/uploads\/2020\/05\/Entrada-hacia-el-paseo.jpg","datePublished":"2020-05-07T12:40:31+00:00","dateModified":"2021-07-26T13:09:08+00:00","breadcrumb":{"@id":"http:\/\/naturalmentecaceres.com\/index.php\/archivos\/362#breadcrumb"},"inLanguage":"es","potentialAction":[{"@type":"ReadAction","target":["http:\/\/naturalmentecaceres.com\/index.php\/archivos\/362"]}]},{"@type":"ImageObject","inLanguage":"es","@id":"http:\/\/naturalmentecaceres.com\/index.php\/archivos\/362#primaryimage","url":"http:\/\/naturalmentecaceres.com\/wp-content\/uploads\/2020\/05\/Entrada-hacia-el-paseo.jpg","contentUrl":"http:\/\/naturalmentecaceres.com\/wp-content\/uploads\/2020\/05\/Entrada-hacia-el-paseo.jpg","width":450,"height":608},{"@type":"BreadcrumbList","@id":"http:\/\/naturalmentecaceres.com\/index.php\/archivos\/362#breadcrumb","itemListElement":[{"@type":"ListItem","position":1,"name":"Portada","item":"http:\/\/naturalmentecaceres.com\/"},{"@type":"ListItem","position":2,"name":"EL PASEO ALTO"}]},{"@type":"WebSite","@id":"http:\/\/naturalmentecaceres.com\/#website","url":"http:\/\/naturalmentecaceres.com\/","name":"NATURALMENTE C\u00c1CERES","description":"Web del proyecto de educaci\u00f3n ambiental gestionado por Talher en C\u00e1ceres","publisher":{"@id":"http:\/\/naturalmentecaceres.com\/#organization"},"potentialAction":[{"@type":"SearchAction","target":{"@type":"EntryPoint","urlTemplate":"http:\/\/naturalmentecaceres.com\/?s={search_term_string}"},"query-input":{"@type":"PropertyValueSpecification","valueRequired":true,"valueName":"search_term_string"}}],"inLanguage":"es"},{"@type":"Organization","@id":"http:\/\/naturalmentecaceres.com\/#organization","name":"NATURALMENTE C\u00c1CERES","url":"http:\/\/naturalmentecaceres.com\/","logo":{"@type":"ImageObject","inLanguage":"es","@id":"http:\/\/naturalmentecaceres.com\/#\/schema\/logo\/image\/","url":"http:\/\/naturalmentecaceres.com\/wp-content\/uploads\/2023\/02\/naturalmente.jpg","contentUrl":"http:\/\/naturalmentecaceres.com\/wp-content\/uploads\/2023\/02\/naturalmente.jpg","width":1300,"height":1237,"caption":"NATURALMENTE C\u00c1CERES"},"image":{"@id":"http:\/\/naturalmentecaceres.com\/#\/schema\/logo\/image\/"},"sameAs":["https:\/\/x.com\/naturalmentecc","https:\/\/www.instagram.com\/naturalmentecaceres\/"]},{"@type":"Person","@id":"http:\/\/naturalmentecaceres.com\/#\/schema\/person\/14e51e6f1f5cc38d27627ad8a8c14340","name":"Talher","image":{"@type":"ImageObject","inLanguage":"es","@id":"https:\/\/secure.gravatar.com\/avatar\/129d2825c3c915f0d6bae5b93b934c74574bbe9aa2bac86aea3884599040250e?s=96&d=mm&r=g","url":"https:\/\/secure.gravatar.com\/avatar\/129d2825c3c915f0d6bae5b93b934c74574bbe9aa2bac86aea3884599040250e?s=96&d=mm&r=g","contentUrl":"https:\/\/secure.gravatar.com\/avatar\/129d2825c3c915f0d6bae5b93b934c74574bbe9aa2bac86aea3884599040250e?s=96&d=mm&r=g","caption":"Talher"},"url":"http:\/\/naturalmentecaceres.com\/index.php\/archivos\/author\/talher"}]}},"_links":{"self":[{"href":"http:\/\/naturalmentecaceres.com\/index.php\/wp-json\/wp\/v2\/posts\/362","targetHints":{"allow":["GET"]}}],"collection":[{"href":"http:\/\/naturalmentecaceres.com\/index.php\/wp-json\/wp\/v2\/posts"}],"about":[{"href":"http:\/\/naturalmentecaceres.com\/index.php\/wp-json\/wp\/v2\/types\/post"}],"author":[{"embeddable":true,"href":"http:\/\/naturalmentecaceres.com\/index.php\/wp-json\/wp\/v2\/users\/1"}],"replies":[{"embeddable":true,"href":"http:\/\/naturalmentecaceres.com\/index.php\/wp-json\/wp\/v2\/comments?post=362"}],"version-history":[{"count":6,"href":"http:\/\/naturalmentecaceres.com\/index.php\/wp-json\/wp\/v2\/posts\/362\/revisions"}],"predecessor-version":[{"id":374,"href":"http:\/\/naturalmentecaceres.com\/index.php\/wp-json\/wp\/v2\/posts\/362\/revisions\/374"}],"wp:attachment":[{"href":"http:\/\/naturalmentecaceres.com\/index.php\/wp-json\/wp\/v2\/media?parent=362"}],"wp:term":[{"taxonomy":"category","embeddable":true,"href":"http:\/\/naturalmentecaceres.com\/index.php\/wp-json\/wp\/v2\/categories?post=362"},{"taxonomy":"post_tag","embeddable":true,"href":"http:\/\/naturalmentecaceres.com\/index.php\/wp-json\/wp\/v2\/tags?post=362"}],"curies":[{"name":"wp","href":"https:\/\/api.w.org\/{rel}","templated":true}]}}