{"id":339,"date":"2020-05-04T09:32:02","date_gmt":"2020-05-04T09:32:02","guid":{"rendered":"http:\/\/naturalmentecaceres.com\/?p=339"},"modified":"2021-07-26T13:09:08","modified_gmt":"2021-07-26T13:09:08","slug":"palmeras-centenarias-en-la-plaza-de-santa-clara","status":"publish","type":"post","link":"http:\/\/naturalmentecaceres.com\/index.php\/archivos\/339","title":{"rendered":"PALMERAS CENTENARIAS EN LA PLAZA DE SANTA CLARA"},"content":{"rendered":"\n<p><a>Conocer C\u00e1ceres es una experiencia <\/a>\u00fanica\ngracias a su gran patrimonio, pero adem\u00e1s de su arquitectura e historia, hay\nque conocer tambi\u00e9n su gran naturaleza. Hoy os presentamos las palmeras\ncanarias (<em>phoenix canariensis<\/em>) de la plaza de Santa Clara, dentro de la\nciudad monumental. <\/p>\n\n\n\n<p>Se tratan de cuatro majestuosas palmeras, cuya edad se estima en unos 100 a\u00f1os y, por tanto, son otro monumento vivo m\u00e1s de la ciudad. Tienen una altura de 11 metros y el per\u00edmetro de sus troncos es de 2,46 metros. <\/p>\n\n\n\n<figure class=\"wp-block-image size-large\"><img loading=\"lazy\" decoding=\"async\" width=\"768\" height=\"1024\" src=\"http:\/\/naturalmentecaceres.com\/wp-content\/uploads\/2020\/05\/Palmeras-Santa-Clara1-768x1024.jpg\" alt=\"\" class=\"wp-image-343\" srcset=\"http:\/\/naturalmentecaceres.com\/wp-content\/uploads\/2020\/05\/Palmeras-Santa-Clara1-768x1024.jpg 768w, http:\/\/naturalmentecaceres.com\/wp-content\/uploads\/2020\/05\/Palmeras-Santa-Clara1-225x300.jpg 225w, http:\/\/naturalmentecaceres.com\/wp-content\/uploads\/2020\/05\/Palmeras-Santa-Clara1-1152x1536.jpg 1152w, http:\/\/naturalmentecaceres.com\/wp-content\/uploads\/2020\/05\/Palmeras-Santa-Clara1-203x270.jpg 203w, http:\/\/naturalmentecaceres.com\/wp-content\/uploads\/2020\/05\/Palmeras-Santa-Clara1.jpg 1500w\" sizes=\"auto, (max-width: 768px) 100vw, 768px\" \/><\/figure>\n\n\n\n<p>En cuanto a su historia, se desconoce por qu\u00e9 est\u00e1n ah\u00ed,\npero tenemos el privilegio de contar con ellas y hacen que el acceso a la\nciudad monumental de C\u00e1ceres por la desaparecida Puerta de M\u00e9rida, sea m\u00e1s\nmajestuosa.<\/p>\n\n\n\n<p>Este tipo de palmeras, es una especie end\u00e9mica de las Islas\nCanarias que crece de forma natural en todas las islas, aunque por su gran\nvalor ornamental, ha sido utilizada para adornar parques, bulevares, mansiones\nde indianos, patios de palacios, jardines hispano-musulmanes y mediterr\u00e1neos e\nincluso alineaciones y plazas como la de Santa Clara.<\/p>\n\n\n\n<p>Este tipo de \u00e1rbol puede llevar a medir hasta 20 metros de\naltura, por lo que a las de Santa Clara pueden crecer mucho m\u00e1s. Su tronco\ntiene el mismo grosor en toda su longitud; su crecimiento est\u00e1 marcado por las\ncicatrices que dejan las hojas al caer y que van constituyendo un tejido muerto\nque act\u00faa como protector, ya que carece de corteza. <\/p>\n\n\n\n<p>Se trata de una especie dioica, donde los ejemplares macho\nproducen inflorescencias muy apretadas, con flores blancas protegidas por una\nespecie de vaina; y las hembras tienen inflorescencias m\u00e1s grandes y\nramificadas con flores amarillentas que se insertan en las copas por largos\nped\u00fanculos.<\/p>\n\n\n\n<div class=\"wp-block-image\"><figure class=\"aligncenter size-large\"><img loading=\"lazy\" decoding=\"async\" width=\"1024\" height=\"768\" src=\"http:\/\/naturalmentecaceres.com\/wp-content\/uploads\/2020\/05\/Palmeras-Santa-Clara-2-1024x768.jpg\" alt=\"\" class=\"wp-image-345\" srcset=\"http:\/\/naturalmentecaceres.com\/wp-content\/uploads\/2020\/05\/Palmeras-Santa-Clara-2-1024x768.jpg 1024w, http:\/\/naturalmentecaceres.com\/wp-content\/uploads\/2020\/05\/Palmeras-Santa-Clara-2-300x225.jpg 300w, http:\/\/naturalmentecaceres.com\/wp-content\/uploads\/2020\/05\/Palmeras-Santa-Clara-2-768x576.jpg 768w, http:\/\/naturalmentecaceres.com\/wp-content\/uploads\/2020\/05\/Palmeras-Santa-Clara-2-1536x1152.jpg 1536w, http:\/\/naturalmentecaceres.com\/wp-content\/uploads\/2020\/05\/Palmeras-Santa-Clara-2-360x270.jpg 360w, http:\/\/naturalmentecaceres.com\/wp-content\/uploads\/2020\/05\/Palmeras-Santa-Clara-2.jpg 2000w\" sizes=\"auto, (max-width: 1024px) 100vw, 1024px\" \/><\/figure><\/div>\n\n\n\n<p>Sus frutos se llaman t\u00e1maras y son bayas carnosas parecidas\na los d\u00e1tiles que est\u00e1n dispuestos en racimos muy abundantes. Permanecen en el\n\u00e1rbol durante muchos meses y suelen ser alimento de c\u00f3rvidos y otras aves como\nlos mirlos.<\/p>\n\n\n\n<p>Tiene muchos usos y se puede aprovechar al cien por cien. Las\nhojas sirven para realizar un trenzado llamado \u201cempleita\u201d con el que se\nfabrican esteras, \u201cgenas\u201d (mochila tradicional canaria) y \u201csendajas\u201d (para\nrodear y comprimir el queso). Tambi\u00e9n se contin\u00faa extrayendo de manera\nartesanal su savia (guarapo) que se puede consumir fresca, fermentada para\nelaborar aguardiente o guisada lentamente para producir miel de palma.<\/p>\n\n\n\n<p>Tiene varios enemigos: el rojo picudo (<em>Rhynchophorus ferrugineus<\/em>) y la cotorra argentina (<em>Myiopsitta monachus<\/em>), ambas especies invasoras. Actualmente, el picudo rojo se encuentra en gran expansi\u00f3n en Extremadura y es una gran amenaza para la supervivencia de las palmeras canarias ya que sus larvas se alimentan del brote de sus hojas y destruyen la \u00fanica yema del \u00e1rbol, causando su muerte. Muy recientemente en C\u00e1ceres, varias palmeras han sido tratadas contra este escarabajo y esperamos que otras palmeras de la ciudad no se infecten de este escarabajo.<\/p>\n\n\n\n<div class=\"wp-block-image\"><figure class=\"aligncenter size-large\"><img loading=\"lazy\" decoding=\"async\" width=\"1024\" height=\"577\" src=\"http:\/\/naturalmentecaceres.com\/wp-content\/uploads\/2020\/05\/Rojo-Picudo-1024x577.jpg\" alt=\"\" class=\"wp-image-340\" srcset=\"http:\/\/naturalmentecaceres.com\/wp-content\/uploads\/2020\/05\/Rojo-Picudo-1024x577.jpg 1024w, http:\/\/naturalmentecaceres.com\/wp-content\/uploads\/2020\/05\/Rojo-Picudo-300x169.jpg 300w, http:\/\/naturalmentecaceres.com\/wp-content\/uploads\/2020\/05\/Rojo-Picudo-768x433.jpg 768w, http:\/\/naturalmentecaceres.com\/wp-content\/uploads\/2020\/05\/Rojo-Picudo-1536x866.jpg 1536w, http:\/\/naturalmentecaceres.com\/wp-content\/uploads\/2020\/05\/Rojo-Picudo-479x270.jpg 479w, http:\/\/naturalmentecaceres.com\/wp-content\/uploads\/2020\/05\/Rojo-Picudo.jpg 1920w\" sizes=\"auto, (max-width: 1024px) 100vw, 1024px\" \/><\/figure><\/div>\n\n\n\n<p>En cuanto a la cotorra argentina, les encanta hacer sus nidos comunitarios (conviven varias parejas) en las palmeras por ser lugares muy altos, suponiendo un grave peligro porque pueden llegar a pesar hasta 100 kg. En C\u00e1ceres comenzaron a verse en 2010 y se han localizado nidos en la Plaza de Toros, en el Parque de Valhondo, en el cementerio y en el Parque del Pr\u00edncipe (donde se pueden ver algunos nidos en la Estufa Fr\u00eda) y se han visto ejemplares tambi\u00e9n en el Paseo Alto y en la Facultad de Empresariales.<\/p>\n\n\n\n<div class=\"wp-block-image\"><figure class=\"aligncenter size-large\"><img loading=\"lazy\" decoding=\"async\" width=\"1024\" height=\"767\" src=\"http:\/\/naturalmentecaceres.com\/wp-content\/uploads\/2020\/05\/Cotorra-Argentina-1024x767.jpg\" alt=\"\" class=\"wp-image-341\" srcset=\"http:\/\/naturalmentecaceres.com\/wp-content\/uploads\/2020\/05\/Cotorra-Argentina-1024x767.jpg 1024w, http:\/\/naturalmentecaceres.com\/wp-content\/uploads\/2020\/05\/Cotorra-Argentina-300x225.jpg 300w, http:\/\/naturalmentecaceres.com\/wp-content\/uploads\/2020\/05\/Cotorra-Argentina-768x576.jpg 768w, http:\/\/naturalmentecaceres.com\/wp-content\/uploads\/2020\/05\/Cotorra-Argentina-1536x1151.jpg 1536w, http:\/\/naturalmentecaceres.com\/wp-content\/uploads\/2020\/05\/Cotorra-Argentina-360x270.jpg 360w, http:\/\/naturalmentecaceres.com\/wp-content\/uploads\/2020\/05\/Cotorra-Argentina.jpg 1920w\" sizes=\"auto, (max-width: 1024px) 100vw, 1024px\" \/><\/figure><\/div>\n\n\n\n<p>A pesar de estas amenazas, esperamos que las palmeras que\nest\u00e1n en la Plaza de Santa Clara y otras de la ciudad, contin\u00faen mucho m\u00e1s\ntiempo con nosotros.<\/p>\n\n\n\n<p>FUENTES:<\/p>\n\n\n\n<ul class=\"wp-block-list\"><li>Doce Gigantes verdes: <a href=\"https:\/\/www.hoy.es\/v\/20140316\/caceres\/doce-gigantes-verdes-ciudad-20140316.html\">https:\/\/www.hoy.es\/v\/20140316\/caceres\/doce-gigantes-verdes-ciudad-20140316.html<\/a><\/li><li><a href=\"http:\/\/www.arbolappcanarias.es\/especies\/ficha\/phoenix-canariensis\/\">http:\/\/www.arbolappcanarias.es\/especies\/ficha\/phoenix-canariensis\/<\/a><\/li><li><a href=\"http:\/\/aves-extremadura.blogspot.com\/2016\/03\/la-cotorra-argentina-en-extremadura.html\">http:\/\/aves-extremadura.blogspot.com\/2016\/03\/la-cotorra-argentina-en-extremadura.html<\/a><\/li><li><a href=\"https:\/\/www.hoy.es\/extremadura\/picudo-rojo-afecta-20171020195258-nt.html\">https:\/\/www.hoy.es\/extremadura\/picudo-rojo-afecta-20171020195258-nt.html<\/a><\/li><li><a href=\"https:\/\/www.hoy.es\/caceres\/denuncian-primer-picudo-20181119180929-nt.html\">https:\/\/www.hoy.es\/caceres\/denuncian-primer-picudo-20181119180929-nt.html<\/a><\/li><\/ul>\n","protected":false},"excerpt":{"rendered":"<p>Conocer C\u00e1ceres es una experiencia \u00fanica gracias a su gran patrimonio, pero adem\u00e1s de su arquitectura e historia, hay que conocer tambi\u00e9n su gran naturaleza. Hoy os presentamos las palmeras canarias (phoenix canariensis) de la plaza de Santa Clara, dentro de la ciudad monumental. Se tratan de cuatro majestuosas palmeras, cuya edad se estima en unos 100 a\u00f1os y, por tanto, son otro monumento vivo m\u00e1s de la ciudad. Tienen una altura de 11 metros y el per\u00edmetro de sus&#8230;<\/p>\n<p class=\"read-more\"><a class=\"btn btn-default\" href=\"http:\/\/naturalmentecaceres.com\/index.php\/archivos\/339\"> Leer m\u00e1s<span class=\"screen-reader-text\">  Leer m\u00e1s<\/span><\/a><\/p>\n","protected":false},"author":1,"featured_media":0,"comment_status":"open","ping_status":"open","sticky":false,"template":"","format":"standard","meta":{"footnotes":""},"categories":[1],"tags":[],"class_list":["post-339","post","type-post","status-publish","format-standard","hentry","category-uncategorized"],"yoast_head":"<!-- This site is optimized with the Yoast SEO plugin v27.4 - https:\/\/yoast.com\/product\/yoast-seo-wordpress\/ -->\r\n<title>PALMERAS CENTENARIAS EN LA PLAZA DE SANTA CLARA - NATURALMENTE C\u00c1CERES<\/title>\r\n<meta name=\"robots\" content=\"index, follow, max-snippet:-1, max-image-preview:large, max-video-preview:-1\" \/>\r\n<link rel=\"canonical\" href=\"http:\/\/naturalmentecaceres.com\/index.php\/archivos\/339\" \/>\r\n<meta property=\"og:locale\" content=\"es_ES\" \/>\r\n<meta property=\"og:type\" content=\"article\" \/>\r\n<meta property=\"og:title\" content=\"PALMERAS CENTENARIAS EN LA PLAZA DE SANTA CLARA - NATURALMENTE C\u00c1CERES\" \/>\r\n<meta property=\"og:description\" content=\"Conocer C\u00e1ceres es una experiencia \u00fanica gracias a su gran patrimonio, pero adem\u00e1s de su arquitectura e historia, hay que conocer tambi\u00e9n su gran naturaleza. Hoy os presentamos las palmeras canarias (phoenix canariensis) de la plaza de Santa Clara, dentro de la ciudad monumental. Se tratan de cuatro majestuosas palmeras, cuya edad se estima en unos 100 a\u00f1os y, por tanto, son otro monumento vivo m\u00e1s de la ciudad. Tienen una altura de 11 metros y el per\u00edmetro de sus... Leer m\u00e1s Leer m\u00e1s\" \/>\r\n<meta property=\"og:url\" content=\"http:\/\/naturalmentecaceres.com\/index.php\/archivos\/339\" \/>\r\n<meta property=\"og:site_name\" content=\"NATURALMENTE C\u00c1CERES\" \/>\r\n<meta property=\"article:published_time\" content=\"2020-05-04T09:32:02+00:00\" \/>\r\n<meta property=\"article:modified_time\" content=\"2021-07-26T13:09:08+00:00\" \/>\r\n<meta property=\"og:image\" content=\"http:\/\/naturalmentecaceres.com\/wp-content\/uploads\/2020\/05\/Palmeras-Santa-Clara1-768x1024.jpg\" \/>\r\n<meta name=\"author\" content=\"Talher\" \/>\r\n<meta name=\"twitter:card\" content=\"summary_large_image\" \/>\r\n<meta name=\"twitter:creator\" content=\"@naturalmentecc\" \/>\r\n<meta name=\"twitter:site\" content=\"@naturalmentecc\" \/>\r\n<meta name=\"twitter:label1\" content=\"Escrito por\" \/>\n\t<meta name=\"twitter:data1\" content=\"Talher\" \/>\n\t<meta name=\"twitter:label2\" content=\"Tiempo de lectura\" \/>\n\t<meta name=\"twitter:data2\" content=\"3 minutos\" \/>\r\n<script type=\"application\/ld+json\" class=\"yoast-schema-graph\">{\"@context\":\"https:\\\/\\\/schema.org\",\"@graph\":[{\"@type\":\"Article\",\"@id\":\"http:\\\/\\\/naturalmentecaceres.com\\\/index.php\\\/archivos\\\/339#article\",\"isPartOf\":{\"@id\":\"http:\\\/\\\/naturalmentecaceres.com\\\/index.php\\\/archivos\\\/339\"},\"author\":{\"name\":\"Talher\",\"@id\":\"http:\\\/\\\/naturalmentecaceres.com\\\/#\\\/schema\\\/person\\\/14e51e6f1f5cc38d27627ad8a8c14340\"},\"headline\":\"PALMERAS CENTENARIAS EN LA PLAZA DE SANTA CLARA\",\"datePublished\":\"2020-05-04T09:32:02+00:00\",\"dateModified\":\"2021-07-26T13:09:08+00:00\",\"mainEntityOfPage\":{\"@id\":\"http:\\\/\\\/naturalmentecaceres.com\\\/index.php\\\/archivos\\\/339\"},\"wordCount\":671,\"commentCount\":0,\"publisher\":{\"@id\":\"http:\\\/\\\/naturalmentecaceres.com\\\/#organization\"},\"image\":{\"@id\":\"http:\\\/\\\/naturalmentecaceres.com\\\/index.php\\\/archivos\\\/339#primaryimage\"},\"thumbnailUrl\":\"http:\\\/\\\/naturalmentecaceres.com\\\/wp-content\\\/uploads\\\/2020\\\/05\\\/Palmeras-Santa-Clara1-768x1024.jpg\",\"articleSection\":[\"Educaci\u00f3n ambiental\"],\"inLanguage\":\"es\",\"potentialAction\":[{\"@type\":\"CommentAction\",\"name\":\"Comment\",\"target\":[\"http:\\\/\\\/naturalmentecaceres.com\\\/index.php\\\/archivos\\\/339#respond\"]}]},{\"@type\":\"WebPage\",\"@id\":\"http:\\\/\\\/naturalmentecaceres.com\\\/index.php\\\/archivos\\\/339\",\"url\":\"http:\\\/\\\/naturalmentecaceres.com\\\/index.php\\\/archivos\\\/339\",\"name\":\"PALMERAS CENTENARIAS EN LA PLAZA DE SANTA CLARA - NATURALMENTE C\u00c1CERES\",\"isPartOf\":{\"@id\":\"http:\\\/\\\/naturalmentecaceres.com\\\/#website\"},\"primaryImageOfPage\":{\"@id\":\"http:\\\/\\\/naturalmentecaceres.com\\\/index.php\\\/archivos\\\/339#primaryimage\"},\"image\":{\"@id\":\"http:\\\/\\\/naturalmentecaceres.com\\\/index.php\\\/archivos\\\/339#primaryimage\"},\"thumbnailUrl\":\"http:\\\/\\\/naturalmentecaceres.com\\\/wp-content\\\/uploads\\\/2020\\\/05\\\/Palmeras-Santa-Clara1-768x1024.jpg\",\"datePublished\":\"2020-05-04T09:32:02+00:00\",\"dateModified\":\"2021-07-26T13:09:08+00:00\",\"breadcrumb\":{\"@id\":\"http:\\\/\\\/naturalmentecaceres.com\\\/index.php\\\/archivos\\\/339#breadcrumb\"},\"inLanguage\":\"es\",\"potentialAction\":[{\"@type\":\"ReadAction\",\"target\":[\"http:\\\/\\\/naturalmentecaceres.com\\\/index.php\\\/archivos\\\/339\"]}]},{\"@type\":\"ImageObject\",\"inLanguage\":\"es\",\"@id\":\"http:\\\/\\\/naturalmentecaceres.com\\\/index.php\\\/archivos\\\/339#primaryimage\",\"url\":\"http:\\\/\\\/naturalmentecaceres.com\\\/wp-content\\\/uploads\\\/2020\\\/05\\\/Palmeras-Santa-Clara1.jpg\",\"contentUrl\":\"http:\\\/\\\/naturalmentecaceres.com\\\/wp-content\\\/uploads\\\/2020\\\/05\\\/Palmeras-Santa-Clara1.jpg\",\"width\":1500,\"height\":2000},{\"@type\":\"BreadcrumbList\",\"@id\":\"http:\\\/\\\/naturalmentecaceres.com\\\/index.php\\\/archivos\\\/339#breadcrumb\",\"itemListElement\":[{\"@type\":\"ListItem\",\"position\":1,\"name\":\"Portada\",\"item\":\"http:\\\/\\\/naturalmentecaceres.com\\\/\"},{\"@type\":\"ListItem\",\"position\":2,\"name\":\"PALMERAS CENTENARIAS EN LA PLAZA DE SANTA CLARA\"}]},{\"@type\":\"WebSite\",\"@id\":\"http:\\\/\\\/naturalmentecaceres.com\\\/#website\",\"url\":\"http:\\\/\\\/naturalmentecaceres.com\\\/\",\"name\":\"NATURALMENTE C\u00c1CERES\",\"description\":\"Web del proyecto de educaci\u00f3n ambiental gestionado por Talher en C\u00e1ceres\",\"publisher\":{\"@id\":\"http:\\\/\\\/naturalmentecaceres.com\\\/#organization\"},\"potentialAction\":[{\"@type\":\"SearchAction\",\"target\":{\"@type\":\"EntryPoint\",\"urlTemplate\":\"http:\\\/\\\/naturalmentecaceres.com\\\/?s={search_term_string}\"},\"query-input\":{\"@type\":\"PropertyValueSpecification\",\"valueRequired\":true,\"valueName\":\"search_term_string\"}}],\"inLanguage\":\"es\"},{\"@type\":\"Organization\",\"@id\":\"http:\\\/\\\/naturalmentecaceres.com\\\/#organization\",\"name\":\"NATURALMENTE C\u00c1CERES\",\"url\":\"http:\\\/\\\/naturalmentecaceres.com\\\/\",\"logo\":{\"@type\":\"ImageObject\",\"inLanguage\":\"es\",\"@id\":\"http:\\\/\\\/naturalmentecaceres.com\\\/#\\\/schema\\\/logo\\\/image\\\/\",\"url\":\"http:\\\/\\\/naturalmentecaceres.com\\\/wp-content\\\/uploads\\\/2023\\\/02\\\/naturalmente.jpg\",\"contentUrl\":\"http:\\\/\\\/naturalmentecaceres.com\\\/wp-content\\\/uploads\\\/2023\\\/02\\\/naturalmente.jpg\",\"width\":1300,\"height\":1237,\"caption\":\"NATURALMENTE C\u00c1CERES\"},\"image\":{\"@id\":\"http:\\\/\\\/naturalmentecaceres.com\\\/#\\\/schema\\\/logo\\\/image\\\/\"},\"sameAs\":[\"https:\\\/\\\/x.com\\\/naturalmentecc\",\"https:\\\/\\\/www.instagram.com\\\/naturalmentecaceres\\\/\"]},{\"@type\":\"Person\",\"@id\":\"http:\\\/\\\/naturalmentecaceres.com\\\/#\\\/schema\\\/person\\\/14e51e6f1f5cc38d27627ad8a8c14340\",\"name\":\"Talher\",\"image\":{\"@type\":\"ImageObject\",\"inLanguage\":\"es\",\"@id\":\"https:\\\/\\\/secure.gravatar.com\\\/avatar\\\/129d2825c3c915f0d6bae5b93b934c74574bbe9aa2bac86aea3884599040250e?s=96&d=mm&r=g\",\"url\":\"https:\\\/\\\/secure.gravatar.com\\\/avatar\\\/129d2825c3c915f0d6bae5b93b934c74574bbe9aa2bac86aea3884599040250e?s=96&d=mm&r=g\",\"contentUrl\":\"https:\\\/\\\/secure.gravatar.com\\\/avatar\\\/129d2825c3c915f0d6bae5b93b934c74574bbe9aa2bac86aea3884599040250e?s=96&d=mm&r=g\",\"caption\":\"Talher\"},\"url\":\"http:\\\/\\\/naturalmentecaceres.com\\\/index.php\\\/archivos\\\/author\\\/talher\"}]}<\/script>\r\n<!-- \/ Yoast SEO plugin. -->","yoast_head_json":{"title":"PALMERAS CENTENARIAS EN LA PLAZA DE SANTA CLARA - NATURALMENTE C\u00c1CERES","robots":{"index":"index","follow":"follow","max-snippet":"max-snippet:-1","max-image-preview":"max-image-preview:large","max-video-preview":"max-video-preview:-1"},"canonical":"http:\/\/naturalmentecaceres.com\/index.php\/archivos\/339","og_locale":"es_ES","og_type":"article","og_title":"PALMERAS CENTENARIAS EN LA PLAZA DE SANTA CLARA - NATURALMENTE C\u00c1CERES","og_description":"Conocer C\u00e1ceres es una experiencia \u00fanica gracias a su gran patrimonio, pero adem\u00e1s de su arquitectura e historia, hay que conocer tambi\u00e9n su gran naturaleza. Hoy os presentamos las palmeras canarias (phoenix canariensis) de la plaza de Santa Clara, dentro de la ciudad monumental. Se tratan de cuatro majestuosas palmeras, cuya edad se estima en unos 100 a\u00f1os y, por tanto, son otro monumento vivo m\u00e1s de la ciudad. Tienen una altura de 11 metros y el per\u00edmetro de sus... Leer m\u00e1s Leer m\u00e1s","og_url":"http:\/\/naturalmentecaceres.com\/index.php\/archivos\/339","og_site_name":"NATURALMENTE C\u00c1CERES","article_published_time":"2020-05-04T09:32:02+00:00","article_modified_time":"2021-07-26T13:09:08+00:00","og_image":[{"url":"http:\/\/naturalmentecaceres.com\/wp-content\/uploads\/2020\/05\/Palmeras-Santa-Clara1-768x1024.jpg","type":"","width":"","height":""}],"author":"Talher","twitter_card":"summary_large_image","twitter_creator":"@naturalmentecc","twitter_site":"@naturalmentecc","twitter_misc":{"Escrito por":"Talher","Tiempo de lectura":"3 minutos"},"schema":{"@context":"https:\/\/schema.org","@graph":[{"@type":"Article","@id":"http:\/\/naturalmentecaceres.com\/index.php\/archivos\/339#article","isPartOf":{"@id":"http:\/\/naturalmentecaceres.com\/index.php\/archivos\/339"},"author":{"name":"Talher","@id":"http:\/\/naturalmentecaceres.com\/#\/schema\/person\/14e51e6f1f5cc38d27627ad8a8c14340"},"headline":"PALMERAS CENTENARIAS EN LA PLAZA DE SANTA CLARA","datePublished":"2020-05-04T09:32:02+00:00","dateModified":"2021-07-26T13:09:08+00:00","mainEntityOfPage":{"@id":"http:\/\/naturalmentecaceres.com\/index.php\/archivos\/339"},"wordCount":671,"commentCount":0,"publisher":{"@id":"http:\/\/naturalmentecaceres.com\/#organization"},"image":{"@id":"http:\/\/naturalmentecaceres.com\/index.php\/archivos\/339#primaryimage"},"thumbnailUrl":"http:\/\/naturalmentecaceres.com\/wp-content\/uploads\/2020\/05\/Palmeras-Santa-Clara1-768x1024.jpg","articleSection":["Educaci\u00f3n ambiental"],"inLanguage":"es","potentialAction":[{"@type":"CommentAction","name":"Comment","target":["http:\/\/naturalmentecaceres.com\/index.php\/archivos\/339#respond"]}]},{"@type":"WebPage","@id":"http:\/\/naturalmentecaceres.com\/index.php\/archivos\/339","url":"http:\/\/naturalmentecaceres.com\/index.php\/archivos\/339","name":"PALMERAS CENTENARIAS EN LA PLAZA DE SANTA CLARA - NATURALMENTE C\u00c1CERES","isPartOf":{"@id":"http:\/\/naturalmentecaceres.com\/#website"},"primaryImageOfPage":{"@id":"http:\/\/naturalmentecaceres.com\/index.php\/archivos\/339#primaryimage"},"image":{"@id":"http:\/\/naturalmentecaceres.com\/index.php\/archivos\/339#primaryimage"},"thumbnailUrl":"http:\/\/naturalmentecaceres.com\/wp-content\/uploads\/2020\/05\/Palmeras-Santa-Clara1-768x1024.jpg","datePublished":"2020-05-04T09:32:02+00:00","dateModified":"2021-07-26T13:09:08+00:00","breadcrumb":{"@id":"http:\/\/naturalmentecaceres.com\/index.php\/archivos\/339#breadcrumb"},"inLanguage":"es","potentialAction":[{"@type":"ReadAction","target":["http:\/\/naturalmentecaceres.com\/index.php\/archivos\/339"]}]},{"@type":"ImageObject","inLanguage":"es","@id":"http:\/\/naturalmentecaceres.com\/index.php\/archivos\/339#primaryimage","url":"http:\/\/naturalmentecaceres.com\/wp-content\/uploads\/2020\/05\/Palmeras-Santa-Clara1.jpg","contentUrl":"http:\/\/naturalmentecaceres.com\/wp-content\/uploads\/2020\/05\/Palmeras-Santa-Clara1.jpg","width":1500,"height":2000},{"@type":"BreadcrumbList","@id":"http:\/\/naturalmentecaceres.com\/index.php\/archivos\/339#breadcrumb","itemListElement":[{"@type":"ListItem","position":1,"name":"Portada","item":"http:\/\/naturalmentecaceres.com\/"},{"@type":"ListItem","position":2,"name":"PALMERAS CENTENARIAS EN LA PLAZA DE SANTA CLARA"}]},{"@type":"WebSite","@id":"http:\/\/naturalmentecaceres.com\/#website","url":"http:\/\/naturalmentecaceres.com\/","name":"NATURALMENTE C\u00c1CERES","description":"Web del proyecto de educaci\u00f3n ambiental gestionado por Talher en C\u00e1ceres","publisher":{"@id":"http:\/\/naturalmentecaceres.com\/#organization"},"potentialAction":[{"@type":"SearchAction","target":{"@type":"EntryPoint","urlTemplate":"http:\/\/naturalmentecaceres.com\/?s={search_term_string}"},"query-input":{"@type":"PropertyValueSpecification","valueRequired":true,"valueName":"search_term_string"}}],"inLanguage":"es"},{"@type":"Organization","@id":"http:\/\/naturalmentecaceres.com\/#organization","name":"NATURALMENTE C\u00c1CERES","url":"http:\/\/naturalmentecaceres.com\/","logo":{"@type":"ImageObject","inLanguage":"es","@id":"http:\/\/naturalmentecaceres.com\/#\/schema\/logo\/image\/","url":"http:\/\/naturalmentecaceres.com\/wp-content\/uploads\/2023\/02\/naturalmente.jpg","contentUrl":"http:\/\/naturalmentecaceres.com\/wp-content\/uploads\/2023\/02\/naturalmente.jpg","width":1300,"height":1237,"caption":"NATURALMENTE C\u00c1CERES"},"image":{"@id":"http:\/\/naturalmentecaceres.com\/#\/schema\/logo\/image\/"},"sameAs":["https:\/\/x.com\/naturalmentecc","https:\/\/www.instagram.com\/naturalmentecaceres\/"]},{"@type":"Person","@id":"http:\/\/naturalmentecaceres.com\/#\/schema\/person\/14e51e6f1f5cc38d27627ad8a8c14340","name":"Talher","image":{"@type":"ImageObject","inLanguage":"es","@id":"https:\/\/secure.gravatar.com\/avatar\/129d2825c3c915f0d6bae5b93b934c74574bbe9aa2bac86aea3884599040250e?s=96&d=mm&r=g","url":"https:\/\/secure.gravatar.com\/avatar\/129d2825c3c915f0d6bae5b93b934c74574bbe9aa2bac86aea3884599040250e?s=96&d=mm&r=g","contentUrl":"https:\/\/secure.gravatar.com\/avatar\/129d2825c3c915f0d6bae5b93b934c74574bbe9aa2bac86aea3884599040250e?s=96&d=mm&r=g","caption":"Talher"},"url":"http:\/\/naturalmentecaceres.com\/index.php\/archivos\/author\/talher"}]}},"_links":{"self":[{"href":"http:\/\/naturalmentecaceres.com\/index.php\/wp-json\/wp\/v2\/posts\/339","targetHints":{"allow":["GET"]}}],"collection":[{"href":"http:\/\/naturalmentecaceres.com\/index.php\/wp-json\/wp\/v2\/posts"}],"about":[{"href":"http:\/\/naturalmentecaceres.com\/index.php\/wp-json\/wp\/v2\/types\/post"}],"author":[{"embeddable":true,"href":"http:\/\/naturalmentecaceres.com\/index.php\/wp-json\/wp\/v2\/users\/1"}],"replies":[{"embeddable":true,"href":"http:\/\/naturalmentecaceres.com\/index.php\/wp-json\/wp\/v2\/comments?post=339"}],"version-history":[{"count":3,"href":"http:\/\/naturalmentecaceres.com\/index.php\/wp-json\/wp\/v2\/posts\/339\/revisions"}],"predecessor-version":[{"id":346,"href":"http:\/\/naturalmentecaceres.com\/index.php\/wp-json\/wp\/v2\/posts\/339\/revisions\/346"}],"wp:attachment":[{"href":"http:\/\/naturalmentecaceres.com\/index.php\/wp-json\/wp\/v2\/media?parent=339"}],"wp:term":[{"taxonomy":"category","embeddable":true,"href":"http:\/\/naturalmentecaceres.com\/index.php\/wp-json\/wp\/v2\/categories?post=339"},{"taxonomy":"post_tag","embeddable":true,"href":"http:\/\/naturalmentecaceres.com\/index.php\/wp-json\/wp\/v2\/tags?post=339"}],"curies":[{"name":"wp","href":"https:\/\/api.w.org\/{rel}","templated":true}]}}