{"id":334,"date":"2020-05-01T11:35:02","date_gmt":"2020-05-01T11:35:02","guid":{"rendered":"http:\/\/naturalmentecaceres.com\/?p=334"},"modified":"2021-07-26T13:09:08","modified_gmt":"2021-07-26T13:09:08","slug":"segismundo-moret-precursor-de-las-minas-de-aldea-moret-y-de-la-ciudad-de-caceres","status":"publish","type":"post","link":"http:\/\/naturalmentecaceres.com\/index.php\/archivos\/334","title":{"rendered":"SEGISMUNDO MORET: PRECURSOR DE LAS MINAS DE ALDEA MORET Y DE LA \u201cCIUDAD\u201d DE C\u00c1CERES"},"content":{"rendered":"\n<p>En C\u00e1ceres se pueden hacer muchas actividades,\nsiendo una de ellas dar un buen paseo por las antiguas minas de fosfato que\nest\u00e1n en el barrio de Aldea Moret. Adem\u00e1s, como queremos conmemorar el d\u00eda del\ntrabajo con la profesi\u00f3n que ayud\u00f3 al gran auge socioecon\u00f3mico de C\u00e1ceres (la\nminer\u00eda), hoy vamos a volver a hablar un poco de estas minas (que ya os hemos\nadelantado un poco sobre su historia en este <a href=\"http:\/\/naturalmentecaceres.com\/index.php\/archivos\/266\">post<\/a>) y,\nespecialmente, su precursor: Segismundo Moret.<\/p>\n\n\n\n<p>Segismundo naci\u00f3 en C\u00e1diz el 2 de junio de\n1838 y estudi\u00f3 derecho en la Universidad Central de Madrid. Fue un pol\u00edtico\nliberal que lleg\u00f3 a ser seis veces ministro con Sagasta y lleg\u00f3 tres veces a la\npresidencia del Gobierno. <\/p>\n\n\n\n<p>Cuando la fosforita se descubri\u00f3 en C\u00e1ceres en 1864, comenz\u00f3 los primeros pasos para su extracci\u00f3n y se cre\u00f3 el asentamiento minero que en un principio estaba dirigido por la sociedad cacere\u00f1a \u201cLa Fraternidad\u201d. Segismundo Moret y Prendergast adquiri\u00f3 los derechos en 1876 y cre\u00f3 la Sociedad General de Fosfatos de C\u00e1ceres, percat\u00e1ndose de la importancia, transcendencia y de las posibilidades socioecon\u00f3micas de nuestras minas de fosfato. De esta manera, el peque\u00f1o barrio o aldea de Moret comenz\u00f3 a desarrollarse a\u00fan m\u00e1s gracias a su iniciativa y ayud\u00f3 a potenciar la econom\u00eda cacere\u00f1a y a posicionar la ciudad como referencia en la miner\u00eda.<\/p>\n\n\n\n<div class=\"wp-block-image\"><figure class=\"aligncenter size-large\"><img loading=\"lazy\" decoding=\"async\" width=\"606\" height=\"704\" src=\"http:\/\/naturalmentecaceres.com\/wp-content\/uploads\/2020\/05\/Segismundo_Moret_de_Kaulak.jpg\" alt=\"\" class=\"wp-image-336\" srcset=\"http:\/\/naturalmentecaceres.com\/wp-content\/uploads\/2020\/05\/Segismundo_Moret_de_Kaulak.jpg 606w, http:\/\/naturalmentecaceres.com\/wp-content\/uploads\/2020\/05\/Segismundo_Moret_de_Kaulak-258x300.jpg 258w, http:\/\/naturalmentecaceres.com\/wp-content\/uploads\/2020\/05\/Segismundo_Moret_de_Kaulak-232x270.jpg 232w\" sizes=\"auto, (max-width: 606px) 100vw, 606px\" \/><\/figure><\/div>\n\n\n\n<p>No s\u00f3lo promovi\u00f3 el <a>crecimiento\nsocioecon\u00f3mico de C\u00e1ceres y el peque\u00f1o poblado que tiene su nombre. Tambi\u00e9n\nfoment\u00f3 que el ferrocarril que une C\u00e1ceres con Madrid y Lisboa se pusiera en\nmarcha hasta la misma boca de la mina <\/a>desde 1880, agilizando el transporte de\nla fosforita hacia Lisboa para su comercializaci\u00f3n hacia el resto de Europa y\notros pa\u00edses.<\/p>\n\n\n\n<p>Por la inauguraci\u00f3n y puesta en marcha del\nTren Internacional Madrid-Lisboa, en 1881 estuvieron en la ciudad los reyes Don\nLuis I de Portugal y Alfonso XII. Se podr\u00eda decir que gracias a Segismundo Moret\ny su influencia C\u00e1ceres se convirti\u00f3 en una gran ciudad y dej\u00f3 de ser una villa,\nya que, debido al discurso y despiste del monarca espa\u00f1ol, C\u00e1ceres pas\u00f3 de ser\nvilla a ser ciudad, teniendo que ratificar sus palabras al poco tiempo.<\/p>\n\n\n\n<p>En el mismo a\u00f1o de la llegada del ferrocarril, el Ayuntamiento le dio su nombre al nuevo barrio minero (pasar\u00eda a llamarse Aldea Moret), se le nombr\u00f3 Hijo Adoptivo en 1881 y en 1913 (tras su fallecimiento), una de las calles m\u00e1s c\u00e9ntricas y con m\u00e1s movimiento de la ciudad, pas\u00f3 a ser llamada \u201cCalle Moret\u201d.<\/p>\n\n\n\n<div class=\"wp-block-image\"><figure class=\"aligncenter size-large\"><img loading=\"lazy\" decoding=\"async\" width=\"714\" height=\"510\" src=\"http:\/\/naturalmentecaceres.com\/wp-content\/uploads\/2020\/05\/Segismundo-Moret.jpg\" alt=\"\" class=\"wp-image-337\" srcset=\"http:\/\/naturalmentecaceres.com\/wp-content\/uploads\/2020\/05\/Segismundo-Moret.jpg 714w, http:\/\/naturalmentecaceres.com\/wp-content\/uploads\/2020\/05\/Segismundo-Moret-300x214.jpg 300w, http:\/\/naturalmentecaceres.com\/wp-content\/uploads\/2020\/05\/Segismundo-Moret-378x270.jpg 378w\" sizes=\"auto, (max-width: 714px) 100vw, 714px\" \/><\/figure><\/div>\n\n\n\n<p>En definitiva, las minas cacere\u00f1as en las que\nSegismundo Moret decidi\u00f3 invertir, supusieron el arranque de lo que se podr\u00eda\ndecir que es la primera gran industria de la ciudad, promoviendo un cambio\nsignificativo de la econom\u00eda y sociedad cacere\u00f1a.<\/p>\n\n\n\n<p>FUENTES:<\/p>\n\n\n\n<ul class=\"wp-block-list\"><li>HINOJAL SANTOS, J.L. (2016)\nHistorias y leyendas de la Vieja Villa de C\u00e1ceres. Tau Editores.<\/li><li><a href=\"https:\/\/www.elperiodicoextremadura.com\/noticias\/caceres\/viejas-minas-fosfatos_180341.html\">https:\/\/www.elperiodicoextremadura.com\/noticias\/caceres\/viejas-minas-fosfatos_180341.html<\/a><\/li><li><a href=\"https:\/\/www.hoy.es\/prensa\/20061217\/sociedad\/minas-segismundo-moret_20061217.html\">https:\/\/www.hoy.es\/prensa\/20061217\/sociedad\/minas-segismundo-moret_20061217.html<\/a><\/li><li><a href=\"https:\/\/www.regiondigital.com\/blogs\/49-el-blog-de-juan-de-la-cruz\/1324-moret-el-ministro-de-las-minas-de-caceres.html\">https:\/\/www.regiondigital.com\/blogs\/49-el-blog-de-juan-de-la-cruz\/1324-moret-el-ministro-de-las-minas-de-caceres.html<\/a><\/li><\/ul>\n","protected":false},"excerpt":{"rendered":"<p>En C\u00e1ceres se pueden hacer muchas actividades, siendo una de ellas dar un buen paseo por las antiguas minas de fosfato que est\u00e1n en el barrio de Aldea Moret. Adem\u00e1s, como queremos conmemorar el d\u00eda del trabajo con la profesi\u00f3n que ayud\u00f3 al gran auge socioecon\u00f3mico de C\u00e1ceres (la miner\u00eda), hoy vamos a volver a hablar un poco de estas minas (que ya os hemos adelantado un poco sobre su historia en este post) y, especialmente, su precursor: Segismundo Moret&#8230;.<\/p>\n<p class=\"read-more\"><a class=\"btn btn-default\" href=\"http:\/\/naturalmentecaceres.com\/index.php\/archivos\/334\"> Leer m\u00e1s<span class=\"screen-reader-text\">  Leer m\u00e1s<\/span><\/a><\/p>\n","protected":false},"author":1,"featured_media":0,"comment_status":"open","ping_status":"open","sticky":false,"template":"","format":"standard","meta":{"footnotes":""},"categories":[1],"tags":[],"class_list":["post-334","post","type-post","status-publish","format-standard","hentry","category-uncategorized"],"yoast_head":"<!-- This site is optimized with the Yoast SEO plugin v27.5 - https:\/\/yoast.com\/product\/yoast-seo-wordpress\/ -->\r\n<title>SEGISMUNDO MORET: PRECURSOR DE LAS MINAS DE ALDEA MORET Y DE LA \u201cCIUDAD\u201d DE C\u00c1CERES - NATURALMENTE C\u00c1CERES<\/title>\r\n<meta name=\"robots\" content=\"index, follow, max-snippet:-1, max-image-preview:large, max-video-preview:-1\" \/>\r\n<link rel=\"canonical\" href=\"http:\/\/naturalmentecaceres.com\/index.php\/archivos\/334\" \/>\r\n<meta property=\"og:locale\" content=\"es_ES\" \/>\r\n<meta property=\"og:type\" content=\"article\" \/>\r\n<meta property=\"og:title\" content=\"SEGISMUNDO MORET: PRECURSOR DE LAS MINAS DE ALDEA MORET Y DE LA \u201cCIUDAD\u201d DE C\u00c1CERES - NATURALMENTE C\u00c1CERES\" \/>\r\n<meta property=\"og:description\" content=\"En C\u00e1ceres se pueden hacer muchas actividades, siendo una de ellas dar un buen paseo por las antiguas minas de fosfato que est\u00e1n en el barrio de Aldea Moret. Adem\u00e1s, como queremos conmemorar el d\u00eda del trabajo con la profesi\u00f3n que ayud\u00f3 al gran auge socioecon\u00f3mico de C\u00e1ceres (la miner\u00eda), hoy vamos a volver a hablar un poco de estas minas (que ya os hemos adelantado un poco sobre su historia en este post) y, especialmente, su precursor: Segismundo Moret.... Leer m\u00e1s Leer m\u00e1s\" \/>\r\n<meta property=\"og:url\" content=\"http:\/\/naturalmentecaceres.com\/index.php\/archivos\/334\" \/>\r\n<meta property=\"og:site_name\" content=\"NATURALMENTE C\u00c1CERES\" \/>\r\n<meta property=\"article:published_time\" content=\"2020-05-01T11:35:02+00:00\" \/>\r\n<meta property=\"article:modified_time\" content=\"2021-07-26T13:09:08+00:00\" \/>\r\n<meta property=\"og:image\" content=\"http:\/\/naturalmentecaceres.com\/wp-content\/uploads\/2020\/05\/Segismundo_Moret_de_Kaulak.jpg\" \/>\r\n<meta name=\"author\" content=\"Talher\" \/>\r\n<meta name=\"twitter:card\" content=\"summary_large_image\" \/>\r\n<meta name=\"twitter:creator\" content=\"@naturalmentecc\" \/>\r\n<meta name=\"twitter:site\" content=\"@naturalmentecc\" \/>\r\n<meta name=\"twitter:label1\" content=\"Escrito por\" \/>\n\t<meta name=\"twitter:data1\" content=\"Talher\" \/>\n\t<meta name=\"twitter:label2\" content=\"Tiempo de lectura\" \/>\n\t<meta name=\"twitter:data2\" content=\"3 minutos\" \/>\r\n<script type=\"application\/ld+json\" class=\"yoast-schema-graph\">{\"@context\":\"https:\\\/\\\/schema.org\",\"@graph\":[{\"@type\":\"Article\",\"@id\":\"http:\\\/\\\/naturalmentecaceres.com\\\/index.php\\\/archivos\\\/334#article\",\"isPartOf\":{\"@id\":\"http:\\\/\\\/naturalmentecaceres.com\\\/index.php\\\/archivos\\\/334\"},\"author\":{\"name\":\"Talher\",\"@id\":\"http:\\\/\\\/naturalmentecaceres.com\\\/#\\\/schema\\\/person\\\/14e51e6f1f5cc38d27627ad8a8c14340\"},\"headline\":\"SEGISMUNDO MORET: PRECURSOR DE LAS MINAS DE ALDEA MORET Y DE LA \u201cCIUDAD\u201d DE C\u00c1CERES\",\"datePublished\":\"2020-05-01T11:35:02+00:00\",\"dateModified\":\"2021-07-26T13:09:08+00:00\",\"mainEntityOfPage\":{\"@id\":\"http:\\\/\\\/naturalmentecaceres.com\\\/index.php\\\/archivos\\\/334\"},\"wordCount\":550,\"commentCount\":0,\"publisher\":{\"@id\":\"http:\\\/\\\/naturalmentecaceres.com\\\/#organization\"},\"image\":{\"@id\":\"http:\\\/\\\/naturalmentecaceres.com\\\/index.php\\\/archivos\\\/334#primaryimage\"},\"thumbnailUrl\":\"http:\\\/\\\/naturalmentecaceres.com\\\/wp-content\\\/uploads\\\/2020\\\/05\\\/Segismundo_Moret_de_Kaulak.jpg\",\"articleSection\":[\"Educaci\u00f3n ambiental\"],\"inLanguage\":\"es\",\"potentialAction\":[{\"@type\":\"CommentAction\",\"name\":\"Comment\",\"target\":[\"http:\\\/\\\/naturalmentecaceres.com\\\/index.php\\\/archivos\\\/334#respond\"]}]},{\"@type\":\"WebPage\",\"@id\":\"http:\\\/\\\/naturalmentecaceres.com\\\/index.php\\\/archivos\\\/334\",\"url\":\"http:\\\/\\\/naturalmentecaceres.com\\\/index.php\\\/archivos\\\/334\",\"name\":\"SEGISMUNDO MORET: PRECURSOR DE LAS MINAS DE ALDEA MORET Y DE LA \u201cCIUDAD\u201d DE C\u00c1CERES - NATURALMENTE C\u00c1CERES\",\"isPartOf\":{\"@id\":\"http:\\\/\\\/naturalmentecaceres.com\\\/#website\"},\"primaryImageOfPage\":{\"@id\":\"http:\\\/\\\/naturalmentecaceres.com\\\/index.php\\\/archivos\\\/334#primaryimage\"},\"image\":{\"@id\":\"http:\\\/\\\/naturalmentecaceres.com\\\/index.php\\\/archivos\\\/334#primaryimage\"},\"thumbnailUrl\":\"http:\\\/\\\/naturalmentecaceres.com\\\/wp-content\\\/uploads\\\/2020\\\/05\\\/Segismundo_Moret_de_Kaulak.jpg\",\"datePublished\":\"2020-05-01T11:35:02+00:00\",\"dateModified\":\"2021-07-26T13:09:08+00:00\",\"breadcrumb\":{\"@id\":\"http:\\\/\\\/naturalmentecaceres.com\\\/index.php\\\/archivos\\\/334#breadcrumb\"},\"inLanguage\":\"es\",\"potentialAction\":[{\"@type\":\"ReadAction\",\"target\":[\"http:\\\/\\\/naturalmentecaceres.com\\\/index.php\\\/archivos\\\/334\"]}]},{\"@type\":\"ImageObject\",\"inLanguage\":\"es\",\"@id\":\"http:\\\/\\\/naturalmentecaceres.com\\\/index.php\\\/archivos\\\/334#primaryimage\",\"url\":\"http:\\\/\\\/naturalmentecaceres.com\\\/wp-content\\\/uploads\\\/2020\\\/05\\\/Segismundo_Moret_de_Kaulak.jpg\",\"contentUrl\":\"http:\\\/\\\/naturalmentecaceres.com\\\/wp-content\\\/uploads\\\/2020\\\/05\\\/Segismundo_Moret_de_Kaulak.jpg\",\"width\":606,\"height\":704},{\"@type\":\"BreadcrumbList\",\"@id\":\"http:\\\/\\\/naturalmentecaceres.com\\\/index.php\\\/archivos\\\/334#breadcrumb\",\"itemListElement\":[{\"@type\":\"ListItem\",\"position\":1,\"name\":\"Portada\",\"item\":\"http:\\\/\\\/naturalmentecaceres.com\\\/\"},{\"@type\":\"ListItem\",\"position\":2,\"name\":\"SEGISMUNDO MORET: PRECURSOR DE LAS MINAS DE ALDEA MORET Y DE LA \u201cCIUDAD\u201d DE C\u00c1CERES\"}]},{\"@type\":\"WebSite\",\"@id\":\"http:\\\/\\\/naturalmentecaceres.com\\\/#website\",\"url\":\"http:\\\/\\\/naturalmentecaceres.com\\\/\",\"name\":\"NATURALMENTE C\u00c1CERES\",\"description\":\"Web del proyecto de educaci\u00f3n ambiental gestionado por Talher en C\u00e1ceres\",\"publisher\":{\"@id\":\"http:\\\/\\\/naturalmentecaceres.com\\\/#organization\"},\"potentialAction\":[{\"@type\":\"SearchAction\",\"target\":{\"@type\":\"EntryPoint\",\"urlTemplate\":\"http:\\\/\\\/naturalmentecaceres.com\\\/?s={search_term_string}\"},\"query-input\":{\"@type\":\"PropertyValueSpecification\",\"valueRequired\":true,\"valueName\":\"search_term_string\"}}],\"inLanguage\":\"es\"},{\"@type\":\"Organization\",\"@id\":\"http:\\\/\\\/naturalmentecaceres.com\\\/#organization\",\"name\":\"NATURALMENTE C\u00c1CERES\",\"url\":\"http:\\\/\\\/naturalmentecaceres.com\\\/\",\"logo\":{\"@type\":\"ImageObject\",\"inLanguage\":\"es\",\"@id\":\"http:\\\/\\\/naturalmentecaceres.com\\\/#\\\/schema\\\/logo\\\/image\\\/\",\"url\":\"http:\\\/\\\/naturalmentecaceres.com\\\/wp-content\\\/uploads\\\/2023\\\/02\\\/naturalmente.jpg\",\"contentUrl\":\"http:\\\/\\\/naturalmentecaceres.com\\\/wp-content\\\/uploads\\\/2023\\\/02\\\/naturalmente.jpg\",\"width\":1300,\"height\":1237,\"caption\":\"NATURALMENTE C\u00c1CERES\"},\"image\":{\"@id\":\"http:\\\/\\\/naturalmentecaceres.com\\\/#\\\/schema\\\/logo\\\/image\\\/\"},\"sameAs\":[\"https:\\\/\\\/x.com\\\/naturalmentecc\",\"https:\\\/\\\/www.instagram.com\\\/naturalmentecaceres\\\/\"]},{\"@type\":\"Person\",\"@id\":\"http:\\\/\\\/naturalmentecaceres.com\\\/#\\\/schema\\\/person\\\/14e51e6f1f5cc38d27627ad8a8c14340\",\"name\":\"Talher\",\"image\":{\"@type\":\"ImageObject\",\"inLanguage\":\"es\",\"@id\":\"https:\\\/\\\/secure.gravatar.com\\\/avatar\\\/129d2825c3c915f0d6bae5b93b934c74574bbe9aa2bac86aea3884599040250e?s=96&d=mm&r=g\",\"url\":\"https:\\\/\\\/secure.gravatar.com\\\/avatar\\\/129d2825c3c915f0d6bae5b93b934c74574bbe9aa2bac86aea3884599040250e?s=96&d=mm&r=g\",\"contentUrl\":\"https:\\\/\\\/secure.gravatar.com\\\/avatar\\\/129d2825c3c915f0d6bae5b93b934c74574bbe9aa2bac86aea3884599040250e?s=96&d=mm&r=g\",\"caption\":\"Talher\"},\"url\":\"http:\\\/\\\/naturalmentecaceres.com\\\/index.php\\\/archivos\\\/author\\\/talher\"}]}<\/script>\r\n<!-- \/ Yoast SEO plugin. -->","yoast_head_json":{"title":"SEGISMUNDO MORET: PRECURSOR DE LAS MINAS DE ALDEA MORET Y DE LA \u201cCIUDAD\u201d DE C\u00c1CERES - NATURALMENTE C\u00c1CERES","robots":{"index":"index","follow":"follow","max-snippet":"max-snippet:-1","max-image-preview":"max-image-preview:large","max-video-preview":"max-video-preview:-1"},"canonical":"http:\/\/naturalmentecaceres.com\/index.php\/archivos\/334","og_locale":"es_ES","og_type":"article","og_title":"SEGISMUNDO MORET: PRECURSOR DE LAS MINAS DE ALDEA MORET Y DE LA \u201cCIUDAD\u201d DE C\u00c1CERES - NATURALMENTE C\u00c1CERES","og_description":"En C\u00e1ceres se pueden hacer muchas actividades, siendo una de ellas dar un buen paseo por las antiguas minas de fosfato que est\u00e1n en el barrio de Aldea Moret. Adem\u00e1s, como queremos conmemorar el d\u00eda del trabajo con la profesi\u00f3n que ayud\u00f3 al gran auge socioecon\u00f3mico de C\u00e1ceres (la miner\u00eda), hoy vamos a volver a hablar un poco de estas minas (que ya os hemos adelantado un poco sobre su historia en este post) y, especialmente, su precursor: Segismundo Moret.... Leer m\u00e1s Leer m\u00e1s","og_url":"http:\/\/naturalmentecaceres.com\/index.php\/archivos\/334","og_site_name":"NATURALMENTE C\u00c1CERES","article_published_time":"2020-05-01T11:35:02+00:00","article_modified_time":"2021-07-26T13:09:08+00:00","og_image":[{"url":"http:\/\/naturalmentecaceres.com\/wp-content\/uploads\/2020\/05\/Segismundo_Moret_de_Kaulak.jpg","type":"","width":"","height":""}],"author":"Talher","twitter_card":"summary_large_image","twitter_creator":"@naturalmentecc","twitter_site":"@naturalmentecc","twitter_misc":{"Escrito por":"Talher","Tiempo de lectura":"3 minutos"},"schema":{"@context":"https:\/\/schema.org","@graph":[{"@type":"Article","@id":"http:\/\/naturalmentecaceres.com\/index.php\/archivos\/334#article","isPartOf":{"@id":"http:\/\/naturalmentecaceres.com\/index.php\/archivos\/334"},"author":{"name":"Talher","@id":"http:\/\/naturalmentecaceres.com\/#\/schema\/person\/14e51e6f1f5cc38d27627ad8a8c14340"},"headline":"SEGISMUNDO MORET: PRECURSOR DE LAS MINAS DE ALDEA MORET Y DE LA \u201cCIUDAD\u201d DE C\u00c1CERES","datePublished":"2020-05-01T11:35:02+00:00","dateModified":"2021-07-26T13:09:08+00:00","mainEntityOfPage":{"@id":"http:\/\/naturalmentecaceres.com\/index.php\/archivos\/334"},"wordCount":550,"commentCount":0,"publisher":{"@id":"http:\/\/naturalmentecaceres.com\/#organization"},"image":{"@id":"http:\/\/naturalmentecaceres.com\/index.php\/archivos\/334#primaryimage"},"thumbnailUrl":"http:\/\/naturalmentecaceres.com\/wp-content\/uploads\/2020\/05\/Segismundo_Moret_de_Kaulak.jpg","articleSection":["Educaci\u00f3n ambiental"],"inLanguage":"es","potentialAction":[{"@type":"CommentAction","name":"Comment","target":["http:\/\/naturalmentecaceres.com\/index.php\/archivos\/334#respond"]}]},{"@type":"WebPage","@id":"http:\/\/naturalmentecaceres.com\/index.php\/archivos\/334","url":"http:\/\/naturalmentecaceres.com\/index.php\/archivos\/334","name":"SEGISMUNDO MORET: PRECURSOR DE LAS MINAS DE ALDEA MORET Y DE LA \u201cCIUDAD\u201d DE C\u00c1CERES - NATURALMENTE C\u00c1CERES","isPartOf":{"@id":"http:\/\/naturalmentecaceres.com\/#website"},"primaryImageOfPage":{"@id":"http:\/\/naturalmentecaceres.com\/index.php\/archivos\/334#primaryimage"},"image":{"@id":"http:\/\/naturalmentecaceres.com\/index.php\/archivos\/334#primaryimage"},"thumbnailUrl":"http:\/\/naturalmentecaceres.com\/wp-content\/uploads\/2020\/05\/Segismundo_Moret_de_Kaulak.jpg","datePublished":"2020-05-01T11:35:02+00:00","dateModified":"2021-07-26T13:09:08+00:00","breadcrumb":{"@id":"http:\/\/naturalmentecaceres.com\/index.php\/archivos\/334#breadcrumb"},"inLanguage":"es","potentialAction":[{"@type":"ReadAction","target":["http:\/\/naturalmentecaceres.com\/index.php\/archivos\/334"]}]},{"@type":"ImageObject","inLanguage":"es","@id":"http:\/\/naturalmentecaceres.com\/index.php\/archivos\/334#primaryimage","url":"http:\/\/naturalmentecaceres.com\/wp-content\/uploads\/2020\/05\/Segismundo_Moret_de_Kaulak.jpg","contentUrl":"http:\/\/naturalmentecaceres.com\/wp-content\/uploads\/2020\/05\/Segismundo_Moret_de_Kaulak.jpg","width":606,"height":704},{"@type":"BreadcrumbList","@id":"http:\/\/naturalmentecaceres.com\/index.php\/archivos\/334#breadcrumb","itemListElement":[{"@type":"ListItem","position":1,"name":"Portada","item":"http:\/\/naturalmentecaceres.com\/"},{"@type":"ListItem","position":2,"name":"SEGISMUNDO MORET: PRECURSOR DE LAS MINAS DE ALDEA MORET Y DE LA \u201cCIUDAD\u201d DE C\u00c1CERES"}]},{"@type":"WebSite","@id":"http:\/\/naturalmentecaceres.com\/#website","url":"http:\/\/naturalmentecaceres.com\/","name":"NATURALMENTE C\u00c1CERES","description":"Web del proyecto de educaci\u00f3n ambiental gestionado por Talher en C\u00e1ceres","publisher":{"@id":"http:\/\/naturalmentecaceres.com\/#organization"},"potentialAction":[{"@type":"SearchAction","target":{"@type":"EntryPoint","urlTemplate":"http:\/\/naturalmentecaceres.com\/?s={search_term_string}"},"query-input":{"@type":"PropertyValueSpecification","valueRequired":true,"valueName":"search_term_string"}}],"inLanguage":"es"},{"@type":"Organization","@id":"http:\/\/naturalmentecaceres.com\/#organization","name":"NATURALMENTE C\u00c1CERES","url":"http:\/\/naturalmentecaceres.com\/","logo":{"@type":"ImageObject","inLanguage":"es","@id":"http:\/\/naturalmentecaceres.com\/#\/schema\/logo\/image\/","url":"http:\/\/naturalmentecaceres.com\/wp-content\/uploads\/2023\/02\/naturalmente.jpg","contentUrl":"http:\/\/naturalmentecaceres.com\/wp-content\/uploads\/2023\/02\/naturalmente.jpg","width":1300,"height":1237,"caption":"NATURALMENTE C\u00c1CERES"},"image":{"@id":"http:\/\/naturalmentecaceres.com\/#\/schema\/logo\/image\/"},"sameAs":["https:\/\/x.com\/naturalmentecc","https:\/\/www.instagram.com\/naturalmentecaceres\/"]},{"@type":"Person","@id":"http:\/\/naturalmentecaceres.com\/#\/schema\/person\/14e51e6f1f5cc38d27627ad8a8c14340","name":"Talher","image":{"@type":"ImageObject","inLanguage":"es","@id":"https:\/\/secure.gravatar.com\/avatar\/129d2825c3c915f0d6bae5b93b934c74574bbe9aa2bac86aea3884599040250e?s=96&d=mm&r=g","url":"https:\/\/secure.gravatar.com\/avatar\/129d2825c3c915f0d6bae5b93b934c74574bbe9aa2bac86aea3884599040250e?s=96&d=mm&r=g","contentUrl":"https:\/\/secure.gravatar.com\/avatar\/129d2825c3c915f0d6bae5b93b934c74574bbe9aa2bac86aea3884599040250e?s=96&d=mm&r=g","caption":"Talher"},"url":"http:\/\/naturalmentecaceres.com\/index.php\/archivos\/author\/talher"}]}},"_links":{"self":[{"href":"http:\/\/naturalmentecaceres.com\/index.php\/wp-json\/wp\/v2\/posts\/334","targetHints":{"allow":["GET"]}}],"collection":[{"href":"http:\/\/naturalmentecaceres.com\/index.php\/wp-json\/wp\/v2\/posts"}],"about":[{"href":"http:\/\/naturalmentecaceres.com\/index.php\/wp-json\/wp\/v2\/types\/post"}],"author":[{"embeddable":true,"href":"http:\/\/naturalmentecaceres.com\/index.php\/wp-json\/wp\/v2\/users\/1"}],"replies":[{"embeddable":true,"href":"http:\/\/naturalmentecaceres.com\/index.php\/wp-json\/wp\/v2\/comments?post=334"}],"version-history":[{"count":2,"href":"http:\/\/naturalmentecaceres.com\/index.php\/wp-json\/wp\/v2\/posts\/334\/revisions"}],"predecessor-version":[{"id":338,"href":"http:\/\/naturalmentecaceres.com\/index.php\/wp-json\/wp\/v2\/posts\/334\/revisions\/338"}],"wp:attachment":[{"href":"http:\/\/naturalmentecaceres.com\/index.php\/wp-json\/wp\/v2\/media?parent=334"}],"wp:term":[{"taxonomy":"category","embeddable":true,"href":"http:\/\/naturalmentecaceres.com\/index.php\/wp-json\/wp\/v2\/categories?post=334"},{"taxonomy":"post_tag","embeddable":true,"href":"http:\/\/naturalmentecaceres.com\/index.php\/wp-json\/wp\/v2\/tags?post=334"}],"curies":[{"name":"wp","href":"https:\/\/api.w.org\/{rel}","templated":true}]}}