{"id":294,"date":"2020-04-20T12:11:52","date_gmt":"2020-04-20T12:11:52","guid":{"rendered":"http:\/\/naturalmentecaceres.com\/?p=294"},"modified":"2021-07-26T13:09:08","modified_gmt":"2021-07-26T13:09:08","slug":"feliz-dia-del-san-jorge-y-dia-del-libro","status":"publish","type":"post","link":"http:\/\/naturalmentecaceres.com\/index.php\/archivos\/294","title":{"rendered":"\u00a1FELIZ D\u00cdA DEL SAN JORGE Y D\u00cdA DEL LIBRO!"},"content":{"rendered":"\n<p>El 23 de abril es un d\u00eda muy especial para los\ncacere\u00f1os y cacere\u00f1as. Adem\u00e1s de ser el d\u00eda Internacional del Libro, es San\nJorge y, aunque no lo podamos celebrar, vamos a aprovechar y a hacer una\nactividad con ni\u00f1os y ni\u00f1as desde casa, adem\u00e1s de decorar las ventanas y\nbalcones de la ciudad.<\/p>\n\n\n\n<p>Os proponemos tres actividades: un cuentacuentos sobre <em>La leyenda de la Gallina de los Huevos de Oro<\/em>, varios marcap\u00e1ginas con formas muy divertidas y elaborar y decorar con material reutilizado los balcones con dragones y gallinas \u00a1Comenzamos!<\/p>\n\n\n\n<figure class=\"wp-block-image size-large\"><img loading=\"lazy\" decoding=\"async\" width=\"807\" height=\"564\" src=\"http:\/\/naturalmentecaceres.com\/wp-content\/uploads\/2020\/04\/Taller-San-Jorge.jpg\" alt=\"\" class=\"wp-image-309\" srcset=\"http:\/\/naturalmentecaceres.com\/wp-content\/uploads\/2020\/04\/Taller-San-Jorge.jpg 807w, http:\/\/naturalmentecaceres.com\/wp-content\/uploads\/2020\/04\/Taller-San-Jorge-300x210.jpg 300w, http:\/\/naturalmentecaceres.com\/wp-content\/uploads\/2020\/04\/Taller-San-Jorge-768x537.jpg 768w, http:\/\/naturalmentecaceres.com\/wp-content\/uploads\/2020\/04\/Taller-San-Jorge-386x270.jpg 386w\" sizes=\"auto, (max-width: 807px) 100vw, 807px\" \/><\/figure>\n\n\n\n<ul class=\"wp-block-list\"><li><strong>Cuentacuentos sobre la <em>Leyenda\nse San Jorge en C\u00e1ceres<\/em><\/strong><\/li><\/ul>\n\n\n\n<p>Hay muchas leyendas sobre c\u00f3mo los cristianos\nllegaron y conquistaron C\u00e1ceres. Pod\u00e9is contar a vuestros hijos\/as <em>La\nleyenda de la Gallina de los Huevos de Oro<\/em>. La pod\u00e9is encontrar en:<\/p>\n\n\n\n<ul class=\"wp-block-list\"><li><em>La Princesa encantada del\nPalacio de las Veletas<\/em>. Se trata de un cuento editado\npor la Diputaci\u00f3n de C\u00e1ceres y que forma parte de la colecci\u00f3n <em>El pico de la\ncig\u00fce\u00f1a<\/em> (cuentos populares extreme\u00f1os ilustrados). Pod\u00e9is descargaros el\nvolumen que lo contiene pulsando <a href=\"https:\/\/drive.google.com\/open?id=1bOPq62hcgkEBYD2YmD2qyoeVKyBLpLen\">aqu\u00ed<\/a>.<\/li><li><em>La leyenda de la Gallina de las\nplumas de oro.<\/em> Se trata del mismo cuento contado de\notra manera, y lo pod\u00e9is encontrar en la Web de <a href=\"https:\/\/cacereshistorica.caceres.es\/5archivohistorico\/descargas\/folleto_gallina.pdf\">C\u00e1ceres\nHist\u00f3rica<\/a>.<\/li><li>Cuentacuentos de Youtube realizado\ny dinamizado recientemente por Atakama Creatividad Cultural. Pod\u00e9is encontrarlo\n<a href=\"https:\/\/www.youtube.com\/watch?v=t_DQwkCN_0Q&amp;feature=youtu.be&amp;fbclid=IwAR2XggKCaA6APMug5V21sFLZIZb8_NEUwpzmN4bF9y9s44vBvhYG2KAsqKU\">aqu\u00ed<\/a>.&nbsp; <\/li><\/ul>\n\n\n\n<ul class=\"wp-block-list\"><li><strong>Marcap\u00e1ginas <\/strong><\/li><\/ul>\n\n\n\n<p>Para celebrar tambi\u00e9n el d\u00eda Internacional del Libro y fomentar la lectura, pod\u00e9is elaborar diferentes y divertidos marcap\u00e1ginas con la tem\u00e1tica del D\u00eda de San Jorge. Os proponemos dos de tipo esquinero con un drag\u00f3n y una gallina. Para ver c\u00f3mo se hace el del drag\u00f3n <a rel=\"noreferrer noopener\" aria-label=\"pulsa aqu\u00ed (se abre en una nueva pesta\u00f1a)\" href=\"http:\/\/naturalmentecaceres.com\/wp-content\/uploads\/2020\/04\/Marcap\u00e1ginas-Drag\u00f3n.mp4\" target=\"_blank\">pulsa aqu\u00ed<\/a>, y el de la gallina, <a rel=\"noreferrer noopener\" aria-label=\"en este otro lado (se abre en una nueva pesta\u00f1a)\" href=\"http:\/\/naturalmentecaceres.com\/wp-content\/uploads\/2020\/04\/Marcap\u00e1ginas-Gallina-2.mp4\" target=\"_blank\">en este otro lado<\/a>. Tambi\u00e9n ten\u00e9is a vuestra disposici\u00f3n el recortable de ambos marcap\u00e1ginas en <a href=\"http:\/\/naturalmentecaceres.com\/wp-content\/uploads\/2020\/04\/MARCA_PAGINAS_SAN-JORGE.pdf\" target=\"_blank\" rel=\"noreferrer noopener\" aria-label=\"este enlace (se abre en una nueva pesta\u00f1a)\">este enlace<\/a>. <\/p>\n\n\n\n<ul class=\"wp-block-list\"><li><strong>Realizar dragones y un mural\ncon materiales reutilizados <\/strong><\/li><\/ul>\n\n\n\n<p>Por \u00faltimo, tras leer los cuentos y realizar\nlos marcap\u00e1ginas, pod\u00e9is hacer un mural para decorar las ventanas y balcones de\nC\u00e1ceres, siendo los protagonistas un gran drag\u00f3n o la gallina de los huevos de\noro. Pod\u00e9is utilizar botellas que sirvan de escamas para el drag\u00f3n (se pueden\npintar previamente), papel de peri\u00f3dicos o revistas, tapones, hueveras\npintadas, \u2026 \u00a1Hay muchas opciones! <\/p>\n\n\n\n<p>En la <a href=\"https:\/\/www.ayto-caceres.es\/destacado\/san-jorge-2020-quedateencasa\/\">Web del Ayuntamiento<\/a>, han propuesto diferentes manualidades para hacer dragones y decorar nuestros balcones. Os animamos a que reutilic\u00e9is <a rel=\"noreferrer noopener\" aria-label=\"cilindros de papel higi\u00e9nico (se abre en una nueva pesta\u00f1a)\" href=\"http:\/\/naturalmentecaceres.com\/wp-content\/uploads\/2020\/04\/Drag\u00f3n-tubo.mp4\" target=\"_blank\">cilindros de papel higi\u00e9nico<\/a> y <a href=\"http:\/\/naturalmentecaceres.com\/wp-content\/uploads\/2020\/04\/Drag\u00f3n-huevera.mp4\" target=\"_blank\" rel=\"noreferrer noopener\" aria-label=\"hueveras (se abre en una nueva pesta\u00f1a)\">hueveras<\/a> para crear dos divertidos dragones como los que veis en la imagen y en estos v\u00eddeos que compartimos con vosotros.<\/p>\n\n\n\n<p>\u00a1Esperamos que os guste!<\/p>\n\n\n\n<p>FUENTES: <\/p>\n\n\n\n<ul class=\"wp-block-list\"><li><a href=\"https:\/\/www.handfie.com\/manualidades-infantiles-rollos-papel\/03579\/\">https:\/\/www.handfie.com\/manualidades-infantiles-rollos-papel\/03579\/<\/a><\/li><li><a href=\"https:\/\/www.manualidadesinfantiles.org\/punto-de-libro-imprimible-de-dragon?utm_source=wysija&amp;utm_medium=email&amp;utm_campaign=boletinsemanal1\">https:\/\/www.manualidadesinfantiles.org\/punto-de-libro-imprimible-de-dragon?utm_source=wysija&amp;utm_medium=email&amp;utm_campaign=boletinsemanal1<\/a><\/li><li><a href=\"https:\/\/www.olimanitas.com\/manualidades-para-ninos-marcapaginas\/\">https:\/\/www.olimanitas.com\/manualidades-para-ninos-marcapaginas\/<\/a><\/li><li><a href=\"https:\/\/www.ayto-caceres.es\/destacado\/san-jorge-2020-quedateencasa\/\">https:\/\/www.ayto-caceres.es\/destacado\/san-jorge-2020-quedateencasa\/<\/a><\/li><li><a href=\"https:\/\/www.youtube.com\/watch?v=t_DQwkCN_0Q&amp;feature=youtu.be&amp;fbclid=IwAR2XggKCaA6APMug5V21sFLZIZb8_NEUwpzmN4bF9y9s44vBvhYG2KAsqKU\">https:\/\/www.youtube.com\/watch?v=t_DQwkCN_0Q&amp;feature=youtu.be&amp;fbclid=IwAR2XggKCaA6APMug5V21sFLZIZb8_NEUwpzmN4bF9y9s44vBvhYG2KAsqKU<\/a><\/li><\/ul>\n","protected":false},"excerpt":{"rendered":"<p>El 23 de abril es un d\u00eda muy especial para los cacere\u00f1os y cacere\u00f1as. Adem\u00e1s de ser el d\u00eda Internacional del Libro, es San Jorge y, aunque no lo podamos celebrar, vamos a aprovechar y a hacer una actividad con ni\u00f1os y ni\u00f1as desde casa, adem\u00e1s de decorar las ventanas y balcones de la ciudad. Os proponemos tres actividades: un cuentacuentos sobre La leyenda de la Gallina de los Huevos de Oro, varios marcap\u00e1ginas con formas muy divertidas y elaborar&#8230;<\/p>\n<p class=\"read-more\"><a class=\"btn btn-default\" href=\"http:\/\/naturalmentecaceres.com\/index.php\/archivos\/294\"> Leer m\u00e1s<span class=\"screen-reader-text\">  Leer m\u00e1s<\/span><\/a><\/p>\n","protected":false},"author":1,"featured_media":0,"comment_status":"open","ping_status":"open","sticky":false,"template":"","format":"standard","meta":{"footnotes":""},"categories":[1],"tags":[],"class_list":["post-294","post","type-post","status-publish","format-standard","hentry","category-uncategorized"],"yoast_head":"<!-- This site is optimized with the Yoast SEO plugin v27.5 - https:\/\/yoast.com\/product\/yoast-seo-wordpress\/ -->\r\n<title>\u00a1FELIZ D\u00cdA DEL SAN JORGE Y D\u00cdA DEL LIBRO! - NATURALMENTE C\u00c1CERES<\/title>\r\n<meta name=\"robots\" content=\"index, follow, max-snippet:-1, max-image-preview:large, max-video-preview:-1\" \/>\r\n<link rel=\"canonical\" href=\"http:\/\/naturalmentecaceres.com\/index.php\/archivos\/294\" \/>\r\n<meta property=\"og:locale\" content=\"es_ES\" \/>\r\n<meta property=\"og:type\" content=\"article\" \/>\r\n<meta property=\"og:title\" content=\"\u00a1FELIZ D\u00cdA DEL SAN JORGE Y D\u00cdA DEL LIBRO! - NATURALMENTE C\u00c1CERES\" \/>\r\n<meta property=\"og:description\" content=\"El 23 de abril es un d\u00eda muy especial para los cacere\u00f1os y cacere\u00f1as. Adem\u00e1s de ser el d\u00eda Internacional del Libro, es San Jorge y, aunque no lo podamos celebrar, vamos a aprovechar y a hacer una actividad con ni\u00f1os y ni\u00f1as desde casa, adem\u00e1s de decorar las ventanas y balcones de la ciudad. Os proponemos tres actividades: un cuentacuentos sobre La leyenda de la Gallina de los Huevos de Oro, varios marcap\u00e1ginas con formas muy divertidas y elaborar... Leer m\u00e1s Leer m\u00e1s\" \/>\r\n<meta property=\"og:url\" content=\"http:\/\/naturalmentecaceres.com\/index.php\/archivos\/294\" \/>\r\n<meta property=\"og:site_name\" content=\"NATURALMENTE C\u00c1CERES\" \/>\r\n<meta property=\"article:published_time\" content=\"2020-04-20T12:11:52+00:00\" \/>\r\n<meta property=\"article:modified_time\" content=\"2021-07-26T13:09:08+00:00\" \/>\r\n<meta property=\"og:image\" content=\"http:\/\/naturalmentecaceres.com\/wp-content\/uploads\/2020\/04\/Taller-San-Jorge.jpg\" \/>\r\n<meta name=\"author\" content=\"Talher\" \/>\r\n<meta name=\"twitter:card\" content=\"summary_large_image\" \/>\r\n<meta name=\"twitter:creator\" content=\"@naturalmentecc\" \/>\r\n<meta name=\"twitter:site\" content=\"@naturalmentecc\" \/>\r\n<meta name=\"twitter:label1\" content=\"Escrito por\" \/>\n\t<meta name=\"twitter:data1\" content=\"Talher\" \/>\n\t<meta name=\"twitter:label2\" content=\"Tiempo de lectura\" \/>\n\t<meta name=\"twitter:data2\" content=\"3 minutos\" \/>\r\n<script type=\"application\/ld+json\" class=\"yoast-schema-graph\">{\"@context\":\"https:\\\/\\\/schema.org\",\"@graph\":[{\"@type\":\"Article\",\"@id\":\"http:\\\/\\\/naturalmentecaceres.com\\\/index.php\\\/archivos\\\/294#article\",\"isPartOf\":{\"@id\":\"http:\\\/\\\/naturalmentecaceres.com\\\/index.php\\\/archivos\\\/294\"},\"author\":{\"name\":\"Talher\",\"@id\":\"http:\\\/\\\/naturalmentecaceres.com\\\/#\\\/schema\\\/person\\\/14e51e6f1f5cc38d27627ad8a8c14340\"},\"headline\":\"\u00a1FELIZ D\u00cdA DEL SAN JORGE Y D\u00cdA DEL LIBRO!\",\"datePublished\":\"2020-04-20T12:11:52+00:00\",\"dateModified\":\"2021-07-26T13:09:08+00:00\",\"mainEntityOfPage\":{\"@id\":\"http:\\\/\\\/naturalmentecaceres.com\\\/index.php\\\/archivos\\\/294\"},\"wordCount\":530,\"commentCount\":0,\"publisher\":{\"@id\":\"http:\\\/\\\/naturalmentecaceres.com\\\/#organization\"},\"image\":{\"@id\":\"http:\\\/\\\/naturalmentecaceres.com\\\/index.php\\\/archivos\\\/294#primaryimage\"},\"thumbnailUrl\":\"http:\\\/\\\/naturalmentecaceres.com\\\/wp-content\\\/uploads\\\/2020\\\/04\\\/Taller-San-Jorge.jpg\",\"articleSection\":[\"Educaci\u00f3n ambiental\"],\"inLanguage\":\"es\",\"potentialAction\":[{\"@type\":\"CommentAction\",\"name\":\"Comment\",\"target\":[\"http:\\\/\\\/naturalmentecaceres.com\\\/index.php\\\/archivos\\\/294#respond\"]}]},{\"@type\":\"WebPage\",\"@id\":\"http:\\\/\\\/naturalmentecaceres.com\\\/index.php\\\/archivos\\\/294\",\"url\":\"http:\\\/\\\/naturalmentecaceres.com\\\/index.php\\\/archivos\\\/294\",\"name\":\"\u00a1FELIZ D\u00cdA DEL SAN JORGE Y D\u00cdA DEL LIBRO! - NATURALMENTE C\u00c1CERES\",\"isPartOf\":{\"@id\":\"http:\\\/\\\/naturalmentecaceres.com\\\/#website\"},\"primaryImageOfPage\":{\"@id\":\"http:\\\/\\\/naturalmentecaceres.com\\\/index.php\\\/archivos\\\/294#primaryimage\"},\"image\":{\"@id\":\"http:\\\/\\\/naturalmentecaceres.com\\\/index.php\\\/archivos\\\/294#primaryimage\"},\"thumbnailUrl\":\"http:\\\/\\\/naturalmentecaceres.com\\\/wp-content\\\/uploads\\\/2020\\\/04\\\/Taller-San-Jorge.jpg\",\"datePublished\":\"2020-04-20T12:11:52+00:00\",\"dateModified\":\"2021-07-26T13:09:08+00:00\",\"breadcrumb\":{\"@id\":\"http:\\\/\\\/naturalmentecaceres.com\\\/index.php\\\/archivos\\\/294#breadcrumb\"},\"inLanguage\":\"es\",\"potentialAction\":[{\"@type\":\"ReadAction\",\"target\":[\"http:\\\/\\\/naturalmentecaceres.com\\\/index.php\\\/archivos\\\/294\"]}]},{\"@type\":\"ImageObject\",\"inLanguage\":\"es\",\"@id\":\"http:\\\/\\\/naturalmentecaceres.com\\\/index.php\\\/archivos\\\/294#primaryimage\",\"url\":\"http:\\\/\\\/naturalmentecaceres.com\\\/wp-content\\\/uploads\\\/2020\\\/04\\\/Taller-San-Jorge.jpg\",\"contentUrl\":\"http:\\\/\\\/naturalmentecaceres.com\\\/wp-content\\\/uploads\\\/2020\\\/04\\\/Taller-San-Jorge.jpg\",\"width\":807,\"height\":564},{\"@type\":\"BreadcrumbList\",\"@id\":\"http:\\\/\\\/naturalmentecaceres.com\\\/index.php\\\/archivos\\\/294#breadcrumb\",\"itemListElement\":[{\"@type\":\"ListItem\",\"position\":1,\"name\":\"Portada\",\"item\":\"http:\\\/\\\/naturalmentecaceres.com\\\/\"},{\"@type\":\"ListItem\",\"position\":2,\"name\":\"\u00a1FELIZ D\u00cdA DEL SAN JORGE Y D\u00cdA DEL LIBRO!\"}]},{\"@type\":\"WebSite\",\"@id\":\"http:\\\/\\\/naturalmentecaceres.com\\\/#website\",\"url\":\"http:\\\/\\\/naturalmentecaceres.com\\\/\",\"name\":\"NATURALMENTE C\u00c1CERES\",\"description\":\"Web del proyecto de educaci\u00f3n ambiental gestionado por Talher en C\u00e1ceres\",\"publisher\":{\"@id\":\"http:\\\/\\\/naturalmentecaceres.com\\\/#organization\"},\"potentialAction\":[{\"@type\":\"SearchAction\",\"target\":{\"@type\":\"EntryPoint\",\"urlTemplate\":\"http:\\\/\\\/naturalmentecaceres.com\\\/?s={search_term_string}\"},\"query-input\":{\"@type\":\"PropertyValueSpecification\",\"valueRequired\":true,\"valueName\":\"search_term_string\"}}],\"inLanguage\":\"es\"},{\"@type\":\"Organization\",\"@id\":\"http:\\\/\\\/naturalmentecaceres.com\\\/#organization\",\"name\":\"NATURALMENTE C\u00c1CERES\",\"url\":\"http:\\\/\\\/naturalmentecaceres.com\\\/\",\"logo\":{\"@type\":\"ImageObject\",\"inLanguage\":\"es\",\"@id\":\"http:\\\/\\\/naturalmentecaceres.com\\\/#\\\/schema\\\/logo\\\/image\\\/\",\"url\":\"http:\\\/\\\/naturalmentecaceres.com\\\/wp-content\\\/uploads\\\/2023\\\/02\\\/naturalmente.jpg\",\"contentUrl\":\"http:\\\/\\\/naturalmentecaceres.com\\\/wp-content\\\/uploads\\\/2023\\\/02\\\/naturalmente.jpg\",\"width\":1300,\"height\":1237,\"caption\":\"NATURALMENTE C\u00c1CERES\"},\"image\":{\"@id\":\"http:\\\/\\\/naturalmentecaceres.com\\\/#\\\/schema\\\/logo\\\/image\\\/\"},\"sameAs\":[\"https:\\\/\\\/x.com\\\/naturalmentecc\",\"https:\\\/\\\/www.instagram.com\\\/naturalmentecaceres\\\/\"]},{\"@type\":\"Person\",\"@id\":\"http:\\\/\\\/naturalmentecaceres.com\\\/#\\\/schema\\\/person\\\/14e51e6f1f5cc38d27627ad8a8c14340\",\"name\":\"Talher\",\"image\":{\"@type\":\"ImageObject\",\"inLanguage\":\"es\",\"@id\":\"https:\\\/\\\/secure.gravatar.com\\\/avatar\\\/129d2825c3c915f0d6bae5b93b934c74574bbe9aa2bac86aea3884599040250e?s=96&d=mm&r=g\",\"url\":\"https:\\\/\\\/secure.gravatar.com\\\/avatar\\\/129d2825c3c915f0d6bae5b93b934c74574bbe9aa2bac86aea3884599040250e?s=96&d=mm&r=g\",\"contentUrl\":\"https:\\\/\\\/secure.gravatar.com\\\/avatar\\\/129d2825c3c915f0d6bae5b93b934c74574bbe9aa2bac86aea3884599040250e?s=96&d=mm&r=g\",\"caption\":\"Talher\"},\"url\":\"http:\\\/\\\/naturalmentecaceres.com\\\/index.php\\\/archivos\\\/author\\\/talher\"}]}<\/script>\r\n<!-- \/ Yoast SEO plugin. -->","yoast_head_json":{"title":"\u00a1FELIZ D\u00cdA DEL SAN JORGE Y D\u00cdA DEL LIBRO! - NATURALMENTE C\u00c1CERES","robots":{"index":"index","follow":"follow","max-snippet":"max-snippet:-1","max-image-preview":"max-image-preview:large","max-video-preview":"max-video-preview:-1"},"canonical":"http:\/\/naturalmentecaceres.com\/index.php\/archivos\/294","og_locale":"es_ES","og_type":"article","og_title":"\u00a1FELIZ D\u00cdA DEL SAN JORGE Y D\u00cdA DEL LIBRO! - NATURALMENTE C\u00c1CERES","og_description":"El 23 de abril es un d\u00eda muy especial para los cacere\u00f1os y cacere\u00f1as. Adem\u00e1s de ser el d\u00eda Internacional del Libro, es San Jorge y, aunque no lo podamos celebrar, vamos a aprovechar y a hacer una actividad con ni\u00f1os y ni\u00f1as desde casa, adem\u00e1s de decorar las ventanas y balcones de la ciudad. Os proponemos tres actividades: un cuentacuentos sobre La leyenda de la Gallina de los Huevos de Oro, varios marcap\u00e1ginas con formas muy divertidas y elaborar... Leer m\u00e1s Leer m\u00e1s","og_url":"http:\/\/naturalmentecaceres.com\/index.php\/archivos\/294","og_site_name":"NATURALMENTE C\u00c1CERES","article_published_time":"2020-04-20T12:11:52+00:00","article_modified_time":"2021-07-26T13:09:08+00:00","og_image":[{"url":"http:\/\/naturalmentecaceres.com\/wp-content\/uploads\/2020\/04\/Taller-San-Jorge.jpg","type":"","width":"","height":""}],"author":"Talher","twitter_card":"summary_large_image","twitter_creator":"@naturalmentecc","twitter_site":"@naturalmentecc","twitter_misc":{"Escrito por":"Talher","Tiempo de lectura":"3 minutos"},"schema":{"@context":"https:\/\/schema.org","@graph":[{"@type":"Article","@id":"http:\/\/naturalmentecaceres.com\/index.php\/archivos\/294#article","isPartOf":{"@id":"http:\/\/naturalmentecaceres.com\/index.php\/archivos\/294"},"author":{"name":"Talher","@id":"http:\/\/naturalmentecaceres.com\/#\/schema\/person\/14e51e6f1f5cc38d27627ad8a8c14340"},"headline":"\u00a1FELIZ D\u00cdA DEL SAN JORGE Y D\u00cdA DEL LIBRO!","datePublished":"2020-04-20T12:11:52+00:00","dateModified":"2021-07-26T13:09:08+00:00","mainEntityOfPage":{"@id":"http:\/\/naturalmentecaceres.com\/index.php\/archivos\/294"},"wordCount":530,"commentCount":0,"publisher":{"@id":"http:\/\/naturalmentecaceres.com\/#organization"},"image":{"@id":"http:\/\/naturalmentecaceres.com\/index.php\/archivos\/294#primaryimage"},"thumbnailUrl":"http:\/\/naturalmentecaceres.com\/wp-content\/uploads\/2020\/04\/Taller-San-Jorge.jpg","articleSection":["Educaci\u00f3n ambiental"],"inLanguage":"es","potentialAction":[{"@type":"CommentAction","name":"Comment","target":["http:\/\/naturalmentecaceres.com\/index.php\/archivos\/294#respond"]}]},{"@type":"WebPage","@id":"http:\/\/naturalmentecaceres.com\/index.php\/archivos\/294","url":"http:\/\/naturalmentecaceres.com\/index.php\/archivos\/294","name":"\u00a1FELIZ D\u00cdA DEL SAN JORGE Y D\u00cdA DEL LIBRO! - NATURALMENTE C\u00c1CERES","isPartOf":{"@id":"http:\/\/naturalmentecaceres.com\/#website"},"primaryImageOfPage":{"@id":"http:\/\/naturalmentecaceres.com\/index.php\/archivos\/294#primaryimage"},"image":{"@id":"http:\/\/naturalmentecaceres.com\/index.php\/archivos\/294#primaryimage"},"thumbnailUrl":"http:\/\/naturalmentecaceres.com\/wp-content\/uploads\/2020\/04\/Taller-San-Jorge.jpg","datePublished":"2020-04-20T12:11:52+00:00","dateModified":"2021-07-26T13:09:08+00:00","breadcrumb":{"@id":"http:\/\/naturalmentecaceres.com\/index.php\/archivos\/294#breadcrumb"},"inLanguage":"es","potentialAction":[{"@type":"ReadAction","target":["http:\/\/naturalmentecaceres.com\/index.php\/archivos\/294"]}]},{"@type":"ImageObject","inLanguage":"es","@id":"http:\/\/naturalmentecaceres.com\/index.php\/archivos\/294#primaryimage","url":"http:\/\/naturalmentecaceres.com\/wp-content\/uploads\/2020\/04\/Taller-San-Jorge.jpg","contentUrl":"http:\/\/naturalmentecaceres.com\/wp-content\/uploads\/2020\/04\/Taller-San-Jorge.jpg","width":807,"height":564},{"@type":"BreadcrumbList","@id":"http:\/\/naturalmentecaceres.com\/index.php\/archivos\/294#breadcrumb","itemListElement":[{"@type":"ListItem","position":1,"name":"Portada","item":"http:\/\/naturalmentecaceres.com\/"},{"@type":"ListItem","position":2,"name":"\u00a1FELIZ D\u00cdA DEL SAN JORGE Y D\u00cdA DEL LIBRO!"}]},{"@type":"WebSite","@id":"http:\/\/naturalmentecaceres.com\/#website","url":"http:\/\/naturalmentecaceres.com\/","name":"NATURALMENTE C\u00c1CERES","description":"Web del proyecto de educaci\u00f3n ambiental gestionado por Talher en C\u00e1ceres","publisher":{"@id":"http:\/\/naturalmentecaceres.com\/#organization"},"potentialAction":[{"@type":"SearchAction","target":{"@type":"EntryPoint","urlTemplate":"http:\/\/naturalmentecaceres.com\/?s={search_term_string}"},"query-input":{"@type":"PropertyValueSpecification","valueRequired":true,"valueName":"search_term_string"}}],"inLanguage":"es"},{"@type":"Organization","@id":"http:\/\/naturalmentecaceres.com\/#organization","name":"NATURALMENTE C\u00c1CERES","url":"http:\/\/naturalmentecaceres.com\/","logo":{"@type":"ImageObject","inLanguage":"es","@id":"http:\/\/naturalmentecaceres.com\/#\/schema\/logo\/image\/","url":"http:\/\/naturalmentecaceres.com\/wp-content\/uploads\/2023\/02\/naturalmente.jpg","contentUrl":"http:\/\/naturalmentecaceres.com\/wp-content\/uploads\/2023\/02\/naturalmente.jpg","width":1300,"height":1237,"caption":"NATURALMENTE C\u00c1CERES"},"image":{"@id":"http:\/\/naturalmentecaceres.com\/#\/schema\/logo\/image\/"},"sameAs":["https:\/\/x.com\/naturalmentecc","https:\/\/www.instagram.com\/naturalmentecaceres\/"]},{"@type":"Person","@id":"http:\/\/naturalmentecaceres.com\/#\/schema\/person\/14e51e6f1f5cc38d27627ad8a8c14340","name":"Talher","image":{"@type":"ImageObject","inLanguage":"es","@id":"https:\/\/secure.gravatar.com\/avatar\/129d2825c3c915f0d6bae5b93b934c74574bbe9aa2bac86aea3884599040250e?s=96&d=mm&r=g","url":"https:\/\/secure.gravatar.com\/avatar\/129d2825c3c915f0d6bae5b93b934c74574bbe9aa2bac86aea3884599040250e?s=96&d=mm&r=g","contentUrl":"https:\/\/secure.gravatar.com\/avatar\/129d2825c3c915f0d6bae5b93b934c74574bbe9aa2bac86aea3884599040250e?s=96&d=mm&r=g","caption":"Talher"},"url":"http:\/\/naturalmentecaceres.com\/index.php\/archivos\/author\/talher"}]}},"_links":{"self":[{"href":"http:\/\/naturalmentecaceres.com\/index.php\/wp-json\/wp\/v2\/posts\/294","targetHints":{"allow":["GET"]}}],"collection":[{"href":"http:\/\/naturalmentecaceres.com\/index.php\/wp-json\/wp\/v2\/posts"}],"about":[{"href":"http:\/\/naturalmentecaceres.com\/index.php\/wp-json\/wp\/v2\/types\/post"}],"author":[{"embeddable":true,"href":"http:\/\/naturalmentecaceres.com\/index.php\/wp-json\/wp\/v2\/users\/1"}],"replies":[{"embeddable":true,"href":"http:\/\/naturalmentecaceres.com\/index.php\/wp-json\/wp\/v2\/comments?post=294"}],"version-history":[{"count":9,"href":"http:\/\/naturalmentecaceres.com\/index.php\/wp-json\/wp\/v2\/posts\/294\/revisions"}],"predecessor-version":[{"id":310,"href":"http:\/\/naturalmentecaceres.com\/index.php\/wp-json\/wp\/v2\/posts\/294\/revisions\/310"}],"wp:attachment":[{"href":"http:\/\/naturalmentecaceres.com\/index.php\/wp-json\/wp\/v2\/media?parent=294"}],"wp:term":[{"taxonomy":"category","embeddable":true,"href":"http:\/\/naturalmentecaceres.com\/index.php\/wp-json\/wp\/v2\/categories?post=294"},{"taxonomy":"post_tag","embeddable":true,"href":"http:\/\/naturalmentecaceres.com\/index.php\/wp-json\/wp\/v2\/tags?post=294"}],"curies":[{"name":"wp","href":"https:\/\/api.w.org\/{rel}","templated":true}]}}