{"id":289,"date":"2020-04-19T15:09:16","date_gmt":"2020-04-19T15:09:16","guid":{"rendered":"http:\/\/naturalmentecaceres.com\/?p=289"},"modified":"2021-07-26T13:09:38","modified_gmt":"2021-07-26T13:09:38","slug":"289","status":"publish","type":"post","link":"http:\/\/naturalmentecaceres.com\/index.php\/archivos\/289","title":{"rendered":"OLMOS CENTENARIOS DEL PALACIO DE JUSTICIA Y LA PARROQUIA DEL ESP\u00cdRITU SANTO"},"content":{"rendered":"\n<p>C\u00e1ceres cuenta con grandes monumentos que ver\ny visitar. Hoy os proponemos uno natural y centenario: los olmos que est\u00e1n en\nel Palacio de Justicia y en la parroquia del Esp\u00edritu Santo. <\/p>\n\n\n\n<p>Estos olmos se encuentran en la Ronda de San\nFrancisco y el m\u00e1s grande tiene una altura de casi 12 metros. Se estima que su\nedad es de aproximadamente 200 a\u00f1os. El m\u00e1s joven, que tiene una oquedad en\nforma de oreja, ha sido respetado en la construcci\u00f3n los juzgados cacere\u00f1os,\nquedando rodeado por las escaleras de acceso.<\/p>\n\n\n\n<p>El olmo se trata de un \u00e1rbol caducifolio que suele medir hasta 30 metros de altura. Su copa es amplia y tiene un tronco negruzco y agrietado. Es una especie de ribera y, junto a frescos, sauces y alisos, forman olmedas. Su figura domin\u00f3 las plazas de los viejos pueblos de Espa\u00f1a porque la Constituci\u00f3n de C\u00e1diz de 1812 lo proclam\u00f3 como s\u00edmbolo de libertad. <\/p>\n\n\n\n<p>Es un \u00e1rbol muy apreciado por ofrecer una gran sombra; sus flores (al igual que la margarita com\u00fan, de la cual hemos hablado en <a href=\"https:\/\/www.instagram.com\/p\/B-zBy_eoVuG\/\">Instagram<\/a>), se agrupan en inflorescencias. \u00c9stas dan lugar al fruto que se disemina antes que las hojas se hayan formado completamente. La corteza se usa para tintar o incluso hacer infusiones que ayudan a calmar c\u00f3licos estomacales, poseyendo un efecto antidiarreico y astringente. Su madera ha sido usada en la construcci\u00f3n de embarcaciones porque es muy resistente a la humedad. Debido a su color oscuro, tambi\u00e9n se ha utilizado en ebanister\u00eda y muebler\u00eda. <\/p>\n\n\n\n<figure class=\"wp-block-image size-large\"><img loading=\"lazy\" decoding=\"async\" width=\"814\" height=\"617\" src=\"http:\/\/naturalmentecaceres.com\/wp-content\/uploads\/2020\/04\/Olmo_palacio_justicia.jpg\" alt=\"\" class=\"wp-image-292\" srcset=\"http:\/\/naturalmentecaceres.com\/wp-content\/uploads\/2020\/04\/Olmo_palacio_justicia.jpg 814w, http:\/\/naturalmentecaceres.com\/wp-content\/uploads\/2020\/04\/Olmo_palacio_justicia-300x227.jpg 300w, http:\/\/naturalmentecaceres.com\/wp-content\/uploads\/2020\/04\/Olmo_palacio_justicia-768x582.jpg 768w, http:\/\/naturalmentecaceres.com\/wp-content\/uploads\/2020\/04\/Olmo_palacio_justicia-356x270.jpg 356w\" sizes=\"auto, (max-width: 814px) 100vw, 814px\" \/><\/figure>\n\n\n\n<p>En los \u00faltimos 100 a\u00f1os han sufrido de\ngrafiosis, una epidemia causada por un hongo (Ceratocystis ulmi) que ataca y tapona\nlos vasos conductores de la savia, provocando su muerte. Este hongo, es\ntransportado por escarabajos y solo afecta a las especies de olmos. Por este\nmotivo, est\u00e1n en peligro de extinci\u00f3n (se cree que la poblaci\u00f3n de olmo com\u00fan\nha decrecido entre un 80 y un 90%). Tambi\u00e9n las podas excesivas son grandes\namenazas, por lo que contar con olmos tan longevos en nuestra ciudad es un gran\nprivilegio. En el caso de C\u00e1ceres, los que est\u00e1n en la ermita del Esp\u00edritu\nSanto, sufrieron esta epidemia y el Ayuntamiento de C\u00e1ceres decidi\u00f3 podarlos de\nmanera dr\u00e1stica en julio 2019 para poder recuperarlos.<\/p>\n\n\n\n<p>Adem\u00e1s de la grafiosis, muchos olmos cacere\u00f1os est\u00e1n\nafectados por la galeruca, otra plaga que es producida por un cole\u00f3ptero que se\nalimenta tanto en estado larvario como adulto de hojas de olmo, dejando solo los nervios o esqueleto de las\nhojas.<\/p>\n\n\n\n<p>Adem\u00e1s de los olmos\ncentenarios del palacio de Justicia y le ermita del Esp\u00edritu Santo, en la\navenida de Alemania (cerca del barrio del Per\u00fa) y en la ermita de los Santos\nm\u00e1rtires (Paseo Alto) podemos localizar m\u00e1s olmos como \u00e9stos, y posiblemente\ncentenarios. <\/p>\n\n\n\n<p>FUENTES:<\/p>\n\n\n\n<ul class=\"wp-block-list\"><li><a href=\"https:\/\/www.flores.ninja\/olmo\/\">https:\/\/www.flores.ninja\/olmo\/<\/a><\/li><li><a href=\"https:\/\/www.elperiodicoextremadura.com\/noticias\/badajoz\/galeruca-destroza-hojas-olmos-ronda-pilar_673574.html\">https:\/\/www.elperiodicoextremadura.com\/noticias\/badajoz\/galeruca-destroza-hojas-olmos-ronda-pilar_673574.html<\/a><\/li><li><a href=\"https:\/\/www.elperiodicoextremadura.com\/noticias\/caceres\/mueren-olmos-espiri_1163936.html\">https:\/\/www.elperiodicoextremadura.com\/noticias\/caceres\/mueren-olmos-espiri_1163936.html<\/a><\/li><li><a href=\"https:\/\/www.elperiodicoextremadura.com\/noticias\/caceres\/ayuntamiento-intenta-recuperar-olmos-barrio-espiritu-santo_1173681.html\">https:\/\/www.elperiodicoextremadura.com\/noticias\/caceres\/ayuntamiento-intenta-recuperar-olmos-barrio-espiritu-santo_1173681.html<\/a><\/li><li><a href=\"https:\/\/www.hoy.es\/caceres\/quedado-arboles-conocemos-20190722002205-ntvo.html\">https:\/\/www.hoy.es\/caceres\/quedado-arboles-conocemos-20190722002205-ntvo.html<\/a><\/li><li><a href=\"https:\/\/www.elperiodicoextremadura.com\/noticias\/caceres\/salvad-olmo-centenario_38061.html\">https:\/\/www.elperiodicoextremadura.com\/noticias\/caceres\/salvad-olmo-centenario_38061.html<\/a><\/li><\/ul>\n","protected":false},"excerpt":{"rendered":"<p>C\u00e1ceres cuenta con grandes monumentos que ver y visitar. Hoy os proponemos uno natural y centenario: los olmos que est\u00e1n en el Palacio de Justicia y en la parroquia del Esp\u00edritu Santo. Estos olmos se encuentran en la Ronda de San Francisco y el m\u00e1s grande tiene una altura de casi 12 metros. Se estima que su edad es de aproximadamente 200 a\u00f1os. El m\u00e1s joven, que tiene una oquedad en forma de oreja, ha sido respetado en la construcci\u00f3n&#8230;<\/p>\n<p class=\"read-more\"><a class=\"btn btn-default\" href=\"http:\/\/naturalmentecaceres.com\/index.php\/archivos\/289\"> Leer m\u00e1s<span class=\"screen-reader-text\">  Leer m\u00e1s<\/span><\/a><\/p>\n","protected":false},"author":1,"featured_media":0,"comment_status":"open","ping_status":"open","sticky":false,"template":"","format":"standard","meta":{"footnotes":""},"categories":[1],"tags":[],"class_list":["post-289","post","type-post","status-publish","format-standard","hentry","category-uncategorized"],"yoast_head":"<!-- This site is optimized with the Yoast SEO plugin v27.5 - https:\/\/yoast.com\/product\/yoast-seo-wordpress\/ -->\r\n<title>OLMOS CENTENARIOS DEL PALACIO DE JUSTICIA Y LA PARROQUIA DEL ESP\u00cdRITU SANTO - NATURALMENTE C\u00c1CERES<\/title>\r\n<meta name=\"robots\" content=\"index, follow, max-snippet:-1, max-image-preview:large, max-video-preview:-1\" \/>\r\n<link rel=\"canonical\" href=\"http:\/\/naturalmentecaceres.com\/index.php\/archivos\/289\" \/>\r\n<meta property=\"og:locale\" content=\"es_ES\" \/>\r\n<meta property=\"og:type\" content=\"article\" \/>\r\n<meta property=\"og:title\" content=\"OLMOS CENTENARIOS DEL PALACIO DE JUSTICIA Y LA PARROQUIA DEL ESP\u00cdRITU SANTO - NATURALMENTE C\u00c1CERES\" \/>\r\n<meta property=\"og:description\" content=\"C\u00e1ceres cuenta con grandes monumentos que ver y visitar. Hoy os proponemos uno natural y centenario: los olmos que est\u00e1n en el Palacio de Justicia y en la parroquia del Esp\u00edritu Santo. Estos olmos se encuentran en la Ronda de San Francisco y el m\u00e1s grande tiene una altura de casi 12 metros. Se estima que su edad es de aproximadamente 200 a\u00f1os. El m\u00e1s joven, que tiene una oquedad en forma de oreja, ha sido respetado en la construcci\u00f3n... Leer m\u00e1s Leer m\u00e1s\" \/>\r\n<meta property=\"og:url\" content=\"http:\/\/naturalmentecaceres.com\/index.php\/archivos\/289\" \/>\r\n<meta property=\"og:site_name\" content=\"NATURALMENTE C\u00c1CERES\" \/>\r\n<meta property=\"article:published_time\" content=\"2020-04-19T15:09:16+00:00\" \/>\r\n<meta property=\"article:modified_time\" content=\"2021-07-26T13:09:38+00:00\" \/>\r\n<meta property=\"og:image\" content=\"http:\/\/naturalmentecaceres.com\/wp-content\/uploads\/2020\/04\/Olmo_palacio_justicia.jpg\" \/>\r\n<meta name=\"author\" content=\"Talher\" \/>\r\n<meta name=\"twitter:card\" content=\"summary_large_image\" \/>\r\n<meta name=\"twitter:creator\" content=\"@naturalmentecc\" \/>\r\n<meta name=\"twitter:site\" content=\"@naturalmentecc\" \/>\r\n<meta name=\"twitter:label1\" content=\"Escrito por\" \/>\n\t<meta name=\"twitter:data1\" content=\"Talher\" \/>\n\t<meta name=\"twitter:label2\" content=\"Tiempo de lectura\" \/>\n\t<meta name=\"twitter:data2\" content=\"3 minutos\" \/>\r\n<script type=\"application\/ld+json\" class=\"yoast-schema-graph\">{\"@context\":\"https:\\\/\\\/schema.org\",\"@graph\":[{\"@type\":\"Article\",\"@id\":\"http:\\\/\\\/naturalmentecaceres.com\\\/index.php\\\/archivos\\\/289#article\",\"isPartOf\":{\"@id\":\"http:\\\/\\\/naturalmentecaceres.com\\\/index.php\\\/archivos\\\/289\"},\"author\":{\"name\":\"Talher\",\"@id\":\"http:\\\/\\\/naturalmentecaceres.com\\\/#\\\/schema\\\/person\\\/14e51e6f1f5cc38d27627ad8a8c14340\"},\"headline\":\"OLMOS CENTENARIOS DEL PALACIO DE JUSTICIA Y LA PARROQUIA DEL ESP\u00cdRITU SANTO\",\"datePublished\":\"2020-04-19T15:09:16+00:00\",\"dateModified\":\"2021-07-26T13:09:38+00:00\",\"mainEntityOfPage\":{\"@id\":\"http:\\\/\\\/naturalmentecaceres.com\\\/index.php\\\/archivos\\\/289\"},\"wordCount\":549,\"commentCount\":0,\"publisher\":{\"@id\":\"http:\\\/\\\/naturalmentecaceres.com\\\/#organization\"},\"image\":{\"@id\":\"http:\\\/\\\/naturalmentecaceres.com\\\/index.php\\\/archivos\\\/289#primaryimage\"},\"thumbnailUrl\":\"http:\\\/\\\/naturalmentecaceres.com\\\/wp-content\\\/uploads\\\/2020\\\/04\\\/Olmo_palacio_justicia.jpg\",\"articleSection\":[\"Educaci\u00f3n ambiental\"],\"inLanguage\":\"es\",\"potentialAction\":[{\"@type\":\"CommentAction\",\"name\":\"Comment\",\"target\":[\"http:\\\/\\\/naturalmentecaceres.com\\\/index.php\\\/archivos\\\/289#respond\"]}]},{\"@type\":\"WebPage\",\"@id\":\"http:\\\/\\\/naturalmentecaceres.com\\\/index.php\\\/archivos\\\/289\",\"url\":\"http:\\\/\\\/naturalmentecaceres.com\\\/index.php\\\/archivos\\\/289\",\"name\":\"OLMOS CENTENARIOS DEL PALACIO DE JUSTICIA Y LA PARROQUIA DEL ESP\u00cdRITU SANTO - NATURALMENTE C\u00c1CERES\",\"isPartOf\":{\"@id\":\"http:\\\/\\\/naturalmentecaceres.com\\\/#website\"},\"primaryImageOfPage\":{\"@id\":\"http:\\\/\\\/naturalmentecaceres.com\\\/index.php\\\/archivos\\\/289#primaryimage\"},\"image\":{\"@id\":\"http:\\\/\\\/naturalmentecaceres.com\\\/index.php\\\/archivos\\\/289#primaryimage\"},\"thumbnailUrl\":\"http:\\\/\\\/naturalmentecaceres.com\\\/wp-content\\\/uploads\\\/2020\\\/04\\\/Olmo_palacio_justicia.jpg\",\"datePublished\":\"2020-04-19T15:09:16+00:00\",\"dateModified\":\"2021-07-26T13:09:38+00:00\",\"breadcrumb\":{\"@id\":\"http:\\\/\\\/naturalmentecaceres.com\\\/index.php\\\/archivos\\\/289#breadcrumb\"},\"inLanguage\":\"es\",\"potentialAction\":[{\"@type\":\"ReadAction\",\"target\":[\"http:\\\/\\\/naturalmentecaceres.com\\\/index.php\\\/archivos\\\/289\"]}]},{\"@type\":\"ImageObject\",\"inLanguage\":\"es\",\"@id\":\"http:\\\/\\\/naturalmentecaceres.com\\\/index.php\\\/archivos\\\/289#primaryimage\",\"url\":\"http:\\\/\\\/naturalmentecaceres.com\\\/wp-content\\\/uploads\\\/2020\\\/04\\\/Olmo_palacio_justicia.jpg\",\"contentUrl\":\"http:\\\/\\\/naturalmentecaceres.com\\\/wp-content\\\/uploads\\\/2020\\\/04\\\/Olmo_palacio_justicia.jpg\",\"width\":814,\"height\":617},{\"@type\":\"BreadcrumbList\",\"@id\":\"http:\\\/\\\/naturalmentecaceres.com\\\/index.php\\\/archivos\\\/289#breadcrumb\",\"itemListElement\":[{\"@type\":\"ListItem\",\"position\":1,\"name\":\"Portada\",\"item\":\"http:\\\/\\\/naturalmentecaceres.com\\\/\"},{\"@type\":\"ListItem\",\"position\":2,\"name\":\"OLMOS CENTENARIOS DEL PALACIO DE JUSTICIA Y LA PARROQUIA DEL ESP\u00cdRITU SANTO\"}]},{\"@type\":\"WebSite\",\"@id\":\"http:\\\/\\\/naturalmentecaceres.com\\\/#website\",\"url\":\"http:\\\/\\\/naturalmentecaceres.com\\\/\",\"name\":\"NATURALMENTE C\u00c1CERES\",\"description\":\"Web del proyecto de educaci\u00f3n ambiental gestionado por Talher en C\u00e1ceres\",\"publisher\":{\"@id\":\"http:\\\/\\\/naturalmentecaceres.com\\\/#organization\"},\"potentialAction\":[{\"@type\":\"SearchAction\",\"target\":{\"@type\":\"EntryPoint\",\"urlTemplate\":\"http:\\\/\\\/naturalmentecaceres.com\\\/?s={search_term_string}\"},\"query-input\":{\"@type\":\"PropertyValueSpecification\",\"valueRequired\":true,\"valueName\":\"search_term_string\"}}],\"inLanguage\":\"es\"},{\"@type\":\"Organization\",\"@id\":\"http:\\\/\\\/naturalmentecaceres.com\\\/#organization\",\"name\":\"NATURALMENTE C\u00c1CERES\",\"url\":\"http:\\\/\\\/naturalmentecaceres.com\\\/\",\"logo\":{\"@type\":\"ImageObject\",\"inLanguage\":\"es\",\"@id\":\"http:\\\/\\\/naturalmentecaceres.com\\\/#\\\/schema\\\/logo\\\/image\\\/\",\"url\":\"http:\\\/\\\/naturalmentecaceres.com\\\/wp-content\\\/uploads\\\/2023\\\/02\\\/naturalmente.jpg\",\"contentUrl\":\"http:\\\/\\\/naturalmentecaceres.com\\\/wp-content\\\/uploads\\\/2023\\\/02\\\/naturalmente.jpg\",\"width\":1300,\"height\":1237,\"caption\":\"NATURALMENTE C\u00c1CERES\"},\"image\":{\"@id\":\"http:\\\/\\\/naturalmentecaceres.com\\\/#\\\/schema\\\/logo\\\/image\\\/\"},\"sameAs\":[\"https:\\\/\\\/x.com\\\/naturalmentecc\",\"https:\\\/\\\/www.instagram.com\\\/naturalmentecaceres\\\/\"]},{\"@type\":\"Person\",\"@id\":\"http:\\\/\\\/naturalmentecaceres.com\\\/#\\\/schema\\\/person\\\/14e51e6f1f5cc38d27627ad8a8c14340\",\"name\":\"Talher\",\"image\":{\"@type\":\"ImageObject\",\"inLanguage\":\"es\",\"@id\":\"https:\\\/\\\/secure.gravatar.com\\\/avatar\\\/129d2825c3c915f0d6bae5b93b934c74574bbe9aa2bac86aea3884599040250e?s=96&d=mm&r=g\",\"url\":\"https:\\\/\\\/secure.gravatar.com\\\/avatar\\\/129d2825c3c915f0d6bae5b93b934c74574bbe9aa2bac86aea3884599040250e?s=96&d=mm&r=g\",\"contentUrl\":\"https:\\\/\\\/secure.gravatar.com\\\/avatar\\\/129d2825c3c915f0d6bae5b93b934c74574bbe9aa2bac86aea3884599040250e?s=96&d=mm&r=g\",\"caption\":\"Talher\"},\"url\":\"http:\\\/\\\/naturalmentecaceres.com\\\/index.php\\\/archivos\\\/author\\\/talher\"}]}<\/script>\r\n<!-- \/ Yoast SEO plugin. -->","yoast_head_json":{"title":"OLMOS CENTENARIOS DEL PALACIO DE JUSTICIA Y LA PARROQUIA DEL ESP\u00cdRITU SANTO - NATURALMENTE C\u00c1CERES","robots":{"index":"index","follow":"follow","max-snippet":"max-snippet:-1","max-image-preview":"max-image-preview:large","max-video-preview":"max-video-preview:-1"},"canonical":"http:\/\/naturalmentecaceres.com\/index.php\/archivos\/289","og_locale":"es_ES","og_type":"article","og_title":"OLMOS CENTENARIOS DEL PALACIO DE JUSTICIA Y LA PARROQUIA DEL ESP\u00cdRITU SANTO - NATURALMENTE C\u00c1CERES","og_description":"C\u00e1ceres cuenta con grandes monumentos que ver y visitar. Hoy os proponemos uno natural y centenario: los olmos que est\u00e1n en el Palacio de Justicia y en la parroquia del Esp\u00edritu Santo. Estos olmos se encuentran en la Ronda de San Francisco y el m\u00e1s grande tiene una altura de casi 12 metros. Se estima que su edad es de aproximadamente 200 a\u00f1os. El m\u00e1s joven, que tiene una oquedad en forma de oreja, ha sido respetado en la construcci\u00f3n... Leer m\u00e1s Leer m\u00e1s","og_url":"http:\/\/naturalmentecaceres.com\/index.php\/archivos\/289","og_site_name":"NATURALMENTE C\u00c1CERES","article_published_time":"2020-04-19T15:09:16+00:00","article_modified_time":"2021-07-26T13:09:38+00:00","og_image":[{"url":"http:\/\/naturalmentecaceres.com\/wp-content\/uploads\/2020\/04\/Olmo_palacio_justicia.jpg","type":"","width":"","height":""}],"author":"Talher","twitter_card":"summary_large_image","twitter_creator":"@naturalmentecc","twitter_site":"@naturalmentecc","twitter_misc":{"Escrito por":"Talher","Tiempo de lectura":"3 minutos"},"schema":{"@context":"https:\/\/schema.org","@graph":[{"@type":"Article","@id":"http:\/\/naturalmentecaceres.com\/index.php\/archivos\/289#article","isPartOf":{"@id":"http:\/\/naturalmentecaceres.com\/index.php\/archivos\/289"},"author":{"name":"Talher","@id":"http:\/\/naturalmentecaceres.com\/#\/schema\/person\/14e51e6f1f5cc38d27627ad8a8c14340"},"headline":"OLMOS CENTENARIOS DEL PALACIO DE JUSTICIA Y LA PARROQUIA DEL ESP\u00cdRITU SANTO","datePublished":"2020-04-19T15:09:16+00:00","dateModified":"2021-07-26T13:09:38+00:00","mainEntityOfPage":{"@id":"http:\/\/naturalmentecaceres.com\/index.php\/archivos\/289"},"wordCount":549,"commentCount":0,"publisher":{"@id":"http:\/\/naturalmentecaceres.com\/#organization"},"image":{"@id":"http:\/\/naturalmentecaceres.com\/index.php\/archivos\/289#primaryimage"},"thumbnailUrl":"http:\/\/naturalmentecaceres.com\/wp-content\/uploads\/2020\/04\/Olmo_palacio_justicia.jpg","articleSection":["Educaci\u00f3n ambiental"],"inLanguage":"es","potentialAction":[{"@type":"CommentAction","name":"Comment","target":["http:\/\/naturalmentecaceres.com\/index.php\/archivos\/289#respond"]}]},{"@type":"WebPage","@id":"http:\/\/naturalmentecaceres.com\/index.php\/archivos\/289","url":"http:\/\/naturalmentecaceres.com\/index.php\/archivos\/289","name":"OLMOS CENTENARIOS DEL PALACIO DE JUSTICIA Y LA PARROQUIA DEL ESP\u00cdRITU SANTO - NATURALMENTE C\u00c1CERES","isPartOf":{"@id":"http:\/\/naturalmentecaceres.com\/#website"},"primaryImageOfPage":{"@id":"http:\/\/naturalmentecaceres.com\/index.php\/archivos\/289#primaryimage"},"image":{"@id":"http:\/\/naturalmentecaceres.com\/index.php\/archivos\/289#primaryimage"},"thumbnailUrl":"http:\/\/naturalmentecaceres.com\/wp-content\/uploads\/2020\/04\/Olmo_palacio_justicia.jpg","datePublished":"2020-04-19T15:09:16+00:00","dateModified":"2021-07-26T13:09:38+00:00","breadcrumb":{"@id":"http:\/\/naturalmentecaceres.com\/index.php\/archivos\/289#breadcrumb"},"inLanguage":"es","potentialAction":[{"@type":"ReadAction","target":["http:\/\/naturalmentecaceres.com\/index.php\/archivos\/289"]}]},{"@type":"ImageObject","inLanguage":"es","@id":"http:\/\/naturalmentecaceres.com\/index.php\/archivos\/289#primaryimage","url":"http:\/\/naturalmentecaceres.com\/wp-content\/uploads\/2020\/04\/Olmo_palacio_justicia.jpg","contentUrl":"http:\/\/naturalmentecaceres.com\/wp-content\/uploads\/2020\/04\/Olmo_palacio_justicia.jpg","width":814,"height":617},{"@type":"BreadcrumbList","@id":"http:\/\/naturalmentecaceres.com\/index.php\/archivos\/289#breadcrumb","itemListElement":[{"@type":"ListItem","position":1,"name":"Portada","item":"http:\/\/naturalmentecaceres.com\/"},{"@type":"ListItem","position":2,"name":"OLMOS CENTENARIOS DEL PALACIO DE JUSTICIA Y LA PARROQUIA DEL ESP\u00cdRITU SANTO"}]},{"@type":"WebSite","@id":"http:\/\/naturalmentecaceres.com\/#website","url":"http:\/\/naturalmentecaceres.com\/","name":"NATURALMENTE C\u00c1CERES","description":"Web del proyecto de educaci\u00f3n ambiental gestionado por Talher en C\u00e1ceres","publisher":{"@id":"http:\/\/naturalmentecaceres.com\/#organization"},"potentialAction":[{"@type":"SearchAction","target":{"@type":"EntryPoint","urlTemplate":"http:\/\/naturalmentecaceres.com\/?s={search_term_string}"},"query-input":{"@type":"PropertyValueSpecification","valueRequired":true,"valueName":"search_term_string"}}],"inLanguage":"es"},{"@type":"Organization","@id":"http:\/\/naturalmentecaceres.com\/#organization","name":"NATURALMENTE C\u00c1CERES","url":"http:\/\/naturalmentecaceres.com\/","logo":{"@type":"ImageObject","inLanguage":"es","@id":"http:\/\/naturalmentecaceres.com\/#\/schema\/logo\/image\/","url":"http:\/\/naturalmentecaceres.com\/wp-content\/uploads\/2023\/02\/naturalmente.jpg","contentUrl":"http:\/\/naturalmentecaceres.com\/wp-content\/uploads\/2023\/02\/naturalmente.jpg","width":1300,"height":1237,"caption":"NATURALMENTE C\u00c1CERES"},"image":{"@id":"http:\/\/naturalmentecaceres.com\/#\/schema\/logo\/image\/"},"sameAs":["https:\/\/x.com\/naturalmentecc","https:\/\/www.instagram.com\/naturalmentecaceres\/"]},{"@type":"Person","@id":"http:\/\/naturalmentecaceres.com\/#\/schema\/person\/14e51e6f1f5cc38d27627ad8a8c14340","name":"Talher","image":{"@type":"ImageObject","inLanguage":"es","@id":"https:\/\/secure.gravatar.com\/avatar\/129d2825c3c915f0d6bae5b93b934c74574bbe9aa2bac86aea3884599040250e?s=96&d=mm&r=g","url":"https:\/\/secure.gravatar.com\/avatar\/129d2825c3c915f0d6bae5b93b934c74574bbe9aa2bac86aea3884599040250e?s=96&d=mm&r=g","contentUrl":"https:\/\/secure.gravatar.com\/avatar\/129d2825c3c915f0d6bae5b93b934c74574bbe9aa2bac86aea3884599040250e?s=96&d=mm&r=g","caption":"Talher"},"url":"http:\/\/naturalmentecaceres.com\/index.php\/archivos\/author\/talher"}]}},"_links":{"self":[{"href":"http:\/\/naturalmentecaceres.com\/index.php\/wp-json\/wp\/v2\/posts\/289","targetHints":{"allow":["GET"]}}],"collection":[{"href":"http:\/\/naturalmentecaceres.com\/index.php\/wp-json\/wp\/v2\/posts"}],"about":[{"href":"http:\/\/naturalmentecaceres.com\/index.php\/wp-json\/wp\/v2\/types\/post"}],"author":[{"embeddable":true,"href":"http:\/\/naturalmentecaceres.com\/index.php\/wp-json\/wp\/v2\/users\/1"}],"replies":[{"embeddable":true,"href":"http:\/\/naturalmentecaceres.com\/index.php\/wp-json\/wp\/v2\/comments?post=289"}],"version-history":[{"count":3,"href":"http:\/\/naturalmentecaceres.com\/index.php\/wp-json\/wp\/v2\/posts\/289\/revisions"}],"predecessor-version":[{"id":293,"href":"http:\/\/naturalmentecaceres.com\/index.php\/wp-json\/wp\/v2\/posts\/289\/revisions\/293"}],"wp:attachment":[{"href":"http:\/\/naturalmentecaceres.com\/index.php\/wp-json\/wp\/v2\/media?parent=289"}],"wp:term":[{"taxonomy":"category","embeddable":true,"href":"http:\/\/naturalmentecaceres.com\/index.php\/wp-json\/wp\/v2\/categories?post=289"},{"taxonomy":"post_tag","embeddable":true,"href":"http:\/\/naturalmentecaceres.com\/index.php\/wp-json\/wp\/v2\/tags?post=289"}],"curies":[{"name":"wp","href":"https:\/\/api.w.org\/{rel}","templated":true}]}}