{"id":241,"date":"2020-04-07T07:53:07","date_gmt":"2020-04-07T07:53:07","guid":{"rendered":"http:\/\/naturalmentecaceres.com\/?p=241"},"modified":"2021-07-26T13:09:38","modified_gmt":"2021-07-26T13:09:38","slug":"lirios-amarillos-de-agua-en-la-ribera-del-marco","status":"publish","type":"post","link":"http:\/\/naturalmentecaceres.com\/index.php\/archivos\/241","title":{"rendered":"LIRIOS AMARILLOS DE AGUA EN LA RIBERA DEL MARCO"},"content":{"rendered":"\n<p>El lirio amarillo de agua (<em>Iris pseudacorus<\/em>) es una planta herb\u00e1cea aut\u00f3ctona y perenne que aparece en el margen de cursos de aguas y que podemos encontrar en la Ribera del Marco.<\/p>\n\n\n\n<p>Tiene un gran valor ambiental por el amarillo intenso de sus\npreciosas flores y, al ser poco frecuente en nuestra provincia, las especies\nque est\u00e1n en la Ribera del Marco adquieren mayor importancia.<\/p>\n\n\n\n<p>Debido a la limpieza radical de la Charca del Marco con maquinaria pesada en la primavera de 2012, esta especie desapareci\u00f3 del entorno y esto anim\u00f3 a tratar recuperarlo gracias al proyecto pedag\u00f3gico desarrollado por del docente y bi\u00f3logo Juan Ramos S\u00e1nchez del IES <em>Norba Caesarina<\/em>, fue reintroducido entre 2013 y 2017.<\/p>\n\n\n\n<div class=\"wp-block-image\"><figure class=\"aligncenter size-large\"><img loading=\"lazy\" decoding=\"async\" width=\"1024\" height=\"683\" src=\"http:\/\/naturalmentecaceres.com\/wp-content\/uploads\/2020\/04\/liriosamarillosMarcodetalle-1024x683.jpg\" alt=\"\" class=\"wp-image-244\" srcset=\"http:\/\/naturalmentecaceres.com\/wp-content\/uploads\/2020\/04\/liriosamarillosMarcodetalle-1024x683.jpg 1024w, http:\/\/naturalmentecaceres.com\/wp-content\/uploads\/2020\/04\/liriosamarillosMarcodetalle-300x200.jpg 300w, http:\/\/naturalmentecaceres.com\/wp-content\/uploads\/2020\/04\/liriosamarillosMarcodetalle-768x512.jpg 768w, http:\/\/naturalmentecaceres.com\/wp-content\/uploads\/2020\/04\/liriosamarillosMarcodetalle-1536x1024.jpg 1536w, http:\/\/naturalmentecaceres.com\/wp-content\/uploads\/2020\/04\/liriosamarillosMarcodetalle-2048x1365.jpg 2048w, http:\/\/naturalmentecaceres.com\/wp-content\/uploads\/2020\/04\/liriosamarillosMarcodetalle-405x270.jpg 405w\" sizes=\"auto, (max-width: 1024px) 100vw, 1024px\" \/><\/figure><\/div>\n\n\n\n<p>Tambi\u00e9n se aprovech\u00f3 para reintroducir el lirio azul (<em>Iris germanica<\/em>), el lirio blanco (<em>Iris alba<\/em>) y la onagra (<em>Oenothera biennis<\/em>), especies naturalizadas que contribuyen a embellecer este lugar tan hermoso y visitado.<\/p>\n\n\n\n<p>Seg\u00fan indica Juan Ramos en el proyecto presentado al\nayuntamiento de C\u00e1ceres, la referencia m\u00e1s antigua de la existencia de los\nlirios en el curso de la Ribera del Marco, procede de los estudios del Dr.\nAbilio Rodr\u00edguez Rosillo (recientemente hemos realizado un post sobre \u00e9l que\npuedes leer pulsando <a href=\"http:\/\/naturalmentecaceres.com\/index.php\/archivos\/217\">aqu\u00ed<\/a>),\nen la primavera de 1937 y 1938 en su libro <em>De varia lecci\u00f3n (1969), <\/em>por\nlo que su recuperaci\u00f3n tiene m\u00e1s importancia.<\/p>\n\n\n\n<figure class=\"wp-block-image size-large\"><img loading=\"lazy\" decoding=\"async\" width=\"1024\" height=\"768\" src=\"http:\/\/naturalmentecaceres.com\/wp-content\/uploads\/2020\/04\/liriosamarillosMarco-1024x768.jpg\" alt=\"\" class=\"wp-image-243\" srcset=\"http:\/\/naturalmentecaceres.com\/wp-content\/uploads\/2020\/04\/liriosamarillosMarco-1024x768.jpg 1024w, http:\/\/naturalmentecaceres.com\/wp-content\/uploads\/2020\/04\/liriosamarillosMarco-300x225.jpg 300w, http:\/\/naturalmentecaceres.com\/wp-content\/uploads\/2020\/04\/liriosamarillosMarco-768x576.jpg 768w, http:\/\/naturalmentecaceres.com\/wp-content\/uploads\/2020\/04\/liriosamarillosMarco-1536x1152.jpg 1536w, http:\/\/naturalmentecaceres.com\/wp-content\/uploads\/2020\/04\/liriosamarillosMarco-2048x1536.jpg 2048w, http:\/\/naturalmentecaceres.com\/wp-content\/uploads\/2020\/04\/liriosamarillosMarco-360x270.jpg 360w\" sizes=\"auto, (max-width: 1024px) 100vw, 1024px\" \/><\/figure>\n\n\n\n<p>Finalmente, el proyecto se llev\u00f3 a cabo con el alumnado de\nbachillerato y fue necesario el apoyo del ayuntamiento y la Universidad Popular,\nque cedieron las instalaciones de los viveros del Marco y ayudaron al el\ndesbroce de maleza de la zona de Fuente Fr\u00eda.<\/p>\n\n\n\n<p>Seg\u00fan explica Juan Ramos en un art\u00edculo publicado en el\nperi\u00f3dico de Extremadura en mayo de 2019, \u201cen la actualidad se puede decir que\nel trabajo de recuperaci\u00f3n y reintroducci\u00f3n del lirio amarillo de agua ha\nresultado ser un \u00e9xito de tal manera que las \u00e1reas de la Ribera en las que\nahora crece se pueden considerar estables y con un desarrollo \u00f3ptimo, capaces\nde generar nuevos enclaves de manera aut\u00f3noma mediante la dispersi\u00f3n de\nsemillas o brotes desprendidos arrastrados por la corriente cauce abajo\u201d.<\/p>\n\n\n\n<p>Aunque haya sido reintroducido y el proyecto ha sido un\n\u00e9xito, todav\u00eda queda mucho por hacer porque existe una gran amenaza: son\nplantas muy apreciadas y muchas veces se pueden observar lirios cortados en la\norilla de la Charca del Marco. Tenemos el deber como ciudadanos, de cuidar esta\nespecie tan apreciada en nuestro medio ambiente y debemos evitar este tipo de\nactos. En definitiva, tenemos que cuidar nuestro entorno natural, como es la\nRibera del Marco.<\/p>\n\n\n\n<p>Fuentes:<\/p>\n\n\n\n<ul class=\"wp-block-list\"><li><a href=\"https:\/\/es.wikipedia.org\/wiki\/Iris_pseudacorus\">https:\/\/es.wikipedia.org\/wiki\/Iris_pseudacorus<\/a><\/li><li><a href=\"http:\/\/www.iesnorba.com\/documentos\/documentoseventuales\/LIRIOSDEAGUA_FUENTEFRIA.pdf\">http:\/\/www.iesnorba.com\/documentos\/documentoseventuales\/LIRIOSDEAGUA_FUENTEFRIA.pdf<\/a><\/li><li><a href=\"https:\/\/slideplayer.es\/slide\/159584\/\">https:\/\/slideplayer.es\/slide\/159584\/<\/a><\/li><li><a href=\"https:\/\/www.elperiodicoextremadura.com\/noticias\/caceres\/lirios-agua-ribera-marco_1163021.html\">https:\/\/www.elperiodicoextremadura.com\/noticias\/caceres\/lirios-agua-ribera-marco_1163021.html<\/a><\/li><li><a href=\"http:\/\/caceresnatural.blogspot.com\/2014\/04\/lirios-de-agua-en-el-marco.html\">http:\/\/caceresnatural.blogspot.com\/2014\/04\/lirios-de-agua-en-el-marco.html<\/a><\/li><li><a href=\"http:\/\/blogs.hoy.es\/vivir-con-la-naturaleza\/2019\/03\/24\/lirios-del-agua\/\">http:\/\/blogs.hoy.es\/vivir-con-la-naturaleza\/2019\/03\/24\/lirios-del-agua\/<\/a><\/li><\/ul>\n","protected":false},"excerpt":{"rendered":"<p>El lirio amarillo de agua (Iris pseudacorus) es una planta herb\u00e1cea aut\u00f3ctona y perenne que aparece en el margen de cursos de aguas y que podemos encontrar en la Ribera del Marco. Tiene un gran valor ambiental por el amarillo intenso de sus preciosas flores y, al ser poco frecuente en nuestra provincia, las especies que est\u00e1n en la Ribera del Marco adquieren mayor importancia. Debido a la limpieza radical de la Charca del Marco con maquinaria pesada en la&#8230;<\/p>\n<p class=\"read-more\"><a class=\"btn btn-default\" href=\"http:\/\/naturalmentecaceres.com\/index.php\/archivos\/241\"> Leer m\u00e1s<span class=\"screen-reader-text\">  Leer m\u00e1s<\/span><\/a><\/p>\n","protected":false},"author":1,"featured_media":0,"comment_status":"open","ping_status":"open","sticky":false,"template":"","format":"standard","meta":{"footnotes":""},"categories":[1],"tags":[],"class_list":["post-241","post","type-post","status-publish","format-standard","hentry","category-uncategorized"],"yoast_head":"<!-- This site is optimized with the Yoast SEO plugin v27.5 - https:\/\/yoast.com\/product\/yoast-seo-wordpress\/ -->\r\n<title>LIRIOS AMARILLOS DE AGUA EN LA RIBERA DEL MARCO - NATURALMENTE C\u00c1CERES<\/title>\r\n<meta name=\"robots\" content=\"index, follow, max-snippet:-1, max-image-preview:large, max-video-preview:-1\" \/>\r\n<link rel=\"canonical\" href=\"http:\/\/naturalmentecaceres.com\/index.php\/archivos\/241\" \/>\r\n<meta property=\"og:locale\" content=\"es_ES\" \/>\r\n<meta property=\"og:type\" content=\"article\" \/>\r\n<meta property=\"og:title\" content=\"LIRIOS AMARILLOS DE AGUA EN LA RIBERA DEL MARCO - NATURALMENTE C\u00c1CERES\" \/>\r\n<meta property=\"og:description\" content=\"El lirio amarillo de agua (Iris pseudacorus) es una planta herb\u00e1cea aut\u00f3ctona y perenne que aparece en el margen de cursos de aguas y que podemos encontrar en la Ribera del Marco. Tiene un gran valor ambiental por el amarillo intenso de sus preciosas flores y, al ser poco frecuente en nuestra provincia, las especies que est\u00e1n en la Ribera del Marco adquieren mayor importancia. Debido a la limpieza radical de la Charca del Marco con maquinaria pesada en la... Leer m\u00e1s Leer m\u00e1s\" \/>\r\n<meta property=\"og:url\" content=\"http:\/\/naturalmentecaceres.com\/index.php\/archivos\/241\" \/>\r\n<meta property=\"og:site_name\" content=\"NATURALMENTE C\u00c1CERES\" \/>\r\n<meta property=\"article:published_time\" content=\"2020-04-07T07:53:07+00:00\" \/>\r\n<meta property=\"article:modified_time\" content=\"2021-07-26T13:09:38+00:00\" \/>\r\n<meta property=\"og:image\" content=\"http:\/\/naturalmentecaceres.com\/wp-content\/uploads\/2020\/04\/liriosamarillosMarcodetalle-1024x683.jpg\" \/>\r\n<meta name=\"author\" content=\"Talher\" \/>\r\n<meta name=\"twitter:card\" content=\"summary_large_image\" \/>\r\n<meta name=\"twitter:creator\" content=\"@naturalmentecc\" \/>\r\n<meta name=\"twitter:site\" content=\"@naturalmentecc\" \/>\r\n<meta name=\"twitter:label1\" content=\"Escrito por\" \/>\n\t<meta name=\"twitter:data1\" content=\"Talher\" \/>\n\t<meta name=\"twitter:label2\" content=\"Tiempo de lectura\" \/>\n\t<meta name=\"twitter:data2\" content=\"2 minutos\" \/>\r\n<script type=\"application\/ld+json\" class=\"yoast-schema-graph\">{\"@context\":\"https:\\\/\\\/schema.org\",\"@graph\":[{\"@type\":\"Article\",\"@id\":\"http:\\\/\\\/naturalmentecaceres.com\\\/index.php\\\/archivos\\\/241#article\",\"isPartOf\":{\"@id\":\"http:\\\/\\\/naturalmentecaceres.com\\\/index.php\\\/archivos\\\/241\"},\"author\":{\"name\":\"Talher\",\"@id\":\"http:\\\/\\\/naturalmentecaceres.com\\\/#\\\/schema\\\/person\\\/14e51e6f1f5cc38d27627ad8a8c14340\"},\"headline\":\"LIRIOS AMARILLOS DE AGUA EN LA RIBERA DEL MARCO\",\"datePublished\":\"2020-04-07T07:53:07+00:00\",\"dateModified\":\"2021-07-26T13:09:38+00:00\",\"mainEntityOfPage\":{\"@id\":\"http:\\\/\\\/naturalmentecaceres.com\\\/index.php\\\/archivos\\\/241\"},\"wordCount\":495,\"commentCount\":0,\"publisher\":{\"@id\":\"http:\\\/\\\/naturalmentecaceres.com\\\/#organization\"},\"image\":{\"@id\":\"http:\\\/\\\/naturalmentecaceres.com\\\/index.php\\\/archivos\\\/241#primaryimage\"},\"thumbnailUrl\":\"http:\\\/\\\/naturalmentecaceres.com\\\/wp-content\\\/uploads\\\/2020\\\/04\\\/liriosamarillosMarcodetalle-1024x683.jpg\",\"articleSection\":[\"Educaci\u00f3n ambiental\"],\"inLanguage\":\"es\",\"potentialAction\":[{\"@type\":\"CommentAction\",\"name\":\"Comment\",\"target\":[\"http:\\\/\\\/naturalmentecaceres.com\\\/index.php\\\/archivos\\\/241#respond\"]}]},{\"@type\":\"WebPage\",\"@id\":\"http:\\\/\\\/naturalmentecaceres.com\\\/index.php\\\/archivos\\\/241\",\"url\":\"http:\\\/\\\/naturalmentecaceres.com\\\/index.php\\\/archivos\\\/241\",\"name\":\"LIRIOS AMARILLOS DE AGUA EN LA RIBERA DEL MARCO - NATURALMENTE C\u00c1CERES\",\"isPartOf\":{\"@id\":\"http:\\\/\\\/naturalmentecaceres.com\\\/#website\"},\"primaryImageOfPage\":{\"@id\":\"http:\\\/\\\/naturalmentecaceres.com\\\/index.php\\\/archivos\\\/241#primaryimage\"},\"image\":{\"@id\":\"http:\\\/\\\/naturalmentecaceres.com\\\/index.php\\\/archivos\\\/241#primaryimage\"},\"thumbnailUrl\":\"http:\\\/\\\/naturalmentecaceres.com\\\/wp-content\\\/uploads\\\/2020\\\/04\\\/liriosamarillosMarcodetalle-1024x683.jpg\",\"datePublished\":\"2020-04-07T07:53:07+00:00\",\"dateModified\":\"2021-07-26T13:09:38+00:00\",\"breadcrumb\":{\"@id\":\"http:\\\/\\\/naturalmentecaceres.com\\\/index.php\\\/archivos\\\/241#breadcrumb\"},\"inLanguage\":\"es\",\"potentialAction\":[{\"@type\":\"ReadAction\",\"target\":[\"http:\\\/\\\/naturalmentecaceres.com\\\/index.php\\\/archivos\\\/241\"]}]},{\"@type\":\"ImageObject\",\"inLanguage\":\"es\",\"@id\":\"http:\\\/\\\/naturalmentecaceres.com\\\/index.php\\\/archivos\\\/241#primaryimage\",\"url\":\"http:\\\/\\\/naturalmentecaceres.com\\\/wp-content\\\/uploads\\\/2020\\\/04\\\/liriosamarillosMarcodetalle-1024x683.jpg\",\"contentUrl\":\"http:\\\/\\\/naturalmentecaceres.com\\\/wp-content\\\/uploads\\\/2020\\\/04\\\/liriosamarillosMarcodetalle-1024x683.jpg\"},{\"@type\":\"BreadcrumbList\",\"@id\":\"http:\\\/\\\/naturalmentecaceres.com\\\/index.php\\\/archivos\\\/241#breadcrumb\",\"itemListElement\":[{\"@type\":\"ListItem\",\"position\":1,\"name\":\"Portada\",\"item\":\"http:\\\/\\\/naturalmentecaceres.com\\\/\"},{\"@type\":\"ListItem\",\"position\":2,\"name\":\"LIRIOS AMARILLOS DE AGUA EN LA RIBERA DEL MARCO\"}]},{\"@type\":\"WebSite\",\"@id\":\"http:\\\/\\\/naturalmentecaceres.com\\\/#website\",\"url\":\"http:\\\/\\\/naturalmentecaceres.com\\\/\",\"name\":\"NATURALMENTE C\u00c1CERES\",\"description\":\"Web del proyecto de educaci\u00f3n ambiental gestionado por Talher en C\u00e1ceres\",\"publisher\":{\"@id\":\"http:\\\/\\\/naturalmentecaceres.com\\\/#organization\"},\"potentialAction\":[{\"@type\":\"SearchAction\",\"target\":{\"@type\":\"EntryPoint\",\"urlTemplate\":\"http:\\\/\\\/naturalmentecaceres.com\\\/?s={search_term_string}\"},\"query-input\":{\"@type\":\"PropertyValueSpecification\",\"valueRequired\":true,\"valueName\":\"search_term_string\"}}],\"inLanguage\":\"es\"},{\"@type\":\"Organization\",\"@id\":\"http:\\\/\\\/naturalmentecaceres.com\\\/#organization\",\"name\":\"NATURALMENTE C\u00c1CERES\",\"url\":\"http:\\\/\\\/naturalmentecaceres.com\\\/\",\"logo\":{\"@type\":\"ImageObject\",\"inLanguage\":\"es\",\"@id\":\"http:\\\/\\\/naturalmentecaceres.com\\\/#\\\/schema\\\/logo\\\/image\\\/\",\"url\":\"http:\\\/\\\/naturalmentecaceres.com\\\/wp-content\\\/uploads\\\/2023\\\/02\\\/naturalmente.jpg\",\"contentUrl\":\"http:\\\/\\\/naturalmentecaceres.com\\\/wp-content\\\/uploads\\\/2023\\\/02\\\/naturalmente.jpg\",\"width\":1300,\"height\":1237,\"caption\":\"NATURALMENTE C\u00c1CERES\"},\"image\":{\"@id\":\"http:\\\/\\\/naturalmentecaceres.com\\\/#\\\/schema\\\/logo\\\/image\\\/\"},\"sameAs\":[\"https:\\\/\\\/x.com\\\/naturalmentecc\",\"https:\\\/\\\/www.instagram.com\\\/naturalmentecaceres\\\/\"]},{\"@type\":\"Person\",\"@id\":\"http:\\\/\\\/naturalmentecaceres.com\\\/#\\\/schema\\\/person\\\/14e51e6f1f5cc38d27627ad8a8c14340\",\"name\":\"Talher\",\"image\":{\"@type\":\"ImageObject\",\"inLanguage\":\"es\",\"@id\":\"https:\\\/\\\/secure.gravatar.com\\\/avatar\\\/129d2825c3c915f0d6bae5b93b934c74574bbe9aa2bac86aea3884599040250e?s=96&d=mm&r=g\",\"url\":\"https:\\\/\\\/secure.gravatar.com\\\/avatar\\\/129d2825c3c915f0d6bae5b93b934c74574bbe9aa2bac86aea3884599040250e?s=96&d=mm&r=g\",\"contentUrl\":\"https:\\\/\\\/secure.gravatar.com\\\/avatar\\\/129d2825c3c915f0d6bae5b93b934c74574bbe9aa2bac86aea3884599040250e?s=96&d=mm&r=g\",\"caption\":\"Talher\"},\"url\":\"http:\\\/\\\/naturalmentecaceres.com\\\/index.php\\\/archivos\\\/author\\\/talher\"}]}<\/script>\r\n<!-- \/ Yoast SEO plugin. -->","yoast_head_json":{"title":"LIRIOS AMARILLOS DE AGUA EN LA RIBERA DEL MARCO - NATURALMENTE C\u00c1CERES","robots":{"index":"index","follow":"follow","max-snippet":"max-snippet:-1","max-image-preview":"max-image-preview:large","max-video-preview":"max-video-preview:-1"},"canonical":"http:\/\/naturalmentecaceres.com\/index.php\/archivos\/241","og_locale":"es_ES","og_type":"article","og_title":"LIRIOS AMARILLOS DE AGUA EN LA RIBERA DEL MARCO - NATURALMENTE C\u00c1CERES","og_description":"El lirio amarillo de agua (Iris pseudacorus) es una planta herb\u00e1cea aut\u00f3ctona y perenne que aparece en el margen de cursos de aguas y que podemos encontrar en la Ribera del Marco. Tiene un gran valor ambiental por el amarillo intenso de sus preciosas flores y, al ser poco frecuente en nuestra provincia, las especies que est\u00e1n en la Ribera del Marco adquieren mayor importancia. Debido a la limpieza radical de la Charca del Marco con maquinaria pesada en la... Leer m\u00e1s Leer m\u00e1s","og_url":"http:\/\/naturalmentecaceres.com\/index.php\/archivos\/241","og_site_name":"NATURALMENTE C\u00c1CERES","article_published_time":"2020-04-07T07:53:07+00:00","article_modified_time":"2021-07-26T13:09:38+00:00","og_image":[{"url":"http:\/\/naturalmentecaceres.com\/wp-content\/uploads\/2020\/04\/liriosamarillosMarcodetalle-1024x683.jpg","type":"","width":"","height":""}],"author":"Talher","twitter_card":"summary_large_image","twitter_creator":"@naturalmentecc","twitter_site":"@naturalmentecc","twitter_misc":{"Escrito por":"Talher","Tiempo de lectura":"2 minutos"},"schema":{"@context":"https:\/\/schema.org","@graph":[{"@type":"Article","@id":"http:\/\/naturalmentecaceres.com\/index.php\/archivos\/241#article","isPartOf":{"@id":"http:\/\/naturalmentecaceres.com\/index.php\/archivos\/241"},"author":{"name":"Talher","@id":"http:\/\/naturalmentecaceres.com\/#\/schema\/person\/14e51e6f1f5cc38d27627ad8a8c14340"},"headline":"LIRIOS AMARILLOS DE AGUA EN LA RIBERA DEL MARCO","datePublished":"2020-04-07T07:53:07+00:00","dateModified":"2021-07-26T13:09:38+00:00","mainEntityOfPage":{"@id":"http:\/\/naturalmentecaceres.com\/index.php\/archivos\/241"},"wordCount":495,"commentCount":0,"publisher":{"@id":"http:\/\/naturalmentecaceres.com\/#organization"},"image":{"@id":"http:\/\/naturalmentecaceres.com\/index.php\/archivos\/241#primaryimage"},"thumbnailUrl":"http:\/\/naturalmentecaceres.com\/wp-content\/uploads\/2020\/04\/liriosamarillosMarcodetalle-1024x683.jpg","articleSection":["Educaci\u00f3n ambiental"],"inLanguage":"es","potentialAction":[{"@type":"CommentAction","name":"Comment","target":["http:\/\/naturalmentecaceres.com\/index.php\/archivos\/241#respond"]}]},{"@type":"WebPage","@id":"http:\/\/naturalmentecaceres.com\/index.php\/archivos\/241","url":"http:\/\/naturalmentecaceres.com\/index.php\/archivos\/241","name":"LIRIOS AMARILLOS DE AGUA EN LA RIBERA DEL MARCO - NATURALMENTE C\u00c1CERES","isPartOf":{"@id":"http:\/\/naturalmentecaceres.com\/#website"},"primaryImageOfPage":{"@id":"http:\/\/naturalmentecaceres.com\/index.php\/archivos\/241#primaryimage"},"image":{"@id":"http:\/\/naturalmentecaceres.com\/index.php\/archivos\/241#primaryimage"},"thumbnailUrl":"http:\/\/naturalmentecaceres.com\/wp-content\/uploads\/2020\/04\/liriosamarillosMarcodetalle-1024x683.jpg","datePublished":"2020-04-07T07:53:07+00:00","dateModified":"2021-07-26T13:09:38+00:00","breadcrumb":{"@id":"http:\/\/naturalmentecaceres.com\/index.php\/archivos\/241#breadcrumb"},"inLanguage":"es","potentialAction":[{"@type":"ReadAction","target":["http:\/\/naturalmentecaceres.com\/index.php\/archivos\/241"]}]},{"@type":"ImageObject","inLanguage":"es","@id":"http:\/\/naturalmentecaceres.com\/index.php\/archivos\/241#primaryimage","url":"http:\/\/naturalmentecaceres.com\/wp-content\/uploads\/2020\/04\/liriosamarillosMarcodetalle-1024x683.jpg","contentUrl":"http:\/\/naturalmentecaceres.com\/wp-content\/uploads\/2020\/04\/liriosamarillosMarcodetalle-1024x683.jpg"},{"@type":"BreadcrumbList","@id":"http:\/\/naturalmentecaceres.com\/index.php\/archivos\/241#breadcrumb","itemListElement":[{"@type":"ListItem","position":1,"name":"Portada","item":"http:\/\/naturalmentecaceres.com\/"},{"@type":"ListItem","position":2,"name":"LIRIOS AMARILLOS DE AGUA EN LA RIBERA DEL MARCO"}]},{"@type":"WebSite","@id":"http:\/\/naturalmentecaceres.com\/#website","url":"http:\/\/naturalmentecaceres.com\/","name":"NATURALMENTE C\u00c1CERES","description":"Web del proyecto de educaci\u00f3n ambiental gestionado por Talher en C\u00e1ceres","publisher":{"@id":"http:\/\/naturalmentecaceres.com\/#organization"},"potentialAction":[{"@type":"SearchAction","target":{"@type":"EntryPoint","urlTemplate":"http:\/\/naturalmentecaceres.com\/?s={search_term_string}"},"query-input":{"@type":"PropertyValueSpecification","valueRequired":true,"valueName":"search_term_string"}}],"inLanguage":"es"},{"@type":"Organization","@id":"http:\/\/naturalmentecaceres.com\/#organization","name":"NATURALMENTE C\u00c1CERES","url":"http:\/\/naturalmentecaceres.com\/","logo":{"@type":"ImageObject","inLanguage":"es","@id":"http:\/\/naturalmentecaceres.com\/#\/schema\/logo\/image\/","url":"http:\/\/naturalmentecaceres.com\/wp-content\/uploads\/2023\/02\/naturalmente.jpg","contentUrl":"http:\/\/naturalmentecaceres.com\/wp-content\/uploads\/2023\/02\/naturalmente.jpg","width":1300,"height":1237,"caption":"NATURALMENTE C\u00c1CERES"},"image":{"@id":"http:\/\/naturalmentecaceres.com\/#\/schema\/logo\/image\/"},"sameAs":["https:\/\/x.com\/naturalmentecc","https:\/\/www.instagram.com\/naturalmentecaceres\/"]},{"@type":"Person","@id":"http:\/\/naturalmentecaceres.com\/#\/schema\/person\/14e51e6f1f5cc38d27627ad8a8c14340","name":"Talher","image":{"@type":"ImageObject","inLanguage":"es","@id":"https:\/\/secure.gravatar.com\/avatar\/129d2825c3c915f0d6bae5b93b934c74574bbe9aa2bac86aea3884599040250e?s=96&d=mm&r=g","url":"https:\/\/secure.gravatar.com\/avatar\/129d2825c3c915f0d6bae5b93b934c74574bbe9aa2bac86aea3884599040250e?s=96&d=mm&r=g","contentUrl":"https:\/\/secure.gravatar.com\/avatar\/129d2825c3c915f0d6bae5b93b934c74574bbe9aa2bac86aea3884599040250e?s=96&d=mm&r=g","caption":"Talher"},"url":"http:\/\/naturalmentecaceres.com\/index.php\/archivos\/author\/talher"}]}},"_links":{"self":[{"href":"http:\/\/naturalmentecaceres.com\/index.php\/wp-json\/wp\/v2\/posts\/241","targetHints":{"allow":["GET"]}}],"collection":[{"href":"http:\/\/naturalmentecaceres.com\/index.php\/wp-json\/wp\/v2\/posts"}],"about":[{"href":"http:\/\/naturalmentecaceres.com\/index.php\/wp-json\/wp\/v2\/types\/post"}],"author":[{"embeddable":true,"href":"http:\/\/naturalmentecaceres.com\/index.php\/wp-json\/wp\/v2\/users\/1"}],"replies":[{"embeddable":true,"href":"http:\/\/naturalmentecaceres.com\/index.php\/wp-json\/wp\/v2\/comments?post=241"}],"version-history":[{"count":3,"href":"http:\/\/naturalmentecaceres.com\/index.php\/wp-json\/wp\/v2\/posts\/241\/revisions"}],"predecessor-version":[{"id":246,"href":"http:\/\/naturalmentecaceres.com\/index.php\/wp-json\/wp\/v2\/posts\/241\/revisions\/246"}],"wp:attachment":[{"href":"http:\/\/naturalmentecaceres.com\/index.php\/wp-json\/wp\/v2\/media?parent=241"}],"wp:term":[{"taxonomy":"category","embeddable":true,"href":"http:\/\/naturalmentecaceres.com\/index.php\/wp-json\/wp\/v2\/categories?post=241"},{"taxonomy":"post_tag","embeddable":true,"href":"http:\/\/naturalmentecaceres.com\/index.php\/wp-json\/wp\/v2\/tags?post=241"}],"curies":[{"name":"wp","href":"https:\/\/api.w.org\/{rel}","templated":true}]}}