{"id":1356,"date":"2023-04-28T11:06:42","date_gmt":"2023-04-28T09:06:42","guid":{"rendered":"http:\/\/naturalmentecaceres.com\/?p=1356"},"modified":"2023-04-28T11:06:44","modified_gmt":"2023-04-28T09:06:44","slug":"cambio-de-horario-itinerario-parque-padre-pacifico-y-cabezarrubia","status":"publish","type":"post","link":"http:\/\/naturalmentecaceres.com\/index.php\/archivos\/1356","title":{"rendered":"CAMBIO DE HORARIO ITINERARIO PARQUE PADRE PAC\u00cdFICO Y CABEZARRUBIA"},"content":{"rendered":"\n<p>Ante las temperaturas inusuales que estamos viviendo estos d\u00edas, anunciamos que el itinerario guiado por el parque Padre Pac\u00edfico y Cabezarrubia de hoy, viernes 28 de abril, se retrasa su horario y se desarrollar\u00e1 de 18 a 19:30 horas.<\/p>\n\n\n\n<p><em>S\u00edguenos en nuestras redes sociales en Twitter (<a href=\"https:\/\/twitter.com\/naturalmentecc\">@naturalmentecc<\/a>) e Instagram (<a href=\"https:\/\/www.instagram.com\/naturalmentecaceres\/\">@naturalmentecaceres<\/a>)<\/em><\/p>\n\n\n<div class=\"wp-block-image\">\n<figure class=\"aligncenter size-medium is-resized\"><img loading=\"lazy\" decoding=\"async\" src=\"http:\/\/naturalmentecaceres.com\/wp-content\/uploads\/2023\/04\/Padre-pacifico-2-300x300.png\" alt=\"Cambio horario actividad naturalmente c\u00e1ceres\" class=\"wp-image-1357\" width=\"463\" height=\"463\" srcset=\"http:\/\/naturalmentecaceres.com\/wp-content\/uploads\/2023\/04\/Padre-pacifico-2-300x300.png 300w, http:\/\/naturalmentecaceres.com\/wp-content\/uploads\/2023\/04\/Padre-pacifico-2-1024x1024.png 1024w, http:\/\/naturalmentecaceres.com\/wp-content\/uploads\/2023\/04\/Padre-pacifico-2-150x150.png 150w, http:\/\/naturalmentecaceres.com\/wp-content\/uploads\/2023\/04\/Padre-pacifico-2-768x768.png 768w, http:\/\/naturalmentecaceres.com\/wp-content\/uploads\/2023\/04\/Padre-pacifico-2-270x270.png 270w, http:\/\/naturalmentecaceres.com\/wp-content\/uploads\/2023\/04\/Padre-pacifico-2.png 1080w\" sizes=\"auto, (max-width: 463px) 100vw, 463px\" \/><\/figure>\n<\/div>","protected":false},"excerpt":{"rendered":"<p>Ante las temperaturas inusuales que estamos viviendo estos d\u00edas, anunciamos que el itinerario guiado por el parque Padre Pac\u00edfico y Cabezarrubia de hoy, viernes 28 de abril, se retrasa su horario y se desarrollar\u00e1 de 18 a 19:30 horas. S\u00edguenos en nuestras redes sociales en Twitter (@naturalmentecc) e Instagram (@naturalmentecaceres)<\/p>\n","protected":false},"author":1,"featured_media":0,"comment_status":"open","ping_status":"open","sticky":false,"template":"","format":"standard","meta":{"footnotes":""},"categories":[1],"tags":[],"class_list":["post-1356","post","type-post","status-publish","format-standard","hentry","category-uncategorized"],"yoast_head":"<!-- This site is optimized with the Yoast SEO plugin v27.5 - https:\/\/yoast.com\/product\/yoast-seo-wordpress\/ -->\r\n<title>CAMBIO DE HORARIO ITINERARIO PARQUE PADRE PAC\u00cdFICO Y CABEZARRUBIA - NATURALMENTE C\u00c1CERES<\/title>\r\n<meta name=\"robots\" content=\"index, follow, max-snippet:-1, max-image-preview:large, max-video-preview:-1\" \/>\r\n<link rel=\"canonical\" href=\"http:\/\/naturalmentecaceres.com\/index.php\/archivos\/1356\" \/>\r\n<meta property=\"og:locale\" content=\"es_ES\" \/>\r\n<meta property=\"og:type\" content=\"article\" \/>\r\n<meta property=\"og:title\" content=\"CAMBIO DE HORARIO ITINERARIO PARQUE PADRE PAC\u00cdFICO Y CABEZARRUBIA - NATURALMENTE C\u00c1CERES\" \/>\r\n<meta property=\"og:description\" content=\"Ante las temperaturas inusuales que estamos viviendo estos d\u00edas, anunciamos que el itinerario guiado por el parque Padre Pac\u00edfico y Cabezarrubia de hoy, viernes 28 de abril, se retrasa su horario y se desarrollar\u00e1 de 18 a 19:30 horas. S\u00edguenos en nuestras redes sociales en Twitter (@naturalmentecc) e Instagram (@naturalmentecaceres)\" \/>\r\n<meta property=\"og:url\" content=\"http:\/\/naturalmentecaceres.com\/index.php\/archivos\/1356\" \/>\r\n<meta property=\"og:site_name\" content=\"NATURALMENTE C\u00c1CERES\" \/>\r\n<meta property=\"article:published_time\" content=\"2023-04-28T09:06:42+00:00\" \/>\r\n<meta property=\"article:modified_time\" content=\"2023-04-28T09:06:44+00:00\" \/>\r\n<meta property=\"og:image\" content=\"http:\/\/naturalmentecaceres.com\/wp-content\/uploads\/2023\/04\/Padre-pacifico-2-300x300.png\" \/>\r\n<meta name=\"author\" content=\"Talher\" \/>\r\n<meta name=\"twitter:card\" content=\"summary_large_image\" \/>\r\n<meta name=\"twitter:creator\" content=\"@naturalmentecc\" \/>\r\n<meta name=\"twitter:site\" content=\"@naturalmentecc\" \/>\r\n<meta name=\"twitter:label1\" content=\"Escrito por\" \/>\n\t<meta name=\"twitter:data1\" content=\"Talher\" \/>\n\t<meta name=\"twitter:label2\" content=\"Tiempo de lectura\" \/>\n\t<meta name=\"twitter:data2\" content=\"1 minuto\" \/>\r\n<script type=\"application\/ld+json\" class=\"yoast-schema-graph\">{\"@context\":\"https:\\\/\\\/schema.org\",\"@graph\":[{\"@type\":\"Article\",\"@id\":\"http:\\\/\\\/naturalmentecaceres.com\\\/index.php\\\/archivos\\\/1356#article\",\"isPartOf\":{\"@id\":\"http:\\\/\\\/naturalmentecaceres.com\\\/index.php\\\/archivos\\\/1356\"},\"author\":{\"name\":\"Talher\",\"@id\":\"http:\\\/\\\/naturalmentecaceres.com\\\/#\\\/schema\\\/person\\\/14e51e6f1f5cc38d27627ad8a8c14340\"},\"headline\":\"CAMBIO DE HORARIO ITINERARIO PARQUE PADRE PAC\u00cdFICO Y CABEZARRUBIA\",\"datePublished\":\"2023-04-28T09:06:42+00:00\",\"dateModified\":\"2023-04-28T09:06:44+00:00\",\"mainEntityOfPage\":{\"@id\":\"http:\\\/\\\/naturalmentecaceres.com\\\/index.php\\\/archivos\\\/1356\"},\"wordCount\":60,\"commentCount\":0,\"publisher\":{\"@id\":\"http:\\\/\\\/naturalmentecaceres.com\\\/#organization\"},\"image\":{\"@id\":\"http:\\\/\\\/naturalmentecaceres.com\\\/index.php\\\/archivos\\\/1356#primaryimage\"},\"thumbnailUrl\":\"http:\\\/\\\/naturalmentecaceres.com\\\/wp-content\\\/uploads\\\/2023\\\/04\\\/Padre-pacifico-2-300x300.png\",\"articleSection\":[\"Educaci\u00f3n ambiental\"],\"inLanguage\":\"es\",\"potentialAction\":[{\"@type\":\"CommentAction\",\"name\":\"Comment\",\"target\":[\"http:\\\/\\\/naturalmentecaceres.com\\\/index.php\\\/archivos\\\/1356#respond\"]}]},{\"@type\":\"WebPage\",\"@id\":\"http:\\\/\\\/naturalmentecaceres.com\\\/index.php\\\/archivos\\\/1356\",\"url\":\"http:\\\/\\\/naturalmentecaceres.com\\\/index.php\\\/archivos\\\/1356\",\"name\":\"CAMBIO DE HORARIO ITINERARIO PARQUE PADRE PAC\u00cdFICO Y CABEZARRUBIA - NATURALMENTE C\u00c1CERES\",\"isPartOf\":{\"@id\":\"http:\\\/\\\/naturalmentecaceres.com\\\/#website\"},\"primaryImageOfPage\":{\"@id\":\"http:\\\/\\\/naturalmentecaceres.com\\\/index.php\\\/archivos\\\/1356#primaryimage\"},\"image\":{\"@id\":\"http:\\\/\\\/naturalmentecaceres.com\\\/index.php\\\/archivos\\\/1356#primaryimage\"},\"thumbnailUrl\":\"http:\\\/\\\/naturalmentecaceres.com\\\/wp-content\\\/uploads\\\/2023\\\/04\\\/Padre-pacifico-2-300x300.png\",\"datePublished\":\"2023-04-28T09:06:42+00:00\",\"dateModified\":\"2023-04-28T09:06:44+00:00\",\"breadcrumb\":{\"@id\":\"http:\\\/\\\/naturalmentecaceres.com\\\/index.php\\\/archivos\\\/1356#breadcrumb\"},\"inLanguage\":\"es\",\"potentialAction\":[{\"@type\":\"ReadAction\",\"target\":[\"http:\\\/\\\/naturalmentecaceres.com\\\/index.php\\\/archivos\\\/1356\"]}]},{\"@type\":\"ImageObject\",\"inLanguage\":\"es\",\"@id\":\"http:\\\/\\\/naturalmentecaceres.com\\\/index.php\\\/archivos\\\/1356#primaryimage\",\"url\":\"http:\\\/\\\/naturalmentecaceres.com\\\/wp-content\\\/uploads\\\/2023\\\/04\\\/Padre-pacifico-2.png\",\"contentUrl\":\"http:\\\/\\\/naturalmentecaceres.com\\\/wp-content\\\/uploads\\\/2023\\\/04\\\/Padre-pacifico-2.png\",\"width\":1080,\"height\":1080},{\"@type\":\"BreadcrumbList\",\"@id\":\"http:\\\/\\\/naturalmentecaceres.com\\\/index.php\\\/archivos\\\/1356#breadcrumb\",\"itemListElement\":[{\"@type\":\"ListItem\",\"position\":1,\"name\":\"Portada\",\"item\":\"http:\\\/\\\/naturalmentecaceres.com\\\/\"},{\"@type\":\"ListItem\",\"position\":2,\"name\":\"CAMBIO DE HORARIO ITINERARIO PARQUE PADRE PAC\u00cdFICO Y CABEZARRUBIA\"}]},{\"@type\":\"WebSite\",\"@id\":\"http:\\\/\\\/naturalmentecaceres.com\\\/#website\",\"url\":\"http:\\\/\\\/naturalmentecaceres.com\\\/\",\"name\":\"NATURALMENTE C\u00c1CERES\",\"description\":\"Web del proyecto de educaci\u00f3n ambiental gestionado por Talher en C\u00e1ceres\",\"publisher\":{\"@id\":\"http:\\\/\\\/naturalmentecaceres.com\\\/#organization\"},\"potentialAction\":[{\"@type\":\"SearchAction\",\"target\":{\"@type\":\"EntryPoint\",\"urlTemplate\":\"http:\\\/\\\/naturalmentecaceres.com\\\/?s={search_term_string}\"},\"query-input\":{\"@type\":\"PropertyValueSpecification\",\"valueRequired\":true,\"valueName\":\"search_term_string\"}}],\"inLanguage\":\"es\"},{\"@type\":\"Organization\",\"@id\":\"http:\\\/\\\/naturalmentecaceres.com\\\/#organization\",\"name\":\"NATURALMENTE C\u00c1CERES\",\"url\":\"http:\\\/\\\/naturalmentecaceres.com\\\/\",\"logo\":{\"@type\":\"ImageObject\",\"inLanguage\":\"es\",\"@id\":\"http:\\\/\\\/naturalmentecaceres.com\\\/#\\\/schema\\\/logo\\\/image\\\/\",\"url\":\"http:\\\/\\\/naturalmentecaceres.com\\\/wp-content\\\/uploads\\\/2023\\\/02\\\/naturalmente.jpg\",\"contentUrl\":\"http:\\\/\\\/naturalmentecaceres.com\\\/wp-content\\\/uploads\\\/2023\\\/02\\\/naturalmente.jpg\",\"width\":1300,\"height\":1237,\"caption\":\"NATURALMENTE C\u00c1CERES\"},\"image\":{\"@id\":\"http:\\\/\\\/naturalmentecaceres.com\\\/#\\\/schema\\\/logo\\\/image\\\/\"},\"sameAs\":[\"https:\\\/\\\/x.com\\\/naturalmentecc\",\"https:\\\/\\\/www.instagram.com\\\/naturalmentecaceres\\\/\"]},{\"@type\":\"Person\",\"@id\":\"http:\\\/\\\/naturalmentecaceres.com\\\/#\\\/schema\\\/person\\\/14e51e6f1f5cc38d27627ad8a8c14340\",\"name\":\"Talher\",\"image\":{\"@type\":\"ImageObject\",\"inLanguage\":\"es\",\"@id\":\"https:\\\/\\\/secure.gravatar.com\\\/avatar\\\/129d2825c3c915f0d6bae5b93b934c74574bbe9aa2bac86aea3884599040250e?s=96&d=mm&r=g\",\"url\":\"https:\\\/\\\/secure.gravatar.com\\\/avatar\\\/129d2825c3c915f0d6bae5b93b934c74574bbe9aa2bac86aea3884599040250e?s=96&d=mm&r=g\",\"contentUrl\":\"https:\\\/\\\/secure.gravatar.com\\\/avatar\\\/129d2825c3c915f0d6bae5b93b934c74574bbe9aa2bac86aea3884599040250e?s=96&d=mm&r=g\",\"caption\":\"Talher\"},\"url\":\"http:\\\/\\\/naturalmentecaceres.com\\\/index.php\\\/archivos\\\/author\\\/talher\"}]}<\/script>\r\n<!-- \/ Yoast SEO plugin. -->","yoast_head_json":{"title":"CAMBIO DE HORARIO ITINERARIO PARQUE PADRE PAC\u00cdFICO Y CABEZARRUBIA - NATURALMENTE C\u00c1CERES","robots":{"index":"index","follow":"follow","max-snippet":"max-snippet:-1","max-image-preview":"max-image-preview:large","max-video-preview":"max-video-preview:-1"},"canonical":"http:\/\/naturalmentecaceres.com\/index.php\/archivos\/1356","og_locale":"es_ES","og_type":"article","og_title":"CAMBIO DE HORARIO ITINERARIO PARQUE PADRE PAC\u00cdFICO Y CABEZARRUBIA - NATURALMENTE C\u00c1CERES","og_description":"Ante las temperaturas inusuales que estamos viviendo estos d\u00edas, anunciamos que el itinerario guiado por el parque Padre Pac\u00edfico y Cabezarrubia de hoy, viernes 28 de abril, se retrasa su horario y se desarrollar\u00e1 de 18 a 19:30 horas. S\u00edguenos en nuestras redes sociales en Twitter (@naturalmentecc) e Instagram (@naturalmentecaceres)","og_url":"http:\/\/naturalmentecaceres.com\/index.php\/archivos\/1356","og_site_name":"NATURALMENTE C\u00c1CERES","article_published_time":"2023-04-28T09:06:42+00:00","article_modified_time":"2023-04-28T09:06:44+00:00","og_image":[{"url":"http:\/\/naturalmentecaceres.com\/wp-content\/uploads\/2023\/04\/Padre-pacifico-2-300x300.png","type":"","width":"","height":""}],"author":"Talher","twitter_card":"summary_large_image","twitter_creator":"@naturalmentecc","twitter_site":"@naturalmentecc","twitter_misc":{"Escrito por":"Talher","Tiempo de lectura":"1 minuto"},"schema":{"@context":"https:\/\/schema.org","@graph":[{"@type":"Article","@id":"http:\/\/naturalmentecaceres.com\/index.php\/archivos\/1356#article","isPartOf":{"@id":"http:\/\/naturalmentecaceres.com\/index.php\/archivos\/1356"},"author":{"name":"Talher","@id":"http:\/\/naturalmentecaceres.com\/#\/schema\/person\/14e51e6f1f5cc38d27627ad8a8c14340"},"headline":"CAMBIO DE HORARIO ITINERARIO PARQUE PADRE PAC\u00cdFICO Y CABEZARRUBIA","datePublished":"2023-04-28T09:06:42+00:00","dateModified":"2023-04-28T09:06:44+00:00","mainEntityOfPage":{"@id":"http:\/\/naturalmentecaceres.com\/index.php\/archivos\/1356"},"wordCount":60,"commentCount":0,"publisher":{"@id":"http:\/\/naturalmentecaceres.com\/#organization"},"image":{"@id":"http:\/\/naturalmentecaceres.com\/index.php\/archivos\/1356#primaryimage"},"thumbnailUrl":"http:\/\/naturalmentecaceres.com\/wp-content\/uploads\/2023\/04\/Padre-pacifico-2-300x300.png","articleSection":["Educaci\u00f3n ambiental"],"inLanguage":"es","potentialAction":[{"@type":"CommentAction","name":"Comment","target":["http:\/\/naturalmentecaceres.com\/index.php\/archivos\/1356#respond"]}]},{"@type":"WebPage","@id":"http:\/\/naturalmentecaceres.com\/index.php\/archivos\/1356","url":"http:\/\/naturalmentecaceres.com\/index.php\/archivos\/1356","name":"CAMBIO DE HORARIO ITINERARIO PARQUE PADRE PAC\u00cdFICO Y CABEZARRUBIA - NATURALMENTE C\u00c1CERES","isPartOf":{"@id":"http:\/\/naturalmentecaceres.com\/#website"},"primaryImageOfPage":{"@id":"http:\/\/naturalmentecaceres.com\/index.php\/archivos\/1356#primaryimage"},"image":{"@id":"http:\/\/naturalmentecaceres.com\/index.php\/archivos\/1356#primaryimage"},"thumbnailUrl":"http:\/\/naturalmentecaceres.com\/wp-content\/uploads\/2023\/04\/Padre-pacifico-2-300x300.png","datePublished":"2023-04-28T09:06:42+00:00","dateModified":"2023-04-28T09:06:44+00:00","breadcrumb":{"@id":"http:\/\/naturalmentecaceres.com\/index.php\/archivos\/1356#breadcrumb"},"inLanguage":"es","potentialAction":[{"@type":"ReadAction","target":["http:\/\/naturalmentecaceres.com\/index.php\/archivos\/1356"]}]},{"@type":"ImageObject","inLanguage":"es","@id":"http:\/\/naturalmentecaceres.com\/index.php\/archivos\/1356#primaryimage","url":"http:\/\/naturalmentecaceres.com\/wp-content\/uploads\/2023\/04\/Padre-pacifico-2.png","contentUrl":"http:\/\/naturalmentecaceres.com\/wp-content\/uploads\/2023\/04\/Padre-pacifico-2.png","width":1080,"height":1080},{"@type":"BreadcrumbList","@id":"http:\/\/naturalmentecaceres.com\/index.php\/archivos\/1356#breadcrumb","itemListElement":[{"@type":"ListItem","position":1,"name":"Portada","item":"http:\/\/naturalmentecaceres.com\/"},{"@type":"ListItem","position":2,"name":"CAMBIO DE HORARIO ITINERARIO PARQUE PADRE PAC\u00cdFICO Y CABEZARRUBIA"}]},{"@type":"WebSite","@id":"http:\/\/naturalmentecaceres.com\/#website","url":"http:\/\/naturalmentecaceres.com\/","name":"NATURALMENTE C\u00c1CERES","description":"Web del proyecto de educaci\u00f3n ambiental gestionado por Talher en C\u00e1ceres","publisher":{"@id":"http:\/\/naturalmentecaceres.com\/#organization"},"potentialAction":[{"@type":"SearchAction","target":{"@type":"EntryPoint","urlTemplate":"http:\/\/naturalmentecaceres.com\/?s={search_term_string}"},"query-input":{"@type":"PropertyValueSpecification","valueRequired":true,"valueName":"search_term_string"}}],"inLanguage":"es"},{"@type":"Organization","@id":"http:\/\/naturalmentecaceres.com\/#organization","name":"NATURALMENTE C\u00c1CERES","url":"http:\/\/naturalmentecaceres.com\/","logo":{"@type":"ImageObject","inLanguage":"es","@id":"http:\/\/naturalmentecaceres.com\/#\/schema\/logo\/image\/","url":"http:\/\/naturalmentecaceres.com\/wp-content\/uploads\/2023\/02\/naturalmente.jpg","contentUrl":"http:\/\/naturalmentecaceres.com\/wp-content\/uploads\/2023\/02\/naturalmente.jpg","width":1300,"height":1237,"caption":"NATURALMENTE C\u00c1CERES"},"image":{"@id":"http:\/\/naturalmentecaceres.com\/#\/schema\/logo\/image\/"},"sameAs":["https:\/\/x.com\/naturalmentecc","https:\/\/www.instagram.com\/naturalmentecaceres\/"]},{"@type":"Person","@id":"http:\/\/naturalmentecaceres.com\/#\/schema\/person\/14e51e6f1f5cc38d27627ad8a8c14340","name":"Talher","image":{"@type":"ImageObject","inLanguage":"es","@id":"https:\/\/secure.gravatar.com\/avatar\/129d2825c3c915f0d6bae5b93b934c74574bbe9aa2bac86aea3884599040250e?s=96&d=mm&r=g","url":"https:\/\/secure.gravatar.com\/avatar\/129d2825c3c915f0d6bae5b93b934c74574bbe9aa2bac86aea3884599040250e?s=96&d=mm&r=g","contentUrl":"https:\/\/secure.gravatar.com\/avatar\/129d2825c3c915f0d6bae5b93b934c74574bbe9aa2bac86aea3884599040250e?s=96&d=mm&r=g","caption":"Talher"},"url":"http:\/\/naturalmentecaceres.com\/index.php\/archivos\/author\/talher"}]}},"_links":{"self":[{"href":"http:\/\/naturalmentecaceres.com\/index.php\/wp-json\/wp\/v2\/posts\/1356","targetHints":{"allow":["GET"]}}],"collection":[{"href":"http:\/\/naturalmentecaceres.com\/index.php\/wp-json\/wp\/v2\/posts"}],"about":[{"href":"http:\/\/naturalmentecaceres.com\/index.php\/wp-json\/wp\/v2\/types\/post"}],"author":[{"embeddable":true,"href":"http:\/\/naturalmentecaceres.com\/index.php\/wp-json\/wp\/v2\/users\/1"}],"replies":[{"embeddable":true,"href":"http:\/\/naturalmentecaceres.com\/index.php\/wp-json\/wp\/v2\/comments?post=1356"}],"version-history":[{"count":1,"href":"http:\/\/naturalmentecaceres.com\/index.php\/wp-json\/wp\/v2\/posts\/1356\/revisions"}],"predecessor-version":[{"id":1358,"href":"http:\/\/naturalmentecaceres.com\/index.php\/wp-json\/wp\/v2\/posts\/1356\/revisions\/1358"}],"wp:attachment":[{"href":"http:\/\/naturalmentecaceres.com\/index.php\/wp-json\/wp\/v2\/media?parent=1356"}],"wp:term":[{"taxonomy":"category","embeddable":true,"href":"http:\/\/naturalmentecaceres.com\/index.php\/wp-json\/wp\/v2\/categories?post=1356"},{"taxonomy":"post_tag","embeddable":true,"href":"http:\/\/naturalmentecaceres.com\/index.php\/wp-json\/wp\/v2\/tags?post=1356"}],"curies":[{"name":"wp","href":"https:\/\/api.w.org\/{rel}","templated":true}]}}