{"id":1325,"date":"2023-03-28T09:00:00","date_gmt":"2023-03-28T07:00:00","guid":{"rendered":"http:\/\/naturalmentecaceres.com\/?p=1325"},"modified":"2023-03-27T13:54:31","modified_gmt":"2023-03-27T11:54:31","slug":"programa-de-actividades-abril-2023","status":"publish","type":"post","link":"http:\/\/naturalmentecaceres.com\/index.php\/archivos\/1325","title":{"rendered":"PROGRAMA DE ACTIVIDADES ABRIL 2023"},"content":{"rendered":"\n<p>Tras las vacaciones de Semana Santa en C\u00e1ceres, puedes disfrutar de la primavera en los parques y jardines de C\u00e1ceres a trav\u00e9s de nuestras actividades, que son\u00a0<strong>totalmente gratuitas<\/strong>.<\/p>\n\n\n\n<p>Abrimos plazo de inscripci\u00f3n para nuestras actividades habituales para p\u00fablico adulto y\/o familiar (con ni\u00f1os\/as a partir de los 4 a\u00f1os). Adem\u00e1s este mes hay muchas novedades.<\/p>\n\n\n\n<p>Para participar tan solo tienes que ponerte en contacto con nosotros a trav\u00e9s del\u00a0correo <strong>reservas@naturalmentecaceres.com\u00a0<\/strong>y reservar tu plaza, indicando <strong>nombre y apellidos de las personas, un n\u00famero de contacto y, si es una actividad familiar, edades de los menores.<\/strong> <\/p>\n\n\n\n<p>La inscripci\u00f3n se har\u00e1 por orden de reserva hasta completar plazas y se confirmar\u00e1 la reserva en el horario de <strong>lunes a viernes de 9:00 a 14:00 horas<\/strong>. No se tendr\u00e1n en cuenta los e-mails recibidos antes de la hora de inicio de la actividad. Las actividades est\u00e1n sujetas a cancelaci\u00f3n en caso <strong>de condiciones meteorol\u00f3gicas adversas<\/strong> o en el caso de <strong>no alcanzar un m\u00ednimo de participantes.<\/strong><\/p>\n\n\n\n<p>Si deseas m\u00e1s informaci\u00f3n sobre las <strong>actividades familiares,<\/strong> pulsa&nbsp;<a href=\"http:\/\/naturalmentecaceres.com\/index.php\/actividades-para-publico-familiar\" target=\"_blank\" rel=\"noreferrer noopener\">aqu\u00ed<\/a>.<\/p>\n\n\n\n<p>Si deseas m\u00e1s informaci\u00f3n sobre las actividades para p<strong>\u00fablico adulto<\/strong>, pulsa&nbsp;<a href=\"http:\/\/naturalmentecaceres.com\/index.php\/actividades-para-publico-adulto\" target=\"_blank\" rel=\"noreferrer noopener\">aqu\u00ed<\/a>.<\/p>\n\n\n\n<p><em>S\u00edguenos en nuestras redes sociales en Twitter (<a href=\"https:\/\/twitter.com\/naturalmentecc\">@naturalmentecc<\/a>) e Instagram (<a href=\"https:\/\/www.instagram.com\/naturalmentecaceres\/\">@naturalmentecaceres<\/a>)<\/em><\/p>\n\n\n<div class=\"wp-block-image\">\n<figure class=\"aligncenter size-large\"><img loading=\"lazy\" decoding=\"async\" width=\"724\" height=\"1024\" src=\"http:\/\/naturalmentecaceres.com\/wp-content\/uploads\/2023\/03\/Actividades-ABR23-Caceres-724x1024.jpg\" alt=\"Programaci\u00f3n de actividades Naturalmente C\u00e1ceres Abril 2023\" class=\"wp-image-1327\" srcset=\"http:\/\/naturalmentecaceres.com\/wp-content\/uploads\/2023\/03\/Actividades-ABR23-Caceres-724x1024.jpg 724w, http:\/\/naturalmentecaceres.com\/wp-content\/uploads\/2023\/03\/Actividades-ABR23-Caceres-212x300.jpg 212w, http:\/\/naturalmentecaceres.com\/wp-content\/uploads\/2023\/03\/Actividades-ABR23-Caceres-768x1086.jpg 768w, http:\/\/naturalmentecaceres.com\/wp-content\/uploads\/2023\/03\/Actividades-ABR23-Caceres-191x270.jpg 191w, http:\/\/naturalmentecaceres.com\/wp-content\/uploads\/2023\/03\/Actividades-ABR23-Caceres.jpg 842w\" sizes=\"auto, (max-width: 724px) 100vw, 724px\" \/><figcaption class=\"wp-element-caption\">Programaci\u00f3n de actividades Naturalmente C\u00e1ceres Abril 2023<\/figcaption><\/figure>\n<\/div>","protected":false},"excerpt":{"rendered":"<p>Tras las vacaciones de Semana Santa en C\u00e1ceres, puedes disfrutar de la primavera en los parques y jardines de C\u00e1ceres a trav\u00e9s de nuestras actividades, que son\u00a0totalmente gratuitas. Abrimos plazo de inscripci\u00f3n para nuestras actividades habituales para p\u00fablico adulto y\/o familiar (con ni\u00f1os\/as a partir de los 4 a\u00f1os). Adem\u00e1s este mes hay muchas novedades. Para participar tan solo tienes que ponerte en contacto con nosotros a trav\u00e9s del\u00a0correo reservas@naturalmentecaceres.com\u00a0y reservar tu plaza, indicando nombre y apellidos de las personas,&#8230;<\/p>\n<p class=\"read-more\"><a class=\"btn btn-default\" href=\"http:\/\/naturalmentecaceres.com\/index.php\/archivos\/1325\"> Leer m\u00e1s<span class=\"screen-reader-text\">  Leer m\u00e1s<\/span><\/a><\/p>\n","protected":false},"author":1,"featured_media":0,"comment_status":"open","ping_status":"open","sticky":false,"template":"","format":"standard","meta":{"footnotes":""},"categories":[1,14],"tags":[],"class_list":["post-1325","post","type-post","status-publish","format-standard","hentry","category-uncategorized","category-parquesyjardines"],"yoast_head":"<!-- This site is optimized with the Yoast SEO plugin v27.5 - https:\/\/yoast.com\/product\/yoast-seo-wordpress\/ -->\r\n<title>PROGRAMA DE ACTIVIDADES ABRIL 2023 - NATURALMENTE C\u00c1CERES<\/title>\r\n<meta name=\"robots\" content=\"index, follow, max-snippet:-1, max-image-preview:large, max-video-preview:-1\" \/>\r\n<link rel=\"canonical\" href=\"http:\/\/naturalmentecaceres.com\/index.php\/archivos\/1325\" \/>\r\n<meta property=\"og:locale\" content=\"es_ES\" \/>\r\n<meta property=\"og:type\" content=\"article\" \/>\r\n<meta property=\"og:title\" content=\"PROGRAMA DE ACTIVIDADES ABRIL 2023 - NATURALMENTE C\u00c1CERES\" \/>\r\n<meta property=\"og:description\" content=\"Tras las vacaciones de Semana Santa en C\u00e1ceres, puedes disfrutar de la primavera en los parques y jardines de C\u00e1ceres a trav\u00e9s de nuestras actividades, que son\u00a0totalmente gratuitas. Abrimos plazo de inscripci\u00f3n para nuestras actividades habituales para p\u00fablico adulto y\/o familiar (con ni\u00f1os\/as a partir de los 4 a\u00f1os). Adem\u00e1s este mes hay muchas novedades. Para participar tan solo tienes que ponerte en contacto con nosotros a trav\u00e9s del\u00a0correo reservas@naturalmentecaceres.com\u00a0y reservar tu plaza, indicando nombre y apellidos de las personas,... Leer m\u00e1s Leer m\u00e1s\" \/>\r\n<meta property=\"og:url\" content=\"http:\/\/naturalmentecaceres.com\/index.php\/archivos\/1325\" \/>\r\n<meta property=\"og:site_name\" content=\"NATURALMENTE C\u00c1CERES\" \/>\r\n<meta property=\"article:published_time\" content=\"2023-03-28T07:00:00+00:00\" \/>\r\n<meta property=\"og:image\" content=\"http:\/\/naturalmentecaceres.com\/wp-content\/uploads\/2023\/03\/Actividades-ABR23-Caceres-724x1024.jpg\" \/>\r\n<meta name=\"author\" content=\"Talher\" \/>\r\n<meta name=\"twitter:card\" content=\"summary_large_image\" \/>\r\n<meta name=\"twitter:creator\" content=\"@naturalmentecc\" \/>\r\n<meta name=\"twitter:site\" content=\"@naturalmentecc\" \/>\r\n<meta name=\"twitter:label1\" content=\"Escrito por\" \/>\n\t<meta name=\"twitter:data1\" content=\"Talher\" \/>\n\t<meta name=\"twitter:label2\" content=\"Tiempo de lectura\" \/>\n\t<meta name=\"twitter:data2\" content=\"2 minutos\" \/>\r\n<script type=\"application\/ld+json\" class=\"yoast-schema-graph\">{\"@context\":\"https:\\\/\\\/schema.org\",\"@graph\":[{\"@type\":\"Article\",\"@id\":\"http:\\\/\\\/naturalmentecaceres.com\\\/index.php\\\/archivos\\\/1325#article\",\"isPartOf\":{\"@id\":\"http:\\\/\\\/naturalmentecaceres.com\\\/index.php\\\/archivos\\\/1325\"},\"author\":{\"name\":\"Talher\",\"@id\":\"http:\\\/\\\/naturalmentecaceres.com\\\/#\\\/schema\\\/person\\\/14e51e6f1f5cc38d27627ad8a8c14340\"},\"headline\":\"PROGRAMA DE ACTIVIDADES ABRIL 2023\",\"datePublished\":\"2023-03-28T07:00:00+00:00\",\"mainEntityOfPage\":{\"@id\":\"http:\\\/\\\/naturalmentecaceres.com\\\/index.php\\\/archivos\\\/1325\"},\"wordCount\":235,\"commentCount\":0,\"publisher\":{\"@id\":\"http:\\\/\\\/naturalmentecaceres.com\\\/#organization\"},\"image\":{\"@id\":\"http:\\\/\\\/naturalmentecaceres.com\\\/index.php\\\/archivos\\\/1325#primaryimage\"},\"thumbnailUrl\":\"http:\\\/\\\/naturalmentecaceres.com\\\/wp-content\\\/uploads\\\/2023\\\/03\\\/Actividades-ABR23-Caceres-724x1024.jpg\",\"articleSection\":[\"Educaci\u00f3n ambiental\",\"Parques y jardines\"],\"inLanguage\":\"es\",\"potentialAction\":[{\"@type\":\"CommentAction\",\"name\":\"Comment\",\"target\":[\"http:\\\/\\\/naturalmentecaceres.com\\\/index.php\\\/archivos\\\/1325#respond\"]}]},{\"@type\":\"WebPage\",\"@id\":\"http:\\\/\\\/naturalmentecaceres.com\\\/index.php\\\/archivos\\\/1325\",\"url\":\"http:\\\/\\\/naturalmentecaceres.com\\\/index.php\\\/archivos\\\/1325\",\"name\":\"PROGRAMA DE ACTIVIDADES ABRIL 2023 - NATURALMENTE C\u00c1CERES\",\"isPartOf\":{\"@id\":\"http:\\\/\\\/naturalmentecaceres.com\\\/#website\"},\"primaryImageOfPage\":{\"@id\":\"http:\\\/\\\/naturalmentecaceres.com\\\/index.php\\\/archivos\\\/1325#primaryimage\"},\"image\":{\"@id\":\"http:\\\/\\\/naturalmentecaceres.com\\\/index.php\\\/archivos\\\/1325#primaryimage\"},\"thumbnailUrl\":\"http:\\\/\\\/naturalmentecaceres.com\\\/wp-content\\\/uploads\\\/2023\\\/03\\\/Actividades-ABR23-Caceres-724x1024.jpg\",\"datePublished\":\"2023-03-28T07:00:00+00:00\",\"breadcrumb\":{\"@id\":\"http:\\\/\\\/naturalmentecaceres.com\\\/index.php\\\/archivos\\\/1325#breadcrumb\"},\"inLanguage\":\"es\",\"potentialAction\":[{\"@type\":\"ReadAction\",\"target\":[\"http:\\\/\\\/naturalmentecaceres.com\\\/index.php\\\/archivos\\\/1325\"]}]},{\"@type\":\"ImageObject\",\"inLanguage\":\"es\",\"@id\":\"http:\\\/\\\/naturalmentecaceres.com\\\/index.php\\\/archivos\\\/1325#primaryimage\",\"url\":\"http:\\\/\\\/naturalmentecaceres.com\\\/wp-content\\\/uploads\\\/2023\\\/03\\\/Actividades-ABR23-Caceres.jpg\",\"contentUrl\":\"http:\\\/\\\/naturalmentecaceres.com\\\/wp-content\\\/uploads\\\/2023\\\/03\\\/Actividades-ABR23-Caceres.jpg\",\"width\":842,\"height\":1191,\"caption\":\"Actividades Abril Naturalmente C\u00e1ceres 2023\"},{\"@type\":\"BreadcrumbList\",\"@id\":\"http:\\\/\\\/naturalmentecaceres.com\\\/index.php\\\/archivos\\\/1325#breadcrumb\",\"itemListElement\":[{\"@type\":\"ListItem\",\"position\":1,\"name\":\"Portada\",\"item\":\"http:\\\/\\\/naturalmentecaceres.com\\\/\"},{\"@type\":\"ListItem\",\"position\":2,\"name\":\"PROGRAMA DE ACTIVIDADES ABRIL 2023\"}]},{\"@type\":\"WebSite\",\"@id\":\"http:\\\/\\\/naturalmentecaceres.com\\\/#website\",\"url\":\"http:\\\/\\\/naturalmentecaceres.com\\\/\",\"name\":\"NATURALMENTE C\u00c1CERES\",\"description\":\"Web del proyecto de educaci\u00f3n ambiental gestionado por Talher en C\u00e1ceres\",\"publisher\":{\"@id\":\"http:\\\/\\\/naturalmentecaceres.com\\\/#organization\"},\"potentialAction\":[{\"@type\":\"SearchAction\",\"target\":{\"@type\":\"EntryPoint\",\"urlTemplate\":\"http:\\\/\\\/naturalmentecaceres.com\\\/?s={search_term_string}\"},\"query-input\":{\"@type\":\"PropertyValueSpecification\",\"valueRequired\":true,\"valueName\":\"search_term_string\"}}],\"inLanguage\":\"es\"},{\"@type\":\"Organization\",\"@id\":\"http:\\\/\\\/naturalmentecaceres.com\\\/#organization\",\"name\":\"NATURALMENTE C\u00c1CERES\",\"url\":\"http:\\\/\\\/naturalmentecaceres.com\\\/\",\"logo\":{\"@type\":\"ImageObject\",\"inLanguage\":\"es\",\"@id\":\"http:\\\/\\\/naturalmentecaceres.com\\\/#\\\/schema\\\/logo\\\/image\\\/\",\"url\":\"http:\\\/\\\/naturalmentecaceres.com\\\/wp-content\\\/uploads\\\/2023\\\/02\\\/naturalmente.jpg\",\"contentUrl\":\"http:\\\/\\\/naturalmentecaceres.com\\\/wp-content\\\/uploads\\\/2023\\\/02\\\/naturalmente.jpg\",\"width\":1300,\"height\":1237,\"caption\":\"NATURALMENTE C\u00c1CERES\"},\"image\":{\"@id\":\"http:\\\/\\\/naturalmentecaceres.com\\\/#\\\/schema\\\/logo\\\/image\\\/\"},\"sameAs\":[\"https:\\\/\\\/x.com\\\/naturalmentecc\",\"https:\\\/\\\/www.instagram.com\\\/naturalmentecaceres\\\/\"]},{\"@type\":\"Person\",\"@id\":\"http:\\\/\\\/naturalmentecaceres.com\\\/#\\\/schema\\\/person\\\/14e51e6f1f5cc38d27627ad8a8c14340\",\"name\":\"Talher\",\"image\":{\"@type\":\"ImageObject\",\"inLanguage\":\"es\",\"@id\":\"https:\\\/\\\/secure.gravatar.com\\\/avatar\\\/129d2825c3c915f0d6bae5b93b934c74574bbe9aa2bac86aea3884599040250e?s=96&d=mm&r=g\",\"url\":\"https:\\\/\\\/secure.gravatar.com\\\/avatar\\\/129d2825c3c915f0d6bae5b93b934c74574bbe9aa2bac86aea3884599040250e?s=96&d=mm&r=g\",\"contentUrl\":\"https:\\\/\\\/secure.gravatar.com\\\/avatar\\\/129d2825c3c915f0d6bae5b93b934c74574bbe9aa2bac86aea3884599040250e?s=96&d=mm&r=g\",\"caption\":\"Talher\"},\"url\":\"http:\\\/\\\/naturalmentecaceres.com\\\/index.php\\\/archivos\\\/author\\\/talher\"}]}<\/script>\r\n<!-- \/ Yoast SEO plugin. -->","yoast_head_json":{"title":"PROGRAMA DE ACTIVIDADES ABRIL 2023 - NATURALMENTE C\u00c1CERES","robots":{"index":"index","follow":"follow","max-snippet":"max-snippet:-1","max-image-preview":"max-image-preview:large","max-video-preview":"max-video-preview:-1"},"canonical":"http:\/\/naturalmentecaceres.com\/index.php\/archivos\/1325","og_locale":"es_ES","og_type":"article","og_title":"PROGRAMA DE ACTIVIDADES ABRIL 2023 - NATURALMENTE C\u00c1CERES","og_description":"Tras las vacaciones de Semana Santa en C\u00e1ceres, puedes disfrutar de la primavera en los parques y jardines de C\u00e1ceres a trav\u00e9s de nuestras actividades, que son\u00a0totalmente gratuitas. Abrimos plazo de inscripci\u00f3n para nuestras actividades habituales para p\u00fablico adulto y\/o familiar (con ni\u00f1os\/as a partir de los 4 a\u00f1os). Adem\u00e1s este mes hay muchas novedades. Para participar tan solo tienes que ponerte en contacto con nosotros a trav\u00e9s del\u00a0correo reservas@naturalmentecaceres.com\u00a0y reservar tu plaza, indicando nombre y apellidos de las personas,... Leer m\u00e1s Leer m\u00e1s","og_url":"http:\/\/naturalmentecaceres.com\/index.php\/archivos\/1325","og_site_name":"NATURALMENTE C\u00c1CERES","article_published_time":"2023-03-28T07:00:00+00:00","og_image":[{"url":"http:\/\/naturalmentecaceres.com\/wp-content\/uploads\/2023\/03\/Actividades-ABR23-Caceres-724x1024.jpg","type":"","width":"","height":""}],"author":"Talher","twitter_card":"summary_large_image","twitter_creator":"@naturalmentecc","twitter_site":"@naturalmentecc","twitter_misc":{"Escrito por":"Talher","Tiempo de lectura":"2 minutos"},"schema":{"@context":"https:\/\/schema.org","@graph":[{"@type":"Article","@id":"http:\/\/naturalmentecaceres.com\/index.php\/archivos\/1325#article","isPartOf":{"@id":"http:\/\/naturalmentecaceres.com\/index.php\/archivos\/1325"},"author":{"name":"Talher","@id":"http:\/\/naturalmentecaceres.com\/#\/schema\/person\/14e51e6f1f5cc38d27627ad8a8c14340"},"headline":"PROGRAMA DE ACTIVIDADES ABRIL 2023","datePublished":"2023-03-28T07:00:00+00:00","mainEntityOfPage":{"@id":"http:\/\/naturalmentecaceres.com\/index.php\/archivos\/1325"},"wordCount":235,"commentCount":0,"publisher":{"@id":"http:\/\/naturalmentecaceres.com\/#organization"},"image":{"@id":"http:\/\/naturalmentecaceres.com\/index.php\/archivos\/1325#primaryimage"},"thumbnailUrl":"http:\/\/naturalmentecaceres.com\/wp-content\/uploads\/2023\/03\/Actividades-ABR23-Caceres-724x1024.jpg","articleSection":["Educaci\u00f3n ambiental","Parques y jardines"],"inLanguage":"es","potentialAction":[{"@type":"CommentAction","name":"Comment","target":["http:\/\/naturalmentecaceres.com\/index.php\/archivos\/1325#respond"]}]},{"@type":"WebPage","@id":"http:\/\/naturalmentecaceres.com\/index.php\/archivos\/1325","url":"http:\/\/naturalmentecaceres.com\/index.php\/archivos\/1325","name":"PROGRAMA DE ACTIVIDADES ABRIL 2023 - NATURALMENTE C\u00c1CERES","isPartOf":{"@id":"http:\/\/naturalmentecaceres.com\/#website"},"primaryImageOfPage":{"@id":"http:\/\/naturalmentecaceres.com\/index.php\/archivos\/1325#primaryimage"},"image":{"@id":"http:\/\/naturalmentecaceres.com\/index.php\/archivos\/1325#primaryimage"},"thumbnailUrl":"http:\/\/naturalmentecaceres.com\/wp-content\/uploads\/2023\/03\/Actividades-ABR23-Caceres-724x1024.jpg","datePublished":"2023-03-28T07:00:00+00:00","breadcrumb":{"@id":"http:\/\/naturalmentecaceres.com\/index.php\/archivos\/1325#breadcrumb"},"inLanguage":"es","potentialAction":[{"@type":"ReadAction","target":["http:\/\/naturalmentecaceres.com\/index.php\/archivos\/1325"]}]},{"@type":"ImageObject","inLanguage":"es","@id":"http:\/\/naturalmentecaceres.com\/index.php\/archivos\/1325#primaryimage","url":"http:\/\/naturalmentecaceres.com\/wp-content\/uploads\/2023\/03\/Actividades-ABR23-Caceres.jpg","contentUrl":"http:\/\/naturalmentecaceres.com\/wp-content\/uploads\/2023\/03\/Actividades-ABR23-Caceres.jpg","width":842,"height":1191,"caption":"Actividades Abril Naturalmente C\u00e1ceres 2023"},{"@type":"BreadcrumbList","@id":"http:\/\/naturalmentecaceres.com\/index.php\/archivos\/1325#breadcrumb","itemListElement":[{"@type":"ListItem","position":1,"name":"Portada","item":"http:\/\/naturalmentecaceres.com\/"},{"@type":"ListItem","position":2,"name":"PROGRAMA DE ACTIVIDADES ABRIL 2023"}]},{"@type":"WebSite","@id":"http:\/\/naturalmentecaceres.com\/#website","url":"http:\/\/naturalmentecaceres.com\/","name":"NATURALMENTE C\u00c1CERES","description":"Web del proyecto de educaci\u00f3n ambiental gestionado por Talher en C\u00e1ceres","publisher":{"@id":"http:\/\/naturalmentecaceres.com\/#organization"},"potentialAction":[{"@type":"SearchAction","target":{"@type":"EntryPoint","urlTemplate":"http:\/\/naturalmentecaceres.com\/?s={search_term_string}"},"query-input":{"@type":"PropertyValueSpecification","valueRequired":true,"valueName":"search_term_string"}}],"inLanguage":"es"},{"@type":"Organization","@id":"http:\/\/naturalmentecaceres.com\/#organization","name":"NATURALMENTE C\u00c1CERES","url":"http:\/\/naturalmentecaceres.com\/","logo":{"@type":"ImageObject","inLanguage":"es","@id":"http:\/\/naturalmentecaceres.com\/#\/schema\/logo\/image\/","url":"http:\/\/naturalmentecaceres.com\/wp-content\/uploads\/2023\/02\/naturalmente.jpg","contentUrl":"http:\/\/naturalmentecaceres.com\/wp-content\/uploads\/2023\/02\/naturalmente.jpg","width":1300,"height":1237,"caption":"NATURALMENTE C\u00c1CERES"},"image":{"@id":"http:\/\/naturalmentecaceres.com\/#\/schema\/logo\/image\/"},"sameAs":["https:\/\/x.com\/naturalmentecc","https:\/\/www.instagram.com\/naturalmentecaceres\/"]},{"@type":"Person","@id":"http:\/\/naturalmentecaceres.com\/#\/schema\/person\/14e51e6f1f5cc38d27627ad8a8c14340","name":"Talher","image":{"@type":"ImageObject","inLanguage":"es","@id":"https:\/\/secure.gravatar.com\/avatar\/129d2825c3c915f0d6bae5b93b934c74574bbe9aa2bac86aea3884599040250e?s=96&d=mm&r=g","url":"https:\/\/secure.gravatar.com\/avatar\/129d2825c3c915f0d6bae5b93b934c74574bbe9aa2bac86aea3884599040250e?s=96&d=mm&r=g","contentUrl":"https:\/\/secure.gravatar.com\/avatar\/129d2825c3c915f0d6bae5b93b934c74574bbe9aa2bac86aea3884599040250e?s=96&d=mm&r=g","caption":"Talher"},"url":"http:\/\/naturalmentecaceres.com\/index.php\/archivos\/author\/talher"}]}},"_links":{"self":[{"href":"http:\/\/naturalmentecaceres.com\/index.php\/wp-json\/wp\/v2\/posts\/1325","targetHints":{"allow":["GET"]}}],"collection":[{"href":"http:\/\/naturalmentecaceres.com\/index.php\/wp-json\/wp\/v2\/posts"}],"about":[{"href":"http:\/\/naturalmentecaceres.com\/index.php\/wp-json\/wp\/v2\/types\/post"}],"author":[{"embeddable":true,"href":"http:\/\/naturalmentecaceres.com\/index.php\/wp-json\/wp\/v2\/users\/1"}],"replies":[{"embeddable":true,"href":"http:\/\/naturalmentecaceres.com\/index.php\/wp-json\/wp\/v2\/comments?post=1325"}],"version-history":[{"count":1,"href":"http:\/\/naturalmentecaceres.com\/index.php\/wp-json\/wp\/v2\/posts\/1325\/revisions"}],"predecessor-version":[{"id":1328,"href":"http:\/\/naturalmentecaceres.com\/index.php\/wp-json\/wp\/v2\/posts\/1325\/revisions\/1328"}],"wp:attachment":[{"href":"http:\/\/naturalmentecaceres.com\/index.php\/wp-json\/wp\/v2\/media?parent=1325"}],"wp:term":[{"taxonomy":"category","embeddable":true,"href":"http:\/\/naturalmentecaceres.com\/index.php\/wp-json\/wp\/v2\/categories?post=1325"},{"taxonomy":"post_tag","embeddable":true,"href":"http:\/\/naturalmentecaceres.com\/index.php\/wp-json\/wp\/v2\/tags?post=1325"}],"curies":[{"name":"wp","href":"https:\/\/api.w.org\/{rel}","templated":true}]}}