{"id":1322,"date":"2023-03-27T12:21:09","date_gmt":"2023-03-27T10:21:09","guid":{"rendered":"http:\/\/naturalmentecaceres.com\/?p=1322"},"modified":"2023-03-27T12:21:09","modified_gmt":"2023-03-27T10:21:09","slug":"plazas-libres-para-el-itinerario-guiado-parque-del-principe-y-estufa-fria-del-viernes-31-de-marzo","status":"publish","type":"post","link":"http:\/\/naturalmentecaceres.com\/index.php\/archivos\/1322","title":{"rendered":"Plazas libres para el itinerario guiado Parque del Pr\u00edncipe y Estufa Fr\u00eda del viernes 31 de marzo"},"content":{"rendered":"\n<p>El pr\u00f3ximo viernes 31 de marzo a las 17 horas realizaremos el itinerario guiado \u00abParque del Pr\u00edncipe y estufa Fr\u00eda\u00bb para todos los p\u00fablicos, tanto adultos como familias.<\/p>\n\n\n\n<p>Todav\u00eda quedan plazas libres, por lo que si deseas participar, ponte en contacto con nosotros a trav\u00e9s del correo reservas@naturalmentecaceres.com indicando tu nombre, un n\u00famero de contacto y, en el caso de que vaya alg\u00fan menor, su edad.<\/p>\n\n\n\n<p>\u00a1Date prisa! Porque las plazas vuelan.<\/p>\n\n\n<div class=\"wp-block-image\">\n<figure class=\"aligncenter size-medium is-resized\" id=\"Parque-del-Pr\u00edncipe-y-Estufa-Fr\u00eda\"><img loading=\"lazy\" decoding=\"async\" src=\"http:\/\/naturalmentecaceres.com\/wp-content\/uploads\/2023\/03\/Plazas-libres-2-300x300.png\" alt=\"\" class=\"wp-image-1323\" width=\"443\" height=\"443\" title=\"Parque del Pr\u00edncipe y Estufa Fr\u00eda\" srcset=\"http:\/\/naturalmentecaceres.com\/wp-content\/uploads\/2023\/03\/Plazas-libres-2-300x300.png 300w, http:\/\/naturalmentecaceres.com\/wp-content\/uploads\/2023\/03\/Plazas-libres-2-1024x1024.png 1024w, http:\/\/naturalmentecaceres.com\/wp-content\/uploads\/2023\/03\/Plazas-libres-2-150x150.png 150w, http:\/\/naturalmentecaceres.com\/wp-content\/uploads\/2023\/03\/Plazas-libres-2-768x768.png 768w, http:\/\/naturalmentecaceres.com\/wp-content\/uploads\/2023\/03\/Plazas-libres-2-270x270.png 270w, http:\/\/naturalmentecaceres.com\/wp-content\/uploads\/2023\/03\/Plazas-libres-2.png 1080w\" sizes=\"auto, (max-width: 443px) 100vw, 443px\" \/><figcaption class=\"wp-element-caption\">Plazas libres Parque del Pr\u00edncipe y Estufa Fr\u00eda<\/figcaption><\/figure>\n<\/div>","protected":false},"excerpt":{"rendered":"<p>El pr\u00f3ximo viernes 31 de marzo a las 17 horas realizaremos el itinerario guiado \u00abParque del Pr\u00edncipe y estufa Fr\u00eda\u00bb para todos los p\u00fablicos, tanto adultos como familias. Todav\u00eda quedan plazas libres, por lo que si deseas participar, ponte en contacto con nosotros a trav\u00e9s del correo reservas@naturalmentecaceres.com indicando tu nombre, un n\u00famero de contacto y, en el caso de que vaya alg\u00fan menor, su edad. \u00a1Date prisa! Porque las plazas vuelan.<\/p>\n","protected":false},"author":1,"featured_media":0,"comment_status":"open","ping_status":"open","sticky":false,"template":"","format":"standard","meta":{"footnotes":""},"categories":[1],"tags":[],"class_list":["post-1322","post","type-post","status-publish","format-standard","hentry","category-uncategorized"],"yoast_head":"<!-- This site is optimized with the Yoast SEO plugin v27.5 - https:\/\/yoast.com\/product\/yoast-seo-wordpress\/ -->\r\n<title>Plazas libres para el itinerario guiado Parque del Pr\u00edncipe y Estufa Fr\u00eda del viernes 31 de marzo - NATURALMENTE C\u00c1CERES<\/title>\r\n<meta name=\"robots\" content=\"index, follow, max-snippet:-1, max-image-preview:large, max-video-preview:-1\" \/>\r\n<link rel=\"canonical\" href=\"http:\/\/naturalmentecaceres.com\/index.php\/archivos\/1322\" \/>\r\n<meta property=\"og:locale\" content=\"es_ES\" \/>\r\n<meta property=\"og:type\" content=\"article\" \/>\r\n<meta property=\"og:title\" content=\"Plazas libres para el itinerario guiado Parque del Pr\u00edncipe y Estufa Fr\u00eda del viernes 31 de marzo - NATURALMENTE C\u00c1CERES\" \/>\r\n<meta property=\"og:description\" content=\"El pr\u00f3ximo viernes 31 de marzo a las 17 horas realizaremos el itinerario guiado \u00abParque del Pr\u00edncipe y estufa Fr\u00eda\u00bb para todos los p\u00fablicos, tanto adultos como familias. Todav\u00eda quedan plazas libres, por lo que si deseas participar, ponte en contacto con nosotros a trav\u00e9s del correo reservas@naturalmentecaceres.com indicando tu nombre, un n\u00famero de contacto y, en el caso de que vaya alg\u00fan menor, su edad. \u00a1Date prisa! Porque las plazas vuelan.\" \/>\r\n<meta property=\"og:url\" content=\"http:\/\/naturalmentecaceres.com\/index.php\/archivos\/1322\" \/>\r\n<meta property=\"og:site_name\" content=\"NATURALMENTE C\u00c1CERES\" \/>\r\n<meta property=\"article:published_time\" content=\"2023-03-27T10:21:09+00:00\" \/>\r\n<meta property=\"og:image\" content=\"http:\/\/naturalmentecaceres.com\/wp-content\/uploads\/2023\/03\/Plazas-libres-2-300x300.png\" \/>\r\n<meta name=\"author\" content=\"Talher\" \/>\r\n<meta name=\"twitter:card\" content=\"summary_large_image\" \/>\r\n<meta name=\"twitter:creator\" content=\"@naturalmentecc\" \/>\r\n<meta name=\"twitter:site\" content=\"@naturalmentecc\" \/>\r\n<meta name=\"twitter:label1\" content=\"Escrito por\" \/>\n\t<meta name=\"twitter:data1\" content=\"Talher\" \/>\r\n<script type=\"application\/ld+json\" class=\"yoast-schema-graph\">{\"@context\":\"https:\\\/\\\/schema.org\",\"@graph\":[{\"@type\":\"Article\",\"@id\":\"http:\\\/\\\/naturalmentecaceres.com\\\/index.php\\\/archivos\\\/1322#article\",\"isPartOf\":{\"@id\":\"http:\\\/\\\/naturalmentecaceres.com\\\/index.php\\\/archivos\\\/1322\"},\"author\":{\"name\":\"Talher\",\"@id\":\"http:\\\/\\\/naturalmentecaceres.com\\\/#\\\/schema\\\/person\\\/14e51e6f1f5cc38d27627ad8a8c14340\"},\"headline\":\"Plazas libres para el itinerario guiado Parque del Pr\u00edncipe y Estufa Fr\u00eda del viernes 31 de marzo\",\"datePublished\":\"2023-03-27T10:21:09+00:00\",\"mainEntityOfPage\":{\"@id\":\"http:\\\/\\\/naturalmentecaceres.com\\\/index.php\\\/archivos\\\/1322\"},\"wordCount\":108,\"commentCount\":0,\"publisher\":{\"@id\":\"http:\\\/\\\/naturalmentecaceres.com\\\/#organization\"},\"image\":{\"@id\":\"http:\\\/\\\/naturalmentecaceres.com\\\/index.php\\\/archivos\\\/1322#primaryimage\"},\"thumbnailUrl\":\"http:\\\/\\\/naturalmentecaceres.com\\\/wp-content\\\/uploads\\\/2023\\\/03\\\/Plazas-libres-2-300x300.png\",\"articleSection\":[\"Educaci\u00f3n ambiental\"],\"inLanguage\":\"es\",\"potentialAction\":[{\"@type\":\"CommentAction\",\"name\":\"Comment\",\"target\":[\"http:\\\/\\\/naturalmentecaceres.com\\\/index.php\\\/archivos\\\/1322#respond\"]}]},{\"@type\":\"WebPage\",\"@id\":\"http:\\\/\\\/naturalmentecaceres.com\\\/index.php\\\/archivos\\\/1322\",\"url\":\"http:\\\/\\\/naturalmentecaceres.com\\\/index.php\\\/archivos\\\/1322\",\"name\":\"Plazas libres para el itinerario guiado Parque del Pr\u00edncipe y Estufa Fr\u00eda del viernes 31 de marzo - NATURALMENTE C\u00c1CERES\",\"isPartOf\":{\"@id\":\"http:\\\/\\\/naturalmentecaceres.com\\\/#website\"},\"primaryImageOfPage\":{\"@id\":\"http:\\\/\\\/naturalmentecaceres.com\\\/index.php\\\/archivos\\\/1322#primaryimage\"},\"image\":{\"@id\":\"http:\\\/\\\/naturalmentecaceres.com\\\/index.php\\\/archivos\\\/1322#primaryimage\"},\"thumbnailUrl\":\"http:\\\/\\\/naturalmentecaceres.com\\\/wp-content\\\/uploads\\\/2023\\\/03\\\/Plazas-libres-2-300x300.png\",\"datePublished\":\"2023-03-27T10:21:09+00:00\",\"breadcrumb\":{\"@id\":\"http:\\\/\\\/naturalmentecaceres.com\\\/index.php\\\/archivos\\\/1322#breadcrumb\"},\"inLanguage\":\"es\",\"potentialAction\":[{\"@type\":\"ReadAction\",\"target\":[\"http:\\\/\\\/naturalmentecaceres.com\\\/index.php\\\/archivos\\\/1322\"]}]},{\"@type\":\"ImageObject\",\"inLanguage\":\"es\",\"@id\":\"http:\\\/\\\/naturalmentecaceres.com\\\/index.php\\\/archivos\\\/1322#primaryimage\",\"url\":\"http:\\\/\\\/naturalmentecaceres.com\\\/wp-content\\\/uploads\\\/2023\\\/03\\\/Plazas-libres-2.png\",\"contentUrl\":\"http:\\\/\\\/naturalmentecaceres.com\\\/wp-content\\\/uploads\\\/2023\\\/03\\\/Plazas-libres-2.png\",\"width\":1080,\"height\":1080},{\"@type\":\"BreadcrumbList\",\"@id\":\"http:\\\/\\\/naturalmentecaceres.com\\\/index.php\\\/archivos\\\/1322#breadcrumb\",\"itemListElement\":[{\"@type\":\"ListItem\",\"position\":1,\"name\":\"Portada\",\"item\":\"http:\\\/\\\/naturalmentecaceres.com\\\/\"},{\"@type\":\"ListItem\",\"position\":2,\"name\":\"Plazas libres para el itinerario guiado Parque del Pr\u00edncipe y Estufa Fr\u00eda del viernes 31 de marzo\"}]},{\"@type\":\"WebSite\",\"@id\":\"http:\\\/\\\/naturalmentecaceres.com\\\/#website\",\"url\":\"http:\\\/\\\/naturalmentecaceres.com\\\/\",\"name\":\"NATURALMENTE C\u00c1CERES\",\"description\":\"Web del proyecto de educaci\u00f3n ambiental gestionado por Talher en C\u00e1ceres\",\"publisher\":{\"@id\":\"http:\\\/\\\/naturalmentecaceres.com\\\/#organization\"},\"potentialAction\":[{\"@type\":\"SearchAction\",\"target\":{\"@type\":\"EntryPoint\",\"urlTemplate\":\"http:\\\/\\\/naturalmentecaceres.com\\\/?s={search_term_string}\"},\"query-input\":{\"@type\":\"PropertyValueSpecification\",\"valueRequired\":true,\"valueName\":\"search_term_string\"}}],\"inLanguage\":\"es\"},{\"@type\":\"Organization\",\"@id\":\"http:\\\/\\\/naturalmentecaceres.com\\\/#organization\",\"name\":\"NATURALMENTE C\u00c1CERES\",\"url\":\"http:\\\/\\\/naturalmentecaceres.com\\\/\",\"logo\":{\"@type\":\"ImageObject\",\"inLanguage\":\"es\",\"@id\":\"http:\\\/\\\/naturalmentecaceres.com\\\/#\\\/schema\\\/logo\\\/image\\\/\",\"url\":\"http:\\\/\\\/naturalmentecaceres.com\\\/wp-content\\\/uploads\\\/2023\\\/02\\\/naturalmente.jpg\",\"contentUrl\":\"http:\\\/\\\/naturalmentecaceres.com\\\/wp-content\\\/uploads\\\/2023\\\/02\\\/naturalmente.jpg\",\"width\":1300,\"height\":1237,\"caption\":\"NATURALMENTE C\u00c1CERES\"},\"image\":{\"@id\":\"http:\\\/\\\/naturalmentecaceres.com\\\/#\\\/schema\\\/logo\\\/image\\\/\"},\"sameAs\":[\"https:\\\/\\\/x.com\\\/naturalmentecc\",\"https:\\\/\\\/www.instagram.com\\\/naturalmentecaceres\\\/\"]},{\"@type\":\"Person\",\"@id\":\"http:\\\/\\\/naturalmentecaceres.com\\\/#\\\/schema\\\/person\\\/14e51e6f1f5cc38d27627ad8a8c14340\",\"name\":\"Talher\",\"image\":{\"@type\":\"ImageObject\",\"inLanguage\":\"es\",\"@id\":\"https:\\\/\\\/secure.gravatar.com\\\/avatar\\\/129d2825c3c915f0d6bae5b93b934c74574bbe9aa2bac86aea3884599040250e?s=96&d=mm&r=g\",\"url\":\"https:\\\/\\\/secure.gravatar.com\\\/avatar\\\/129d2825c3c915f0d6bae5b93b934c74574bbe9aa2bac86aea3884599040250e?s=96&d=mm&r=g\",\"contentUrl\":\"https:\\\/\\\/secure.gravatar.com\\\/avatar\\\/129d2825c3c915f0d6bae5b93b934c74574bbe9aa2bac86aea3884599040250e?s=96&d=mm&r=g\",\"caption\":\"Talher\"},\"url\":\"http:\\\/\\\/naturalmentecaceres.com\\\/index.php\\\/archivos\\\/author\\\/talher\"}]}<\/script>\r\n<!-- \/ Yoast SEO plugin. -->","yoast_head_json":{"title":"Plazas libres para el itinerario guiado Parque del Pr\u00edncipe y Estufa Fr\u00eda del viernes 31 de marzo - NATURALMENTE C\u00c1CERES","robots":{"index":"index","follow":"follow","max-snippet":"max-snippet:-1","max-image-preview":"max-image-preview:large","max-video-preview":"max-video-preview:-1"},"canonical":"http:\/\/naturalmentecaceres.com\/index.php\/archivos\/1322","og_locale":"es_ES","og_type":"article","og_title":"Plazas libres para el itinerario guiado Parque del Pr\u00edncipe y Estufa Fr\u00eda del viernes 31 de marzo - NATURALMENTE C\u00c1CERES","og_description":"El pr\u00f3ximo viernes 31 de marzo a las 17 horas realizaremos el itinerario guiado \u00abParque del Pr\u00edncipe y estufa Fr\u00eda\u00bb para todos los p\u00fablicos, tanto adultos como familias. Todav\u00eda quedan plazas libres, por lo que si deseas participar, ponte en contacto con nosotros a trav\u00e9s del correo reservas@naturalmentecaceres.com indicando tu nombre, un n\u00famero de contacto y, en el caso de que vaya alg\u00fan menor, su edad. \u00a1Date prisa! Porque las plazas vuelan.","og_url":"http:\/\/naturalmentecaceres.com\/index.php\/archivos\/1322","og_site_name":"NATURALMENTE C\u00c1CERES","article_published_time":"2023-03-27T10:21:09+00:00","og_image":[{"url":"http:\/\/naturalmentecaceres.com\/wp-content\/uploads\/2023\/03\/Plazas-libres-2-300x300.png","type":"","width":"","height":""}],"author":"Talher","twitter_card":"summary_large_image","twitter_creator":"@naturalmentecc","twitter_site":"@naturalmentecc","twitter_misc":{"Escrito por":"Talher"},"schema":{"@context":"https:\/\/schema.org","@graph":[{"@type":"Article","@id":"http:\/\/naturalmentecaceres.com\/index.php\/archivos\/1322#article","isPartOf":{"@id":"http:\/\/naturalmentecaceres.com\/index.php\/archivos\/1322"},"author":{"name":"Talher","@id":"http:\/\/naturalmentecaceres.com\/#\/schema\/person\/14e51e6f1f5cc38d27627ad8a8c14340"},"headline":"Plazas libres para el itinerario guiado Parque del Pr\u00edncipe y Estufa Fr\u00eda del viernes 31 de marzo","datePublished":"2023-03-27T10:21:09+00:00","mainEntityOfPage":{"@id":"http:\/\/naturalmentecaceres.com\/index.php\/archivos\/1322"},"wordCount":108,"commentCount":0,"publisher":{"@id":"http:\/\/naturalmentecaceres.com\/#organization"},"image":{"@id":"http:\/\/naturalmentecaceres.com\/index.php\/archivos\/1322#primaryimage"},"thumbnailUrl":"http:\/\/naturalmentecaceres.com\/wp-content\/uploads\/2023\/03\/Plazas-libres-2-300x300.png","articleSection":["Educaci\u00f3n ambiental"],"inLanguage":"es","potentialAction":[{"@type":"CommentAction","name":"Comment","target":["http:\/\/naturalmentecaceres.com\/index.php\/archivos\/1322#respond"]}]},{"@type":"WebPage","@id":"http:\/\/naturalmentecaceres.com\/index.php\/archivos\/1322","url":"http:\/\/naturalmentecaceres.com\/index.php\/archivos\/1322","name":"Plazas libres para el itinerario guiado Parque del Pr\u00edncipe y Estufa Fr\u00eda del viernes 31 de marzo - NATURALMENTE C\u00c1CERES","isPartOf":{"@id":"http:\/\/naturalmentecaceres.com\/#website"},"primaryImageOfPage":{"@id":"http:\/\/naturalmentecaceres.com\/index.php\/archivos\/1322#primaryimage"},"image":{"@id":"http:\/\/naturalmentecaceres.com\/index.php\/archivos\/1322#primaryimage"},"thumbnailUrl":"http:\/\/naturalmentecaceres.com\/wp-content\/uploads\/2023\/03\/Plazas-libres-2-300x300.png","datePublished":"2023-03-27T10:21:09+00:00","breadcrumb":{"@id":"http:\/\/naturalmentecaceres.com\/index.php\/archivos\/1322#breadcrumb"},"inLanguage":"es","potentialAction":[{"@type":"ReadAction","target":["http:\/\/naturalmentecaceres.com\/index.php\/archivos\/1322"]}]},{"@type":"ImageObject","inLanguage":"es","@id":"http:\/\/naturalmentecaceres.com\/index.php\/archivos\/1322#primaryimage","url":"http:\/\/naturalmentecaceres.com\/wp-content\/uploads\/2023\/03\/Plazas-libres-2.png","contentUrl":"http:\/\/naturalmentecaceres.com\/wp-content\/uploads\/2023\/03\/Plazas-libres-2.png","width":1080,"height":1080},{"@type":"BreadcrumbList","@id":"http:\/\/naturalmentecaceres.com\/index.php\/archivos\/1322#breadcrumb","itemListElement":[{"@type":"ListItem","position":1,"name":"Portada","item":"http:\/\/naturalmentecaceres.com\/"},{"@type":"ListItem","position":2,"name":"Plazas libres para el itinerario guiado Parque del Pr\u00edncipe y Estufa Fr\u00eda del viernes 31 de marzo"}]},{"@type":"WebSite","@id":"http:\/\/naturalmentecaceres.com\/#website","url":"http:\/\/naturalmentecaceres.com\/","name":"NATURALMENTE C\u00c1CERES","description":"Web del proyecto de educaci\u00f3n ambiental gestionado por Talher en C\u00e1ceres","publisher":{"@id":"http:\/\/naturalmentecaceres.com\/#organization"},"potentialAction":[{"@type":"SearchAction","target":{"@type":"EntryPoint","urlTemplate":"http:\/\/naturalmentecaceres.com\/?s={search_term_string}"},"query-input":{"@type":"PropertyValueSpecification","valueRequired":true,"valueName":"search_term_string"}}],"inLanguage":"es"},{"@type":"Organization","@id":"http:\/\/naturalmentecaceres.com\/#organization","name":"NATURALMENTE C\u00c1CERES","url":"http:\/\/naturalmentecaceres.com\/","logo":{"@type":"ImageObject","inLanguage":"es","@id":"http:\/\/naturalmentecaceres.com\/#\/schema\/logo\/image\/","url":"http:\/\/naturalmentecaceres.com\/wp-content\/uploads\/2023\/02\/naturalmente.jpg","contentUrl":"http:\/\/naturalmentecaceres.com\/wp-content\/uploads\/2023\/02\/naturalmente.jpg","width":1300,"height":1237,"caption":"NATURALMENTE C\u00c1CERES"},"image":{"@id":"http:\/\/naturalmentecaceres.com\/#\/schema\/logo\/image\/"},"sameAs":["https:\/\/x.com\/naturalmentecc","https:\/\/www.instagram.com\/naturalmentecaceres\/"]},{"@type":"Person","@id":"http:\/\/naturalmentecaceres.com\/#\/schema\/person\/14e51e6f1f5cc38d27627ad8a8c14340","name":"Talher","image":{"@type":"ImageObject","inLanguage":"es","@id":"https:\/\/secure.gravatar.com\/avatar\/129d2825c3c915f0d6bae5b93b934c74574bbe9aa2bac86aea3884599040250e?s=96&d=mm&r=g","url":"https:\/\/secure.gravatar.com\/avatar\/129d2825c3c915f0d6bae5b93b934c74574bbe9aa2bac86aea3884599040250e?s=96&d=mm&r=g","contentUrl":"https:\/\/secure.gravatar.com\/avatar\/129d2825c3c915f0d6bae5b93b934c74574bbe9aa2bac86aea3884599040250e?s=96&d=mm&r=g","caption":"Talher"},"url":"http:\/\/naturalmentecaceres.com\/index.php\/archivos\/author\/talher"}]}},"_links":{"self":[{"href":"http:\/\/naturalmentecaceres.com\/index.php\/wp-json\/wp\/v2\/posts\/1322","targetHints":{"allow":["GET"]}}],"collection":[{"href":"http:\/\/naturalmentecaceres.com\/index.php\/wp-json\/wp\/v2\/posts"}],"about":[{"href":"http:\/\/naturalmentecaceres.com\/index.php\/wp-json\/wp\/v2\/types\/post"}],"author":[{"embeddable":true,"href":"http:\/\/naturalmentecaceres.com\/index.php\/wp-json\/wp\/v2\/users\/1"}],"replies":[{"embeddable":true,"href":"http:\/\/naturalmentecaceres.com\/index.php\/wp-json\/wp\/v2\/comments?post=1322"}],"version-history":[{"count":1,"href":"http:\/\/naturalmentecaceres.com\/index.php\/wp-json\/wp\/v2\/posts\/1322\/revisions"}],"predecessor-version":[{"id":1324,"href":"http:\/\/naturalmentecaceres.com\/index.php\/wp-json\/wp\/v2\/posts\/1322\/revisions\/1324"}],"wp:attachment":[{"href":"http:\/\/naturalmentecaceres.com\/index.php\/wp-json\/wp\/v2\/media?parent=1322"}],"wp:term":[{"taxonomy":"category","embeddable":true,"href":"http:\/\/naturalmentecaceres.com\/index.php\/wp-json\/wp\/v2\/categories?post=1322"},{"taxonomy":"post_tag","embeddable":true,"href":"http:\/\/naturalmentecaceres.com\/index.php\/wp-json\/wp\/v2\/tags?post=1322"}],"curies":[{"name":"wp","href":"https:\/\/api.w.org\/{rel}","templated":true}]}}