{"id":1210,"date":"2022-12-02T12:37:58","date_gmt":"2022-12-02T10:37:58","guid":{"rendered":"http:\/\/naturalmentecaceres.com\/?p=1210"},"modified":"2022-12-02T12:42:10","modified_gmt":"2022-12-02T10:42:10","slug":"talleres-navidades-sostenibles-2022","status":"publish","type":"post","link":"http:\/\/naturalmentecaceres.com\/index.php\/archivos\/1210","title":{"rendered":"TALLERES NAVIDADES SOSTENIBLES 2022"},"content":{"rendered":"\n<p>El Ayuntamiento de C\u00e1ceres, a trav\u00e9s del programa de educaci\u00f3n ambiental \u201cNaturalmente C\u00e1ceres\u201d, ofrece una serie de actividades durante las vacaciones de Navidad, para sensibilizar a los m\u00e1s j\u00f3venes sobre una forma de vida m\u00e1s sostenible favoreciendo la biodiversidad urbana y la reutilizaci\u00f3n de los residuos.<\/p>\n\n\n\n<p>Destinado a: ni\u00f1os y ni\u00f1as de 5 a 11 a\u00f1os.<\/p>\n\n\n\n<p>N\u00ba de plazas: 20 en cada taller.<\/p>\n\n\n\n<p>Plazo de inscripci\u00f3n: del 5 al 23 de diciembre.<\/p>\n\n\n\n<p>Duraci\u00f3n: 27, 28, 29 de diciembre; 3, 4 y 5 de enero<\/p>\n\n\n\n<p>Horario: 11:30 a 13:30 horas.<\/p>\n\n\n\n<p>Lugar de realizaci\u00f3n: centro c\u00edvico \u201cRaimundo Medina\u201d (C\/Teide, s\/n)<\/p>\n\n\n\n<p>Los talleres son gratuitos, pero requieren reserva previa.&nbsp;<strong>La inscripci\u00f3n se har\u00e1 \u00fanicamente a trav\u00e9s del correo electr\u00f3nico&nbsp;<\/strong><a href=\"mailto:reservas@naturalmentecaceres.com\"><strong>reservas@naturalmentecaceres.com<\/strong><\/a><strong>&nbsp;entre las 9:00 horas del d\u00eda 5 de diciembre hasta las 13:00 horas del d\u00eda 23 de diciembre<\/strong>. Se aceptar\u00e1n reservas hasta completar el n\u00famero de plazas.<\/p>\n\n\n\n<p>Para poder participar y cerrar la reserva, ser\u00e1 necesario adjuntar la solicitud (disponible m\u00e1s abajo y en nuestra web&nbsp;<a href=\"http:\/\/www.naturalmentecaceres.com\/\" target=\"_blank\" rel=\"noreferrer noopener\">www.naturalmentecaceres.com<\/a>) en el email de inscripci\u00f3n&nbsp;<strong>debidamente cumplimentado y firmado.<\/strong> Tambi\u00e9n puedes descargarte las bases de participaci\u00f3n m\u00e1s abajo.<\/p>\n\n\n\n<p><strong>DICIEMBRE 2022<\/strong><\/p>\n\n\n\n<figure class=\"wp-block-table\"><table><tbody><tr><td>MARTES<\/td><td><em>MI\u00c9RCOLES<\/em><\/td><td><em>JUEVES<\/em><\/td><\/tr><tr><td><em>27<\/em><\/td><td><em>28<\/em><\/td><td><em>29<\/em><\/td><\/tr><tr><td><em>Taller \u201cAdornos navide\u00f1os\u201d<\/em><em><\/em><\/td><td><em>Taller \u201cM\u00e1scaras de animales silvestres\u201d<\/em><em><\/em><\/td><td><em>Taller \u201cAves forestales\u201d<\/em><em><\/em><\/td><\/tr><\/tbody><\/table><\/figure>\n\n\n\n<p><strong>ENERO 2023<\/strong><\/p>\n\n\n\n<figure class=\"wp-block-table\"><table><tbody><tr><td>MARTES<\/td><td><em>MI\u00c9RCOLES<\/em><\/td><td><em>JUEVES<\/em><\/td><\/tr><tr><td><em>3<\/em><\/td><td><em>4<\/em><\/td><td><em>5<\/em><\/td><\/tr><tr><td><em>Taller \u201cJuega reciclando\u201d<\/em><em><\/em><\/td><td><em>Taller \u201cEl lir\u00f3n dormil\u00f3n\u201d<\/em><em><\/em><\/td><td><em>Taller \u201cNo somos vampiros\u201d<\/em><em><\/em><\/td><\/tr><\/tbody><\/table><\/figure>\n\n\n\n<p><strong>Taller \u201cAdornos navide\u00f1os\u201d<\/strong>: qu\u00e9 mejor manera de comenzar la navidad que elaborando adornos con materiales reciclados para nuestros hogares. Los m\u00e1s peque\u00f1os podr\u00e1n elaborarlos para formar parte de una navidad sostenible.<\/p>\n\n\n\n<p><strong>Taller \u201cM\u00e1scaras de animales silvestres\u201d:<\/strong>&nbsp;\u00bfcu\u00e1les son las especies silvestres que habitan en C\u00e1ceres y sus alrededores? En este taller aprenderemos cu\u00e1les son las m\u00e1s comunes y elaboraremos sus m\u00e1scaras para convertirnos, a trav\u00e9s del juego y durante un rato, en ellas.<\/p>\n\n\n\n<p><strong>Taller \u201cAves urbanas\u201d:<\/strong>&nbsp;conoceremos las principales especies de aves urbanas de nuestra ciudad y construiremos comederos y bebederos para aves para ayudarlas a pasar el fr\u00edo invierno.<\/p>\n\n\n\n<p><strong>Taller<\/strong>&nbsp;<strong>\u201cJuega reciclando\u201d<\/strong>: qu\u00e9 mejor manera de aprender la regla de las tres erres con este fant\u00e1stico taller donde elaboraremos juguetes con materiales reciclados con el fin de ayudar al planeta.<\/p>\n\n\n\n<p><strong>Taller \u201cEl lir\u00f3n dormil\u00f3n\u201d:<\/strong>&nbsp;gracias a un cuenta-cuentos, juegos y la elaboraci\u00f3n de un disfraz, descubriremos c\u00f3mo es este peque\u00f1o roedor que habita en los alrededores de C\u00e1ceres y est\u00e1 en peligro de extinci\u00f3n.<\/p>\n\n\n\n<p><strong>Taller \u201cNo somos vampiros\u201d:<\/strong>&nbsp;en este taller, conoceremos la importancia de los murci\u00e9lagos para nuestro ecosistema, descubriremos qu\u00e9 comen y c\u00f3mo atrapan a sus presas, adem\u00e1s de elaborar cajas nidos para ellos.<\/p>\n\n\n\n<p><\/p>\n\n\n\n<div data-wp-interactive=\"core\/file\" class=\"wp-block-file\"><object data-wp-bind--hidden=\"!state.hasPdfPreview\" hidden class=\"wp-block-file__embed\" data=\"http:\/\/naturalmentecaceres.com\/wp-content\/uploads\/2022\/12\/Cartel-Campamentos-Navidad-Ca\u0301ceres-22.pdf\" type=\"application\/pdf\" style=\"width:100%;height:600px\" aria-label=\"Incrustado de Incrustado de Cartel-Campamentos-Navidad-Ca\u0301ceres-22..\"><\/object><a id=\"wp-block-file--media-108ee270-8353-4c02-8553-ca33d6415ca9\" href=\"http:\/\/naturalmentecaceres.com\/wp-content\/uploads\/2022\/12\/Cartel-Campamentos-Navidad-Ca\u0301ceres-22.pdf\">Cartel-Campamentos-Navidad-Ca\u0301ceres-22<\/a><a href=\"http:\/\/naturalmentecaceres.com\/wp-content\/uploads\/2022\/12\/Cartel-Campamentos-Navidad-Ca\u0301ceres-22.pdf\" class=\"wp-block-file__button\" download aria-describedby=\"wp-block-file--media-108ee270-8353-4c02-8553-ca33d6415ca9\">Descarga<\/a><\/div>\n\n\n\n<div data-wp-interactive=\"core\/file\" class=\"wp-block-file\"><object data-wp-bind--hidden=\"!state.hasPdfPreview\" hidden class=\"wp-block-file__embed\" data=\"http:\/\/naturalmentecaceres.com\/wp-content\/uploads\/2022\/12\/Autorizacion-talleres-navidades-sostenibles-2022.pdf\" type=\"application\/pdf\" style=\"width:100%;height:600px\" aria-label=\"Incrustado de Incrustado de Autorizacion-talleres-navidades-sostenibles-2022..\"><\/object><a id=\"wp-block-file--media-acac244e-edda-4de7-87ee-806c403ed6bd\" href=\"http:\/\/naturalmentecaceres.com\/wp-content\/uploads\/2022\/12\/Autorizacion-talleres-navidades-sostenibles-2022.pdf\">Autorizacion-talleres-navidades-sostenibles-2022<\/a><a href=\"http:\/\/naturalmentecaceres.com\/wp-content\/uploads\/2022\/12\/Autorizacion-talleres-navidades-sostenibles-2022.pdf\" class=\"wp-block-file__button\" download aria-describedby=\"wp-block-file--media-acac244e-edda-4de7-87ee-806c403ed6bd\">Descarga<\/a><\/div>\n\n\n\n<div data-wp-interactive=\"core\/file\" class=\"wp-block-file\"><object data-wp-bind--hidden=\"!state.hasPdfPreview\" hidden class=\"wp-block-file__embed\" data=\"http:\/\/naturalmentecaceres.com\/wp-content\/uploads\/2022\/12\/Bases-de-participacipacion-Talleres-Navidades-Sostenibles.pdf\" type=\"application\/pdf\" style=\"width:100%;height:600px\" aria-label=\"Incrustado de Incrustado de Bases-de-participacipacion-Talleres-Navidades-Sostenibles..\"><\/object><a id=\"wp-block-file--media-e081230a-9b73-4716-bad2-a381ef46f2b4\" href=\"http:\/\/naturalmentecaceres.com\/wp-content\/uploads\/2022\/12\/Bases-de-participacipacion-Talleres-Navidades-Sostenibles.pdf\">Bases-de-participacipacion-Talleres-Navidades-Sostenibles<\/a><a href=\"http:\/\/naturalmentecaceres.com\/wp-content\/uploads\/2022\/12\/Bases-de-participacipacion-Talleres-Navidades-Sostenibles.pdf\" class=\"wp-block-file__button\" download aria-describedby=\"wp-block-file--media-e081230a-9b73-4716-bad2-a381ef46f2b4\">Descarga<\/a><\/div>\n","protected":false},"excerpt":{"rendered":"<p>El Ayuntamiento de C\u00e1ceres, a trav\u00e9s del programa de educaci\u00f3n ambiental \u201cNaturalmente C\u00e1ceres\u201d, ofrece una serie de actividades durante las vacaciones de Navidad, para sensibilizar a los m\u00e1s j\u00f3venes sobre una forma de vida m\u00e1s sostenible favoreciendo la biodiversidad urbana y la reutilizaci\u00f3n de los residuos. Destinado a: ni\u00f1os y ni\u00f1as de 5 a 11 a\u00f1os. N\u00ba de plazas: 20 en cada taller. Plazo de inscripci\u00f3n: del 5 al 23 de diciembre. Duraci\u00f3n: 27, 28, 29 de diciembre; 3, 4&#8230;<\/p>\n<p class=\"read-more\"><a class=\"btn btn-default\" href=\"http:\/\/naturalmentecaceres.com\/index.php\/archivos\/1210\"> Leer m\u00e1s<span class=\"screen-reader-text\">  Leer m\u00e1s<\/span><\/a><\/p>\n","protected":false},"author":1,"featured_media":0,"comment_status":"open","ping_status":"open","sticky":false,"template":"","format":"standard","meta":{"footnotes":""},"categories":[1],"tags":[39,29,89,12,7,87],"class_list":["post-1210","post","type-post","status-publish","format-standard","hentry","category-uncategorized","tag-actividades-de-educacion-ambiental","tag-educacion-ambiental-caceres","tag-navidad-2022","tag-parques-y-jardines-de-caceres","tag-talher","tag-talleres-sostenibles"],"yoast_head":"<!-- This site is optimized with the Yoast SEO plugin v27.5 - https:\/\/yoast.com\/product\/yoast-seo-wordpress\/ -->\r\n<title>TALLERES NAVIDADES SOSTENIBLES 2022 - NATURALMENTE C\u00c1CERES<\/title>\r\n<meta name=\"robots\" content=\"index, follow, max-snippet:-1, max-image-preview:large, max-video-preview:-1\" \/>\r\n<link rel=\"canonical\" href=\"http:\/\/naturalmentecaceres.com\/index.php\/archivos\/1210\" \/>\r\n<meta property=\"og:locale\" content=\"es_ES\" \/>\r\n<meta property=\"og:type\" content=\"article\" \/>\r\n<meta property=\"og:title\" content=\"TALLERES NAVIDADES SOSTENIBLES 2022 - NATURALMENTE C\u00c1CERES\" \/>\r\n<meta property=\"og:description\" content=\"El Ayuntamiento de C\u00e1ceres, a trav\u00e9s del programa de educaci\u00f3n ambiental \u201cNaturalmente C\u00e1ceres\u201d, ofrece una serie de actividades durante las vacaciones de Navidad, para sensibilizar a los m\u00e1s j\u00f3venes sobre una forma de vida m\u00e1s sostenible favoreciendo la biodiversidad urbana y la reutilizaci\u00f3n de los residuos. Destinado a: ni\u00f1os y ni\u00f1as de 5 a 11 a\u00f1os. N\u00ba de plazas: 20 en cada taller. Plazo de inscripci\u00f3n: del 5 al 23 de diciembre. Duraci\u00f3n: 27, 28, 29 de diciembre; 3, 4... Leer m\u00e1s Leer m\u00e1s\" \/>\r\n<meta property=\"og:url\" content=\"http:\/\/naturalmentecaceres.com\/index.php\/archivos\/1210\" \/>\r\n<meta property=\"og:site_name\" content=\"NATURALMENTE C\u00c1CERES\" \/>\r\n<meta property=\"article:published_time\" content=\"2022-12-02T10:37:58+00:00\" \/>\r\n<meta property=\"article:modified_time\" content=\"2022-12-02T10:42:10+00:00\" \/>\r\n<meta name=\"author\" content=\"Talher\" \/>\r\n<meta name=\"twitter:card\" content=\"summary_large_image\" \/>\r\n<meta name=\"twitter:creator\" content=\"@naturalmentecc\" \/>\r\n<meta name=\"twitter:site\" content=\"@naturalmentecc\" \/>\r\n<meta name=\"twitter:label1\" content=\"Escrito por\" \/>\n\t<meta name=\"twitter:data1\" content=\"Talher\" \/>\n\t<meta name=\"twitter:label2\" content=\"Tiempo de lectura\" \/>\n\t<meta name=\"twitter:data2\" content=\"2 minutos\" \/>\r\n<script type=\"application\/ld+json\" class=\"yoast-schema-graph\">{\"@context\":\"https:\\\/\\\/schema.org\",\"@graph\":[{\"@type\":\"Article\",\"@id\":\"http:\\\/\\\/naturalmentecaceres.com\\\/index.php\\\/archivos\\\/1210#article\",\"isPartOf\":{\"@id\":\"http:\\\/\\\/naturalmentecaceres.com\\\/index.php\\\/archivos\\\/1210\"},\"author\":{\"name\":\"Talher\",\"@id\":\"http:\\\/\\\/naturalmentecaceres.com\\\/#\\\/schema\\\/person\\\/14e51e6f1f5cc38d27627ad8a8c14340\"},\"headline\":\"TALLERES NAVIDADES SOSTENIBLES 2022\",\"datePublished\":\"2022-12-02T10:37:58+00:00\",\"dateModified\":\"2022-12-02T10:42:10+00:00\",\"mainEntityOfPage\":{\"@id\":\"http:\\\/\\\/naturalmentecaceres.com\\\/index.php\\\/archivos\\\/1210\"},\"wordCount\":474,\"commentCount\":0,\"publisher\":{\"@id\":\"http:\\\/\\\/naturalmentecaceres.com\\\/#organization\"},\"keywords\":[\"Actividades de educaci\u00f3n ambiental\",\"Educaci\u00f3n ambiental C\u00e1ceres\",\"navidad 2022\",\"Parques y jardines de C\u00e1ceres\",\"Talher\",\"talleres sostenibles\"],\"articleSection\":[\"Educaci\u00f3n ambiental\"],\"inLanguage\":\"es\",\"potentialAction\":[{\"@type\":\"CommentAction\",\"name\":\"Comment\",\"target\":[\"http:\\\/\\\/naturalmentecaceres.com\\\/index.php\\\/archivos\\\/1210#respond\"]}]},{\"@type\":\"WebPage\",\"@id\":\"http:\\\/\\\/naturalmentecaceres.com\\\/index.php\\\/archivos\\\/1210\",\"url\":\"http:\\\/\\\/naturalmentecaceres.com\\\/index.php\\\/archivos\\\/1210\",\"name\":\"TALLERES NAVIDADES SOSTENIBLES 2022 - NATURALMENTE C\u00c1CERES\",\"isPartOf\":{\"@id\":\"http:\\\/\\\/naturalmentecaceres.com\\\/#website\"},\"datePublished\":\"2022-12-02T10:37:58+00:00\",\"dateModified\":\"2022-12-02T10:42:10+00:00\",\"breadcrumb\":{\"@id\":\"http:\\\/\\\/naturalmentecaceres.com\\\/index.php\\\/archivos\\\/1210#breadcrumb\"},\"inLanguage\":\"es\",\"potentialAction\":[{\"@type\":\"ReadAction\",\"target\":[\"http:\\\/\\\/naturalmentecaceres.com\\\/index.php\\\/archivos\\\/1210\"]}]},{\"@type\":\"BreadcrumbList\",\"@id\":\"http:\\\/\\\/naturalmentecaceres.com\\\/index.php\\\/archivos\\\/1210#breadcrumb\",\"itemListElement\":[{\"@type\":\"ListItem\",\"position\":1,\"name\":\"Portada\",\"item\":\"http:\\\/\\\/naturalmentecaceres.com\\\/\"},{\"@type\":\"ListItem\",\"position\":2,\"name\":\"TALLERES NAVIDADES SOSTENIBLES 2022\"}]},{\"@type\":\"WebSite\",\"@id\":\"http:\\\/\\\/naturalmentecaceres.com\\\/#website\",\"url\":\"http:\\\/\\\/naturalmentecaceres.com\\\/\",\"name\":\"NATURALMENTE C\u00c1CERES\",\"description\":\"Web del proyecto de educaci\u00f3n ambiental gestionado por Talher en C\u00e1ceres\",\"publisher\":{\"@id\":\"http:\\\/\\\/naturalmentecaceres.com\\\/#organization\"},\"potentialAction\":[{\"@type\":\"SearchAction\",\"target\":{\"@type\":\"EntryPoint\",\"urlTemplate\":\"http:\\\/\\\/naturalmentecaceres.com\\\/?s={search_term_string}\"},\"query-input\":{\"@type\":\"PropertyValueSpecification\",\"valueRequired\":true,\"valueName\":\"search_term_string\"}}],\"inLanguage\":\"es\"},{\"@type\":\"Organization\",\"@id\":\"http:\\\/\\\/naturalmentecaceres.com\\\/#organization\",\"name\":\"NATURALMENTE C\u00c1CERES\",\"url\":\"http:\\\/\\\/naturalmentecaceres.com\\\/\",\"logo\":{\"@type\":\"ImageObject\",\"inLanguage\":\"es\",\"@id\":\"http:\\\/\\\/naturalmentecaceres.com\\\/#\\\/schema\\\/logo\\\/image\\\/\",\"url\":\"http:\\\/\\\/naturalmentecaceres.com\\\/wp-content\\\/uploads\\\/2023\\\/02\\\/naturalmente.jpg\",\"contentUrl\":\"http:\\\/\\\/naturalmentecaceres.com\\\/wp-content\\\/uploads\\\/2023\\\/02\\\/naturalmente.jpg\",\"width\":1300,\"height\":1237,\"caption\":\"NATURALMENTE C\u00c1CERES\"},\"image\":{\"@id\":\"http:\\\/\\\/naturalmentecaceres.com\\\/#\\\/schema\\\/logo\\\/image\\\/\"},\"sameAs\":[\"https:\\\/\\\/x.com\\\/naturalmentecc\",\"https:\\\/\\\/www.instagram.com\\\/naturalmentecaceres\\\/\"]},{\"@type\":\"Person\",\"@id\":\"http:\\\/\\\/naturalmentecaceres.com\\\/#\\\/schema\\\/person\\\/14e51e6f1f5cc38d27627ad8a8c14340\",\"name\":\"Talher\",\"image\":{\"@type\":\"ImageObject\",\"inLanguage\":\"es\",\"@id\":\"https:\\\/\\\/secure.gravatar.com\\\/avatar\\\/129d2825c3c915f0d6bae5b93b934c74574bbe9aa2bac86aea3884599040250e?s=96&d=mm&r=g\",\"url\":\"https:\\\/\\\/secure.gravatar.com\\\/avatar\\\/129d2825c3c915f0d6bae5b93b934c74574bbe9aa2bac86aea3884599040250e?s=96&d=mm&r=g\",\"contentUrl\":\"https:\\\/\\\/secure.gravatar.com\\\/avatar\\\/129d2825c3c915f0d6bae5b93b934c74574bbe9aa2bac86aea3884599040250e?s=96&d=mm&r=g\",\"caption\":\"Talher\"},\"url\":\"http:\\\/\\\/naturalmentecaceres.com\\\/index.php\\\/archivos\\\/author\\\/talher\"}]}<\/script>\r\n<!-- \/ Yoast SEO plugin. -->","yoast_head_json":{"title":"TALLERES NAVIDADES SOSTENIBLES 2022 - NATURALMENTE C\u00c1CERES","robots":{"index":"index","follow":"follow","max-snippet":"max-snippet:-1","max-image-preview":"max-image-preview:large","max-video-preview":"max-video-preview:-1"},"canonical":"http:\/\/naturalmentecaceres.com\/index.php\/archivos\/1210","og_locale":"es_ES","og_type":"article","og_title":"TALLERES NAVIDADES SOSTENIBLES 2022 - NATURALMENTE C\u00c1CERES","og_description":"El Ayuntamiento de C\u00e1ceres, a trav\u00e9s del programa de educaci\u00f3n ambiental \u201cNaturalmente C\u00e1ceres\u201d, ofrece una serie de actividades durante las vacaciones de Navidad, para sensibilizar a los m\u00e1s j\u00f3venes sobre una forma de vida m\u00e1s sostenible favoreciendo la biodiversidad urbana y la reutilizaci\u00f3n de los residuos. Destinado a: ni\u00f1os y ni\u00f1as de 5 a 11 a\u00f1os. N\u00ba de plazas: 20 en cada taller. Plazo de inscripci\u00f3n: del 5 al 23 de diciembre. Duraci\u00f3n: 27, 28, 29 de diciembre; 3, 4... Leer m\u00e1s Leer m\u00e1s","og_url":"http:\/\/naturalmentecaceres.com\/index.php\/archivos\/1210","og_site_name":"NATURALMENTE C\u00c1CERES","article_published_time":"2022-12-02T10:37:58+00:00","article_modified_time":"2022-12-02T10:42:10+00:00","author":"Talher","twitter_card":"summary_large_image","twitter_creator":"@naturalmentecc","twitter_site":"@naturalmentecc","twitter_misc":{"Escrito por":"Talher","Tiempo de lectura":"2 minutos"},"schema":{"@context":"https:\/\/schema.org","@graph":[{"@type":"Article","@id":"http:\/\/naturalmentecaceres.com\/index.php\/archivos\/1210#article","isPartOf":{"@id":"http:\/\/naturalmentecaceres.com\/index.php\/archivos\/1210"},"author":{"name":"Talher","@id":"http:\/\/naturalmentecaceres.com\/#\/schema\/person\/14e51e6f1f5cc38d27627ad8a8c14340"},"headline":"TALLERES NAVIDADES SOSTENIBLES 2022","datePublished":"2022-12-02T10:37:58+00:00","dateModified":"2022-12-02T10:42:10+00:00","mainEntityOfPage":{"@id":"http:\/\/naturalmentecaceres.com\/index.php\/archivos\/1210"},"wordCount":474,"commentCount":0,"publisher":{"@id":"http:\/\/naturalmentecaceres.com\/#organization"},"keywords":["Actividades de educaci\u00f3n ambiental","Educaci\u00f3n ambiental C\u00e1ceres","navidad 2022","Parques y jardines de C\u00e1ceres","Talher","talleres sostenibles"],"articleSection":["Educaci\u00f3n ambiental"],"inLanguage":"es","potentialAction":[{"@type":"CommentAction","name":"Comment","target":["http:\/\/naturalmentecaceres.com\/index.php\/archivos\/1210#respond"]}]},{"@type":"WebPage","@id":"http:\/\/naturalmentecaceres.com\/index.php\/archivos\/1210","url":"http:\/\/naturalmentecaceres.com\/index.php\/archivos\/1210","name":"TALLERES NAVIDADES SOSTENIBLES 2022 - NATURALMENTE C\u00c1CERES","isPartOf":{"@id":"http:\/\/naturalmentecaceres.com\/#website"},"datePublished":"2022-12-02T10:37:58+00:00","dateModified":"2022-12-02T10:42:10+00:00","breadcrumb":{"@id":"http:\/\/naturalmentecaceres.com\/index.php\/archivos\/1210#breadcrumb"},"inLanguage":"es","potentialAction":[{"@type":"ReadAction","target":["http:\/\/naturalmentecaceres.com\/index.php\/archivos\/1210"]}]},{"@type":"BreadcrumbList","@id":"http:\/\/naturalmentecaceres.com\/index.php\/archivos\/1210#breadcrumb","itemListElement":[{"@type":"ListItem","position":1,"name":"Portada","item":"http:\/\/naturalmentecaceres.com\/"},{"@type":"ListItem","position":2,"name":"TALLERES NAVIDADES SOSTENIBLES 2022"}]},{"@type":"WebSite","@id":"http:\/\/naturalmentecaceres.com\/#website","url":"http:\/\/naturalmentecaceres.com\/","name":"NATURALMENTE C\u00c1CERES","description":"Web del proyecto de educaci\u00f3n ambiental gestionado por Talher en C\u00e1ceres","publisher":{"@id":"http:\/\/naturalmentecaceres.com\/#organization"},"potentialAction":[{"@type":"SearchAction","target":{"@type":"EntryPoint","urlTemplate":"http:\/\/naturalmentecaceres.com\/?s={search_term_string}"},"query-input":{"@type":"PropertyValueSpecification","valueRequired":true,"valueName":"search_term_string"}}],"inLanguage":"es"},{"@type":"Organization","@id":"http:\/\/naturalmentecaceres.com\/#organization","name":"NATURALMENTE C\u00c1CERES","url":"http:\/\/naturalmentecaceres.com\/","logo":{"@type":"ImageObject","inLanguage":"es","@id":"http:\/\/naturalmentecaceres.com\/#\/schema\/logo\/image\/","url":"http:\/\/naturalmentecaceres.com\/wp-content\/uploads\/2023\/02\/naturalmente.jpg","contentUrl":"http:\/\/naturalmentecaceres.com\/wp-content\/uploads\/2023\/02\/naturalmente.jpg","width":1300,"height":1237,"caption":"NATURALMENTE C\u00c1CERES"},"image":{"@id":"http:\/\/naturalmentecaceres.com\/#\/schema\/logo\/image\/"},"sameAs":["https:\/\/x.com\/naturalmentecc","https:\/\/www.instagram.com\/naturalmentecaceres\/"]},{"@type":"Person","@id":"http:\/\/naturalmentecaceres.com\/#\/schema\/person\/14e51e6f1f5cc38d27627ad8a8c14340","name":"Talher","image":{"@type":"ImageObject","inLanguage":"es","@id":"https:\/\/secure.gravatar.com\/avatar\/129d2825c3c915f0d6bae5b93b934c74574bbe9aa2bac86aea3884599040250e?s=96&d=mm&r=g","url":"https:\/\/secure.gravatar.com\/avatar\/129d2825c3c915f0d6bae5b93b934c74574bbe9aa2bac86aea3884599040250e?s=96&d=mm&r=g","contentUrl":"https:\/\/secure.gravatar.com\/avatar\/129d2825c3c915f0d6bae5b93b934c74574bbe9aa2bac86aea3884599040250e?s=96&d=mm&r=g","caption":"Talher"},"url":"http:\/\/naturalmentecaceres.com\/index.php\/archivos\/author\/talher"}]}},"_links":{"self":[{"href":"http:\/\/naturalmentecaceres.com\/index.php\/wp-json\/wp\/v2\/posts\/1210","targetHints":{"allow":["GET"]}}],"collection":[{"href":"http:\/\/naturalmentecaceres.com\/index.php\/wp-json\/wp\/v2\/posts"}],"about":[{"href":"http:\/\/naturalmentecaceres.com\/index.php\/wp-json\/wp\/v2\/types\/post"}],"author":[{"embeddable":true,"href":"http:\/\/naturalmentecaceres.com\/index.php\/wp-json\/wp\/v2\/users\/1"}],"replies":[{"embeddable":true,"href":"http:\/\/naturalmentecaceres.com\/index.php\/wp-json\/wp\/v2\/comments?post=1210"}],"version-history":[{"count":2,"href":"http:\/\/naturalmentecaceres.com\/index.php\/wp-json\/wp\/v2\/posts\/1210\/revisions"}],"predecessor-version":[{"id":1217,"href":"http:\/\/naturalmentecaceres.com\/index.php\/wp-json\/wp\/v2\/posts\/1210\/revisions\/1217"}],"wp:attachment":[{"href":"http:\/\/naturalmentecaceres.com\/index.php\/wp-json\/wp\/v2\/media?parent=1210"}],"wp:term":[{"taxonomy":"category","embeddable":true,"href":"http:\/\/naturalmentecaceres.com\/index.php\/wp-json\/wp\/v2\/categories?post=1210"},{"taxonomy":"post_tag","embeddable":true,"href":"http:\/\/naturalmentecaceres.com\/index.php\/wp-json\/wp\/v2\/tags?post=1210"}],"curies":[{"name":"wp","href":"https:\/\/api.w.org\/{rel}","templated":true}]}}